{"id":287705,"date":"2017-03-01T09:46:06","date_gmt":"2017-03-01T13:46:06","guid":{"rendered":"http:\/\/primermomento.com\/?p=287705"},"modified":"2017-03-01T09:46:06","modified_gmt":"2017-03-01T13:46:06","slug":"bani-arrestan-a-un-individuo-por-herir-a-punaladas-a-su-hermano","status":"publish","type":"post","link":"https:\/\/primermomento.com\/?p=287705","title":{"rendered":"BAN\u00cd | Arrestan a un individuo por herir a pu\u00f1aladas a su hermano"},"content":{"rendered":"<p><img loading=\"lazy\" decoding=\"async\" class=\"size-medium wp-image-287706 alignleft\" src=\"http:\/\/primermomento.com\/wp-content\/uploads\/2017\/03\/esposas-300x200.png\" alt=\"\" width=\"300\" height=\"200\" srcset=\"https:\/\/primermomento.com\/wp-content\/uploads\/2017\/03\/esposas-300x200.png 300w, https:\/\/primermomento.com\/wp-content\/uploads\/2017\/03\/esposas-73x50.png 73w, https:\/\/primermomento.com\/wp-content\/uploads\/2017\/03\/esposas-280x187.png 280w, https:\/\/primermomento.com\/wp-content\/uploads\/2017\/03\/esposas-60x40.png 60w, https:\/\/primermomento.com\/wp-content\/uploads\/2017\/03\/esposas-118x79.png 118w, https:\/\/primermomento.com\/wp-content\/uploads\/2017\/03\/esposas.png 378w\" sizes=\"auto, (max-width: 300px) 100vw, 300px\" \/>BAN\u00cd, Rep\u00fablica Dominicana.- La Polic\u00eda anunci\u00f3 la detenci\u00f3n de \u00c1valo Rafael Hern\u00e1ndez Garc\u00eda, de 25 a\u00f1os, residente en la calle Los Lara del Distrito Municipal de Santana.<\/p>\n<p>Se le acusa de haber agredido con un arma blanca a su hermano Manolo A. Peguero Garc\u00eda, de 39 a\u00f1os, ocasion\u00e1ndole herida por arma blanca en regi\u00f3n frontal-temporal y herida en antebrazo derecho, por diferencias personales.<\/p>\n<p style=\"text-align: right;\"><span style=\"color: #ff0000;\">Primer<\/span>Momento<\/p>\n","protected":false},"excerpt":{"rendered":"<p>BAN\u00cd, Rep\u00fablica Dominicana.- La Polic\u00eda anunci\u00f3 la detenci\u00f3n de \u00c1valo Rafael Hern\u00e1ndez Garc\u00eda, de 25 a\u00f1os, residente en la calle Los Lara del Distrito Municipal de Santana. Se le acusa de haber agredido con un arma blanca a su hermano Manolo A. Peguero Garc\u00eda, de 39 a\u00f1os, ocasion\u00e1ndole herida por arma blanca en regi\u00f3n frontal-temporal [&hellip;]<\/p>\n","protected":false},"author":1,"featured_media":0,"comment_status":"open","ping_status":"open","sticky":false,"template":"","format":"standard","meta":{"_bbp_topic_count":0,"_bbp_reply_count":0,"_bbp_total_topic_count":0,"_bbp_total_reply_count":0,"_bbp_voice_count":0,"_bbp_anonymous_reply_count":0,"_bbp_topic_count_hidden":0,"_bbp_reply_count_hidden":0,"_bbp_forum_subforum_count":0,"footnotes":""},"categories":[60,32],"tags":[],"class_list":{"0":"post-287705","1":"post","2":"type-post","3":"status-publish","4":"format-standard","6":"category-titulares-del-dia","7":"category-lo-ultimo"},"_links":{"self":[{"href":"https:\/\/primermomento.com\/index.php?rest_route=\/wp\/v2\/posts\/287705","targetHints":{"allow":["GET"]}}],"collection":[{"href":"https:\/\/primermomento.com\/index.php?rest_route=\/wp\/v2\/posts"}],"about":[{"href":"https:\/\/primermomento.com\/index.php?rest_route=\/wp\/v2\/types\/post"}],"author":[{"embeddable":true,"href":"https:\/\/primermomento.com\/index.php?rest_route=\/wp\/v2\/users\/1"}],"replies":[{"embeddable":true,"href":"https:\/\/primermomento.com\/index.php?rest_route=%2Fwp%2Fv2%2Fcomments&post=287705"}],"version-history":[{"count":0,"href":"https:\/\/primermomento.com\/index.php?rest_route=\/wp\/v2\/posts\/287705\/revisions"}],"wp:attachment":[{"href":"https:\/\/primermomento.com\/index.php?rest_route=%2Fwp%2Fv2%2Fmedia&parent=287705"}],"wp:term":[{"taxonomy":"category","embeddable":true,"href":"https:\/\/primermomento.com\/index.php?rest_route=%2Fwp%2Fv2%2Fcategories&post=287705"},{"taxonomy":"post_tag","embeddable":true,"href":"https:\/\/primermomento.com\/index.php?rest_route=%2Fwp%2Fv2%2Ftags&post=287705"}],"curies":[{"name":"wp","href":"https:\/\/api.w.org\/{rel}","templated":true}]}}