{"id":287723,"date":"2017-03-01T08:00:32","date_gmt":"2017-03-01T12:00:32","guid":{"rendered":"http:\/\/primermomento.com\/?p=287723"},"modified":"2017-03-01T10:14:15","modified_gmt":"2017-03-01T14:14:15","slug":"presidente-donald-trump-afirma-reforma-inmigratoria-es-posible","status":"publish","type":"post","link":"https:\/\/primermomento.com\/?p=287723","title":{"rendered":"Presidente Donald Trump afirma reforma inmigratoria es posible"},"content":{"rendered":"<p>WASHINGTON, Distrito de Columbia.- El presidente Donald Trump pronunci\u00f3 su primer discurso ante el Congreso, el martes, en el que deline\u00f3 una amplia visi\u00f3n y prevaleci\u00f3 el tono positivo y esperanzador que estuvo ausente en pasadas ocasiones, mencionando adem\u00e1s la posibilidad de una reforma inmigratoria.<\/p>\n<figure id=\"attachment_287724\" aria-describedby=\"caption-attachment-287724\" style=\"width: 300px\" class=\"wp-caption alignleft\"><img loading=\"lazy\" decoding=\"async\" class=\"size-medium wp-image-287724\" src=\"http:\/\/primermomento.com\/wp-content\/uploads\/2017\/03\/trump-en-el-congreso1-300x169.jpg\" alt=\"\" width=\"300\" height=\"169\" srcset=\"https:\/\/primermomento.com\/wp-content\/uploads\/2017\/03\/trump-en-el-congreso1-300x169.jpg 300w, https:\/\/primermomento.com\/wp-content\/uploads\/2017\/03\/trump-en-el-congreso1-768x432.jpg 768w, https:\/\/primermomento.com\/wp-content\/uploads\/2017\/03\/trump-en-el-congreso1-478x270.jpg 478w, https:\/\/primermomento.com\/wp-content\/uploads\/2017\/03\/trump-en-el-congreso1-500x281.jpg 500w, https:\/\/primermomento.com\/wp-content\/uploads\/2017\/03\/trump-en-el-congreso1-280x157.jpg 280w, https:\/\/primermomento.com\/wp-content\/uploads\/2017\/03\/trump-en-el-congreso1-638x359.jpg 638w, https:\/\/primermomento.com\/wp-content\/uploads\/2017\/03\/trump-en-el-congreso1-118x66.jpg 118w, https:\/\/primermomento.com\/wp-content\/uploads\/2017\/03\/trump-en-el-congreso1-479x269.jpg 479w, https:\/\/primermomento.com\/wp-content\/uploads\/2017\/03\/trump-en-el-congreso1.jpg 1023w\" sizes=\"auto, (max-width: 300px) 100vw, 300px\" \/><figcaption id=\"caption-attachment-287724\" class=\"wp-caption-text\">El presidente Donald Trump habla ante una sesi\u00f3n conjunta de ambas c\u00e1maras del Congreso.<\/figcaption><\/figure>\n<p>El presidente comenz\u00f3 describiendo su discurso como \u201cun mensaje de unidad y fuerza profundamente sacado desde el coraz\u00f3n\u201d y anunci\u00f3 que \u201cun cap\u00edtulo de grandeza est\u00e1 comenzando, la renovaci\u00f3n de nuestro esp\u00edritu estadounidense\u201d.<\/p>\n<p>\u201cLos tiempos de pensar en peque\u00f1o ya han pasado, los tiempos para las luchas triviales han quedado atr\u00e1s, solo necesitamos la valent\u00eda de compartir los sue\u00f1os que llenan nuestros corazones, la bravura de expresar las esperanzas que sacuden nuestras almas, y la confianza que convierta esas esperanzas y sue\u00f1os en acciones\u201d, dijo el presidente.<\/p>\n<p>\u201cPor encima de todo, nosotros vamos a mantener nuestras promesas al pueblo estadounidense\u201d, subray\u00f3 ante legisladores de ambas c\u00e1maras del Congreso y de ambos partidos en un discurso que se extendi\u00f3 durante un poco menos de una hora.<\/p>\n<p>Mientras pronunciaba sus palabras los dem\u00f3cratas se mostraron respetuosos pero esc\u00e9pticos y permanecieron sentados mientras sus colegas republicanos se levantaban una y otra vez para aplaudir al presidente.<\/p>\n<p>Las reacciones encontradas fueron m\u00e1s visibles cuando el presidente hizo un llamado a ambos partidos \u201cpara revocar y reemplazar el Obamacare\u201d y cuando se refiri\u00f3 a su orden de crear VOICE, una oficina para ayudar a las v\u00edctimas de los \u201ccriminales extranjeros\u201d.<\/p>\n<p><strong>\u00bfReforma inmigratoria?<\/strong><\/p>\n<p>Si bien horas antes, se report\u00f3 que el presidente Trump estar\u00eda dispuesto a considerar un camino a la legalizaci\u00f3n para algunos inmigrantes indocumentados mediante una reforma migratoria negociada, durante su discurso se refiri\u00f3 mayormente a las acciones tomadas contra algunos de ellos.<\/p>\n<p>\u201cHemos respondido a los llamados de la gente para hacer cumplir las leyes de de inmigraci\u00f3n\u201d, dijo. \u201cTenemos que restaurar la integridad y el respeto a la ley en nuestras fronteras, por eso pronto comenzaremos un gran gran muro\u201d, apunt\u00f3. \u201cLos malos se est\u00e1n yendo en este momento\u201d.<\/p>\n<p>En un tono m\u00e1s positivo dijo que la \u201creforma migratoria es posible si el enfoque es en mejores trabajos, mejores salarios para los estadounidenses, se refuerza la seguridad nacional y el imperio de la ley\u201d.<\/p>\n<p>\u201cAl finalmente hacer cumplir nuestras leyes de inmigraci\u00f3n, vamos a elevar los salarios, ayudar a los desempleados, ahorrar miles de millones de d\u00f3lares y hacer que nuestras comunidades sean m\u00e1s seguras para todos\u201d, dijo.<\/p>\n<p><strong>La econom\u00eda<\/strong><\/p>\n<p>El presidente toc\u00f3 una variedad de temas, generalmente en un tono muy presidencial diferente al que hab\u00eda usado hasta ahora.<\/p>\n<p>Dijo que su equipo est\u00e1 trabajando en una \u201chist\u00f3rica reforma impositiva que va a reducir la tasa de impuestos a nuestras empresas para que puedan competir y crecer en cualquier parte y con cualquiera, adem\u00e1s de un \u201cmasivo alivio de impuestos para la clase media\u201d.<\/p>\n<p>Hizo un llamado a \u201cvolver a encender el motor de la econom\u00eda estadounidense\u201d e iniciar \u201cun programa de reconstrucci\u00f3n nacional\u201d.<\/p>\n<p>\u201cCreo mucho en el libre comercio, pero debe ser tambi\u00e9n comercio justo. Ya no vamos a permitir que se aprovechas de nuestro pa\u00eds y nuestras empresas. Voy a traer millones de empleos de regreso al pa\u00eds\u201d.<\/p>\n<p><strong>Islamistas radicales<\/strong><\/p>\n<p>Parte importante de sus palabras fueron las dedicadas a la seguridad nacional, remarcando que tiene la obligaci\u00f3n de defender al pa\u00eds del \u201cterrorismo islamista radical\u201d, la frase que uso deliberadamente durante la campa\u00f1a para defender su intenci\u00f3n de llamar las cosas por su nombre en lugar de ser pol\u00edticamente correcto.<\/p>\n<p>De igual manera se refiri\u00f3 a ISIS como \u00abesa red de salvajes\u201d que prometi\u00f3 \u201celiminar de la faz de la tierra\u201d con la ayuda de los aliados.<\/p>\n<p>Y honr\u00f3 a Carryn Owens, la viuda del Navy SEAL Ryan Owens, muerto en una operaci\u00f3n en Yemen, all\u00ed s\u00ed, fue ovacionado largamente por todos los presentes.<\/p>\n<p><strong>Llamado a la unidad<\/strong><\/p>\n<p>El presidente termin\u00f3 con un llamado a la unidad.<\/p>\n<p>\u201cSomos un pueblo, con un destino. Todos sangramos la misma sangre. Todos saludamos la misma bandera. Y todos somos creados por el mismo Dios\u201d, se\u00f1al\u00f3 emocionadamente.<\/p>\n<p>\u201cPido a todos los ciudadanos a abrazar esta &#8216;Renovaci\u00f3n del esp\u00edritu americano&#8217;\u201d, como titulo su discurso.<\/p>\n<p>\u201cEstoy pidiendo a todos los miembros del Congreso a unirse conmigo para so\u00f1ar en grande y de forma audaz y atrevida por nuestro pa\u00eds. Y les pido a todos los que ven esta noche a aprovechar el momento y creer en ustedes mismos\u2026Creer en su futuro y creer, una vez m\u00e1s en Estados Unidos\u201d, termin\u00f3.<\/p>\n<p>Minutos despu\u00e9s de terminar el discurso del presidente, el ex gobernador de Kentucky, el dem\u00f3crata Steve Beshear, fue el encargado de responder al discurso del presidente republicano.<\/p>\n<p style=\"text-align: right;\"><span style=\"color: #ff0000;\"><em>VOANEWS<\/em><\/span><\/p>\n","protected":false},"excerpt":{"rendered":"<p>WASHINGTON, Distrito de Columbia.- El presidente Donald Trump pronunci\u00f3 su primer discurso ante el Congreso, el martes, en el que deline\u00f3 una amplia visi\u00f3n y prevaleci\u00f3 el tono positivo y esperanzador que estuvo ausente en pasadas ocasiones, mencionando adem\u00e1s la posibilidad de una reforma inmigratoria. El presidente comenz\u00f3 describiendo su discurso como \u201cun mensaje de [&hellip;]<\/p>\n","protected":false},"author":1,"featured_media":0,"comment_status":"open","ping_status":"open","sticky":false,"template":"","format":"standard","meta":{"_bbp_topic_count":0,"_bbp_reply_count":0,"_bbp_total_topic_count":0,"_bbp_total_reply_count":0,"_bbp_voice_count":0,"_bbp_anonymous_reply_count":0,"_bbp_topic_count_hidden":0,"_bbp_reply_count_hidden":0,"_bbp_forum_subforum_count":0,"footnotes":""},"categories":[60,31],"tags":[],"class_list":{"0":"post-287723","1":"post","2":"type-post","3":"status-publish","4":"format-standard","6":"category-titulares-del-dia","7":"category-estados-unidos"},"_links":{"self":[{"href":"https:\/\/primermomento.com\/index.php?rest_route=\/wp\/v2\/posts\/287723","targetHints":{"allow":["GET"]}}],"collection":[{"href":"https:\/\/primermomento.com\/index.php?rest_route=\/wp\/v2\/posts"}],"about":[{"href":"https:\/\/primermomento.com\/index.php?rest_route=\/wp\/v2\/types\/post"}],"author":[{"embeddable":true,"href":"https:\/\/primermomento.com\/index.php?rest_route=\/wp\/v2\/users\/1"}],"replies":[{"embeddable":true,"href":"https:\/\/primermomento.com\/index.php?rest_route=%2Fwp%2Fv2%2Fcomments&post=287723"}],"version-history":[{"count":0,"href":"https:\/\/primermomento.com\/index.php?rest_route=\/wp\/v2\/posts\/287723\/revisions"}],"wp:attachment":[{"href":"https:\/\/primermomento.com\/index.php?rest_route=%2Fwp%2Fv2%2Fmedia&parent=287723"}],"wp:term":[{"taxonomy":"category","embeddable":true,"href":"https:\/\/primermomento.com\/index.php?rest_route=%2Fwp%2Fv2%2Fcategories&post=287723"},{"taxonomy":"post_tag","embeddable":true,"href":"https:\/\/primermomento.com\/index.php?rest_route=%2Fwp%2Fv2%2Ftags&post=287723"}],"curies":[{"name":"wp","href":"https:\/\/api.w.org\/{rel}","templated":true}]}}