{"id":287809,"date":"2017-03-02T19:49:33","date_gmt":"2017-03-02T23:49:33","guid":{"rendered":"http:\/\/primermomento.com\/?p=287809"},"modified":"2017-03-02T19:50:35","modified_gmt":"2017-03-02T23:50:35","slug":"bani-celebraran-253-aniversario-del-municipio-en-cerro-emblematico","status":"publish","type":"post","link":"https:\/\/primermomento.com\/?p=287809","title":{"rendered":"BAN\u00cd | Celebrar\u00e1n 253 aniversario del municipio en su cerro emblem\u00e1tico"},"content":{"rendered":"<p>BAN\u00cd, Rep\u00fablica Dominicana.- El Consejo Provincial Peravia de la Junta Agro-empresarial Dominicana, en coordinaci\u00f3n con el Cl\u00faster Tur\u00edstico y Productivo de Ban\u00ed, se apresta a celebrar el 253 aniversario de la fundaci\u00f3n de Ban\u00ed, reforestando el emblem\u00e1tico cerro \u00abCucurucho de Peravia\u00bb, patrimonio natural, del pueblo banilejo.<\/p>\n<p><img loading=\"lazy\" decoding=\"async\" class=\"size-medium wp-image-287810 alignleft\" src=\"http:\/\/primermomento.com\/wp-content\/uploads\/2017\/03\/Cipreturs-300x300.jpg\" alt=\"\" width=\"300\" height=\"300\" srcset=\"https:\/\/primermomento.com\/wp-content\/uploads\/2017\/03\/Cipreturs-300x300.jpg 300w, https:\/\/primermomento.com\/wp-content\/uploads\/2017\/03\/Cipreturs-150x150.jpg 150w, https:\/\/primermomento.com\/wp-content\/uploads\/2017\/03\/Cipreturs-50x50.jpg 50w, https:\/\/primermomento.com\/wp-content\/uploads\/2017\/03\/Cipreturs-500x500.jpg 500w, https:\/\/primermomento.com\/wp-content\/uploads\/2017\/03\/Cipreturs-220x220.jpg 220w, https:\/\/primermomento.com\/wp-content\/uploads\/2017\/03\/Cipreturs-638x638.jpg 638w, https:\/\/primermomento.com\/wp-content\/uploads\/2017\/03\/Cipreturs-118x118.jpg 118w, https:\/\/primermomento.com\/wp-content\/uploads\/2017\/03\/Cipreturs-479x479.jpg 479w, https:\/\/primermomento.com\/wp-content\/uploads\/2017\/03\/Cipreturs-30x30.jpg 30w, https:\/\/primermomento.com\/wp-content\/uploads\/2017\/03\/Cipreturs.jpg 760w\" sizes=\"auto, (max-width: 300px) 100vw, 300px\" \/>La jornada ser\u00e1 realizada el d\u00eda 4 de marzo, en el marco de las actividades festivas, contando con la presencia de las autoridades del municipio y la provincia, miembros de entidades profesionales, sociales y comunitarias, as\u00ed como tambi\u00e9n de personalidades interesadas en la preservaci\u00f3n de nuestros recursos naturales.<\/p>\n<p>\u00abBan\u00ed en sus 253 aniversario reforestando El Cucurucho de Peravia\u00bb,se constituye en el m\u00e1s elevado homenaje a los fundadores de la villa Nuestra Se\u00f1ora de Regla de Ban\u00ed, y un acto de amor por la tierra madre, por la cultura y los valores que definen nuestra identidad.<\/p>\n<p>El Consejo Provincial Peravia de la Junta Agroempresarial Dominicana y el Cl\u00faster Tur\u00edstico de Ban\u00ed, se proponen sembrar 253 \u00e1rboles end\u00e9micos de la zona. El punto de encuentro es a las 10:00 a.m., en el boh\u00edo que da entrada al cerro. Recordamos que el pasado a\u00f1o el Cucurucho de Peravia fue declarado \u00abMonumento Natural\u00bb por el Ministerio de Medio Ambiente, disponiendo la creaci\u00f3n de un comit\u00e9 para su cuidado y vigilancia. La misma disposici\u00f3n le designa con el nombre de don Rafael Herrera Cabral, un \u00edcono del periodismo nacional y banilejo ejemplar. De ah\u00ed el compromiso de preservar el emblem\u00e1tico patrimonio natural de nuestro pueblo.<\/p>\n<p>Las entidades que convocan a la jornada de reforestaci\u00f3n, agradecen la colaboraci\u00f3n de la Direcci\u00f3n provincial de Medio Ambiente, as\u00ed como tambi\u00e9n al ayuntamiento de Ban\u00ed y a todas las instituciones y autoridades que se han sumado para garantizar el \u00e9xito de una jornada que se constituye en un acto de amor por la tierra madre.<\/p>\n<p style=\"text-align: right;\"><span style=\"color: #ff0000;\">Departamento de Prensa y Relaciones P\u00fablicas<\/span><\/p>\n<p>&nbsp;<\/p>\n","protected":false},"excerpt":{"rendered":"<p>BAN\u00cd, Rep\u00fablica Dominicana.- El Consejo Provincial Peravia de la Junta Agro-empresarial Dominicana, en coordinaci\u00f3n con el Cl\u00faster Tur\u00edstico y Productivo de Ban\u00ed, se apresta a celebrar el 253 aniversario de la fundaci\u00f3n de Ban\u00ed, reforestando el emblem\u00e1tico cerro \u00abCucurucho de Peravia\u00bb, patrimonio natural, del pueblo banilejo. La jornada ser\u00e1 realizada el d\u00eda 4 de marzo, [&hellip;]<\/p>\n","protected":false},"author":1,"featured_media":0,"comment_status":"open","ping_status":"open","sticky":false,"template":"","format":"standard","meta":{"_bbp_topic_count":0,"_bbp_reply_count":0,"_bbp_total_topic_count":0,"_bbp_total_reply_count":0,"_bbp_voice_count":0,"_bbp_anonymous_reply_count":0,"_bbp_topic_count_hidden":0,"_bbp_reply_count_hidden":0,"_bbp_forum_subforum_count":0,"footnotes":""},"categories":[60,32],"tags":[],"class_list":{"0":"post-287809","1":"post","2":"type-post","3":"status-publish","4":"format-standard","6":"category-titulares-del-dia","7":"category-lo-ultimo"},"_links":{"self":[{"href":"https:\/\/primermomento.com\/index.php?rest_route=\/wp\/v2\/posts\/287809","targetHints":{"allow":["GET"]}}],"collection":[{"href":"https:\/\/primermomento.com\/index.php?rest_route=\/wp\/v2\/posts"}],"about":[{"href":"https:\/\/primermomento.com\/index.php?rest_route=\/wp\/v2\/types\/post"}],"author":[{"embeddable":true,"href":"https:\/\/primermomento.com\/index.php?rest_route=\/wp\/v2\/users\/1"}],"replies":[{"embeddable":true,"href":"https:\/\/primermomento.com\/index.php?rest_route=%2Fwp%2Fv2%2Fcomments&post=287809"}],"version-history":[{"count":0,"href":"https:\/\/primermomento.com\/index.php?rest_route=\/wp\/v2\/posts\/287809\/revisions"}],"wp:attachment":[{"href":"https:\/\/primermomento.com\/index.php?rest_route=%2Fwp%2Fv2%2Fmedia&parent=287809"}],"wp:term":[{"taxonomy":"category","embeddable":true,"href":"https:\/\/primermomento.com\/index.php?rest_route=%2Fwp%2Fv2%2Fcategories&post=287809"},{"taxonomy":"post_tag","embeddable":true,"href":"https:\/\/primermomento.com\/index.php?rest_route=%2Fwp%2Fv2%2Ftags&post=287809"}],"curies":[{"name":"wp","href":"https:\/\/api.w.org\/{rel}","templated":true}]}}