{"id":287859,"date":"2017-03-03T21:35:35","date_gmt":"2017-03-04T01:35:35","guid":{"rendered":"http:\/\/primermomento.com\/?p=287859"},"modified":"2017-03-03T21:53:50","modified_gmt":"2017-03-04T01:53:50","slug":"bani-evocan-253-aniversario-de-la-fundacion-del-municipio","status":"publish","type":"post","link":"https:\/\/primermomento.com\/?p=287859","title":{"rendered":"BAN\u00cd | Recuerdan 253 aniversario de la fundaci\u00f3n de este municipio"},"content":{"rendered":"<p>BAN\u00cd, Rep\u00fablica Dominicana.- Una vez m\u00e1s, las autoridades del municipio y de la provincia Peravia, recordaron el 253 aniversario de esta localidad y lo iniciaron con un T\u00e9deum en la catedral Nuestra Se\u00f1ora de Regla, la ma\u00f1ana de este viernes.<\/p>\n<figure id=\"attachment_287860\" aria-describedby=\"caption-attachment-287860\" style=\"width: 300px\" class=\"wp-caption alignleft\"><img loading=\"lazy\" decoding=\"async\" class=\"size-medium wp-image-287860\" src=\"http:\/\/primermomento.com\/wp-content\/uploads\/2017\/03\/acto-aniversario-bani1-300x200.jpg\" alt=\"\" width=\"300\" height=\"200\" srcset=\"https:\/\/primermomento.com\/wp-content\/uploads\/2017\/03\/acto-aniversario-bani1-300x200.jpg 300w, https:\/\/primermomento.com\/wp-content\/uploads\/2017\/03\/acto-aniversario-bani1-768x512.jpg 768w, https:\/\/primermomento.com\/wp-content\/uploads\/2017\/03\/acto-aniversario-bani1-1024x683.jpg 1024w, https:\/\/primermomento.com\/wp-content\/uploads\/2017\/03\/acto-aniversario-bani1-73x50.jpg 73w, https:\/\/primermomento.com\/wp-content\/uploads\/2017\/03\/acto-aniversario-bani1-500x333.jpg 500w, https:\/\/primermomento.com\/wp-content\/uploads\/2017\/03\/acto-aniversario-bani1-280x187.jpg 280w, https:\/\/primermomento.com\/wp-content\/uploads\/2017\/03\/acto-aniversario-bani1-60x40.jpg 60w, https:\/\/primermomento.com\/wp-content\/uploads\/2017\/03\/acto-aniversario-bani1-638x425.jpg 638w, https:\/\/primermomento.com\/wp-content\/uploads\/2017\/03\/acto-aniversario-bani1-118x79.jpg 118w, https:\/\/primermomento.com\/wp-content\/uploads\/2017\/03\/acto-aniversario-bani1-479x319.jpg 479w, https:\/\/primermomento.com\/wp-content\/uploads\/2017\/03\/acto-aniversario-bani1.jpg 2048w\" sizes=\"auto, (max-width: 300px) 100vw, 300px\" \/><figcaption id=\"caption-attachment-287860\" class=\"wp-caption-text\">En primera fila, las principales autoridades provinciales y municipales en el t\u00e9deum que ofici\u00f3 el obispo V\u00edctor Masalles Pere, en la catedral Nuestra Se\u00f1ora de Regla. Foto cr\u00e9dito | RRPP Gobernaci\u00f3n Peravia.<\/figcaption><\/figure>\n<p>Con un sol radiante y con la humedad sobre los 80, se llev\u00f3 a cabo tambi\u00e9n la tradicional ceremonia, frente a una tarja, al lado de la Di\u00f3cesis, donde est\u00e1n insertados los nombres de los fundadores de este territorio, de la regi\u00f3n sur.<\/p>\n<p>El obispo de la di\u00f3cesis Nuestra Se\u00f1ora de Regla, monse\u00f1or V\u00edctor Masalles Pere, ofici\u00f3 el servicio religioso al que asistieron autoridades provinciales y municipales.<\/p>\n<p>El obispo se refiri\u00f3 a la historia de los banilejos a quienes hizo un llamamiento al trabajo unido para avanzar hacia el progreso.<\/p>\n<p>El senador Wilton Guerrero, la gobernadora de la provincia Peravia, Nelly Melo de Guerrero, el alcalde del municipio, Nelson Camilo Landestoy, los diputados de este territorio, Julito Fulcar, y Mercedes Rodr\u00edguez, fueron las figuras pol\u00edticas que estuvieron presentes en el templo cat\u00f3lico y en el posterior evento al lado de la Di\u00f3cesis.<\/p>\n<figure id=\"attachment_287865\" aria-describedby=\"caption-attachment-287865\" style=\"width: 300px\" class=\"wp-caption alignright\"><img loading=\"lazy\" decoding=\"async\" class=\"size-medium wp-image-287865\" src=\"http:\/\/primermomento.com\/wp-content\/uploads\/2017\/03\/acto-aniversario-bani-300x200.jpg\" alt=\"\" width=\"300\" height=\"200\" srcset=\"https:\/\/primermomento.com\/wp-content\/uploads\/2017\/03\/acto-aniversario-bani-300x200.jpg 300w, https:\/\/primermomento.com\/wp-content\/uploads\/2017\/03\/acto-aniversario-bani-73x50.jpg 73w, https:\/\/primermomento.com\/wp-content\/uploads\/2017\/03\/acto-aniversario-bani-280x187.jpg 280w, https:\/\/primermomento.com\/wp-content\/uploads\/2017\/03\/acto-aniversario-bani-60x40.jpg 60w, https:\/\/primermomento.com\/wp-content\/uploads\/2017\/03\/acto-aniversario-bani-118x79.jpg 118w, https:\/\/primermomento.com\/wp-content\/uploads\/2017\/03\/acto-aniversario-bani-479x319.jpg 479w, https:\/\/primermomento.com\/wp-content\/uploads\/2017\/03\/acto-aniversario-bani.jpg 480w\" sizes=\"auto, (max-width: 300px) 100vw, 300px\" \/><figcaption id=\"caption-attachment-287865\" class=\"wp-caption-text\">Escenas de la ceremonia luego de la misa oficiada en la catedral Nuestra Se\u00f1ora de Regla. Foto cr\u00e9dito | RRPP Gobernaci\u00f3n Peravia.<\/figcaption><\/figure>\n<p>Igualmente, hicieron acto de presencia el presidente del Concejo Municipal, H\u00e9ctor Moscat, los exlegisladores Milciades Franjul y Liselot Arias.<\/p>\n<p>Los ediles Yomaira Pe\u00f1a, Jos\u00e9 Tejada, Ascanio Cruz Moya, Juan Germ\u00e1n, y Leonidas D\u00edaz Aristi, participaron en las celebraciones.<\/p>\n<p>El coronel Francisco L\u00f3pez represent\u00f3 al general Brown P\u00e9rez, jefe de la Direcci\u00f3n Regional Sur Central de la Polic\u00eda Nacional.<\/p>\n<p>Con el himno nacional, a cargo de la Banda de M\u00fasica Municipal, las palabras de apertura las tuvo el presidente del Concejo Municipal, H\u00e9ctor Moscat, y luego se depositaron ofrendas florales.<\/p>\n<p>Al licenciado S\u00f3crates Pe\u00f1a le correspondi\u00f3 la asignaci\u00f3n de pronunciar una conferencia sobre la historia de Ban\u00ed y sus problemas urbanos.<\/p>\n<p>Luego, Flady Cordero, quien trabaja para la Gobernaci\u00f3n de la provincia, intervino para dar las gracias a los asistentes.<\/p>\n<p>El cierre de la ceremonia estuvo marcada de nuevo con el himno nacional interpretada por m\u00fasicos nativos de este municipio de la provincia Peravia.<\/p>\n<p>PrimerMomento<\/p>\n","protected":false},"excerpt":{"rendered":"<p>BAN\u00cd, Rep\u00fablica Dominicana.- Una vez m\u00e1s, las autoridades del municipio y de la provincia Peravia, recordaron el 253 aniversario de esta localidad y lo iniciaron con un T\u00e9deum en la catedral Nuestra Se\u00f1ora de Regla, la ma\u00f1ana de este viernes. Con un sol radiante y con la humedad sobre los 80, se llev\u00f3 a cabo [&hellip;]<\/p>\n","protected":false},"author":1,"featured_media":0,"comment_status":"open","ping_status":"open","sticky":false,"template":"","format":"standard","meta":{"_bbp_topic_count":0,"_bbp_reply_count":0,"_bbp_total_topic_count":0,"_bbp_total_reply_count":0,"_bbp_voice_count":0,"_bbp_anonymous_reply_count":0,"_bbp_topic_count_hidden":0,"_bbp_reply_count_hidden":0,"_bbp_forum_subforum_count":0,"footnotes":""},"categories":[30,60],"tags":[],"class_list":{"0":"post-287859","1":"post","2":"type-post","3":"status-publish","4":"format-standard","6":"category-actualidad","7":"category-titulares-del-dia"},"_links":{"self":[{"href":"https:\/\/primermomento.com\/index.php?rest_route=\/wp\/v2\/posts\/287859","targetHints":{"allow":["GET"]}}],"collection":[{"href":"https:\/\/primermomento.com\/index.php?rest_route=\/wp\/v2\/posts"}],"about":[{"href":"https:\/\/primermomento.com\/index.php?rest_route=\/wp\/v2\/types\/post"}],"author":[{"embeddable":true,"href":"https:\/\/primermomento.com\/index.php?rest_route=\/wp\/v2\/users\/1"}],"replies":[{"embeddable":true,"href":"https:\/\/primermomento.com\/index.php?rest_route=%2Fwp%2Fv2%2Fcomments&post=287859"}],"version-history":[{"count":0,"href":"https:\/\/primermomento.com\/index.php?rest_route=\/wp\/v2\/posts\/287859\/revisions"}],"wp:attachment":[{"href":"https:\/\/primermomento.com\/index.php?rest_route=%2Fwp%2Fv2%2Fmedia&parent=287859"}],"wp:term":[{"taxonomy":"category","embeddable":true,"href":"https:\/\/primermomento.com\/index.php?rest_route=%2Fwp%2Fv2%2Fcategories&post=287859"},{"taxonomy":"post_tag","embeddable":true,"href":"https:\/\/primermomento.com\/index.php?rest_route=%2Fwp%2Fv2%2Ftags&post=287859"}],"curies":[{"name":"wp","href":"https:\/\/api.w.org\/{rel}","templated":true}]}}