{"id":289026,"date":"2017-04-10T11:47:44","date_gmt":"2017-04-10T15:47:44","guid":{"rendered":"http:\/\/primermomento.com\/?p=289026"},"modified":"2017-04-10T11:47:44","modified_gmt":"2017-04-10T15:47:44","slug":"neil-gorsuch-juramentado-en-la-corte-suprema","status":"publish","type":"post","link":"https:\/\/primermomento.com\/?p=289026","title":{"rendered":"Neil Gorsuch juramentado en la Corte Suprema"},"content":{"rendered":"<p>WASHINGTON, Distrito de Columbia.- Catorce meses despu\u00e9s de la muerte del magistrado Antonin Scalia, la Corte Suprema de Justicia de Estados Unidos volver\u00e1 a funcionar completa con nueve jueces a partir de este lunes, luego de que su nuevo miembro, Neil Gorsuch, tom\u00f3 juramento ante el presidente de ese cuerpo, John Roberts.<\/p>\n<figure id=\"attachment_289027\" aria-describedby=\"caption-attachment-289027\" style=\"width: 300px\" class=\"wp-caption alignleft\"><img loading=\"lazy\" decoding=\"async\" class=\"size-medium wp-image-289027\" src=\"http:\/\/primermomento.com\/wp-content\/uploads\/2017\/04\/Gorsuch-300x169.jpg\" alt=\"\" width=\"300\" height=\"169\" srcset=\"https:\/\/primermomento.com\/wp-content\/uploads\/2017\/04\/Gorsuch-300x169.jpg 300w, https:\/\/primermomento.com\/wp-content\/uploads\/2017\/04\/Gorsuch-768x432.jpg 768w, https:\/\/primermomento.com\/wp-content\/uploads\/2017\/04\/Gorsuch-478x270.jpg 478w, https:\/\/primermomento.com\/wp-content\/uploads\/2017\/04\/Gorsuch-500x281.jpg 500w, https:\/\/primermomento.com\/wp-content\/uploads\/2017\/04\/Gorsuch-280x157.jpg 280w, https:\/\/primermomento.com\/wp-content\/uploads\/2017\/04\/Gorsuch-638x359.jpg 638w, https:\/\/primermomento.com\/wp-content\/uploads\/2017\/04\/Gorsuch-118x66.jpg 118w, https:\/\/primermomento.com\/wp-content\/uploads\/2017\/04\/Gorsuch-479x269.jpg 479w, https:\/\/primermomento.com\/wp-content\/uploads\/2017\/04\/Gorsuch.jpg 1023w\" sizes=\"auto, (max-width: 300px) 100vw, 300px\" \/><figcaption id=\"caption-attachment-289027\" class=\"wp-caption-text\">El juez Neil Gorsuch asume funciones en la Corte Suprema de Justicia este lunes.<\/figcaption><\/figure>\n<p>Gorsuch ten\u00eda previsto tomar juramento en una segunda ceremonia a realizarse en la Rosaleda de la Casa Blanca en la que estar\u00e1n presentes el presidente Donald Trump y el vicepresidente, Mike Pence.<\/p>\n<p>Trump nomin\u00f3 a Gorsuch a fines de enero, y la semana pasada el Senado le dio su aprobaci\u00f3n tras un pol\u00e9mico proceso de confirmaci\u00f3n que solo se resolvi\u00f3 de forma partidista, con 54 votos republicanos a favor y 45 dem\u00f3cratas en contra.<\/p>\n<p>Todos los republicanos votaron a favor de Gorsuch y a ellos se les unieron tres senadores dem\u00f3cratas.<\/p>\n<p>Con la llegada del juez Gorsuch, de 49 a\u00f1os, la corte nuevamente contar\u00e1 con una mayor\u00eda conservadora de 5 contra 4.<\/p>\n<p>Los senadores dem\u00f3cratas intentaron usar un bloqueo procedimental conocido como \u201cfilibuster\u201d para detener la votaci\u00f3n de confirmaci\u00f3n, pero los republicanos respondieron cambiando las reglas del Senado en una maniobra conocida como la \u201copci\u00f3n nuclear\u201d, por la cual, de ahora en adelante, solo se requerir\u00e1 la mayor\u00eda simple para aprobar a los nominados a la Corte.<\/p>\n<p>Muchos dem\u00f3cratas criticaron el proceso para llenar la vacante dejada por el juez Scalia. El expresidente Barack Obama trat\u00f3 el a\u00f1o pasado de nombrar al juez Merrick Garland para sustituirle, pero los republicanos se rehusaron a considerarlo y en muchos casos, a recibirlo, argumentando que Obama estaba de salida y que el nombramiento deber\u00eda corresponder al ganador de las elecciones presidenciales de noviembre.<\/p>\n<p style=\"text-align: right;\"><span style=\"color: #ff0000;\"><em>VOANEWS<\/em><\/span><\/p>\n<p>&nbsp;<\/p>\n<p>&nbsp;<\/p>\n","protected":false},"excerpt":{"rendered":"<p>WASHINGTON, Distrito de Columbia.- Catorce meses despu\u00e9s de la muerte del magistrado Antonin Scalia, la Corte Suprema de Justicia de Estados Unidos volver\u00e1 a funcionar completa con nueve jueces a partir de este lunes, luego de que su nuevo miembro, Neil Gorsuch, tom\u00f3 juramento ante el presidente de ese cuerpo, John Roberts. Gorsuch ten\u00eda previsto [&hellip;]<\/p>\n","protected":false},"author":1,"featured_media":0,"comment_status":"open","ping_status":"open","sticky":false,"template":"","format":"standard","meta":{"_bbp_topic_count":0,"_bbp_reply_count":0,"_bbp_total_topic_count":0,"_bbp_total_reply_count":0,"_bbp_voice_count":0,"_bbp_anonymous_reply_count":0,"_bbp_topic_count_hidden":0,"_bbp_reply_count_hidden":0,"_bbp_forum_subforum_count":0,"footnotes":""},"categories":[30,60],"tags":[],"class_list":{"0":"post-289026","1":"post","2":"type-post","3":"status-publish","4":"format-standard","6":"category-actualidad","7":"category-titulares-del-dia"},"_links":{"self":[{"href":"https:\/\/primermomento.com\/index.php?rest_route=\/wp\/v2\/posts\/289026","targetHints":{"allow":["GET"]}}],"collection":[{"href":"https:\/\/primermomento.com\/index.php?rest_route=\/wp\/v2\/posts"}],"about":[{"href":"https:\/\/primermomento.com\/index.php?rest_route=\/wp\/v2\/types\/post"}],"author":[{"embeddable":true,"href":"https:\/\/primermomento.com\/index.php?rest_route=\/wp\/v2\/users\/1"}],"replies":[{"embeddable":true,"href":"https:\/\/primermomento.com\/index.php?rest_route=%2Fwp%2Fv2%2Fcomments&post=289026"}],"version-history":[{"count":0,"href":"https:\/\/primermomento.com\/index.php?rest_route=\/wp\/v2\/posts\/289026\/revisions"}],"wp:attachment":[{"href":"https:\/\/primermomento.com\/index.php?rest_route=%2Fwp%2Fv2%2Fmedia&parent=289026"}],"wp:term":[{"taxonomy":"category","embeddable":true,"href":"https:\/\/primermomento.com\/index.php?rest_route=%2Fwp%2Fv2%2Fcategories&post=289026"},{"taxonomy":"post_tag","embeddable":true,"href":"https:\/\/primermomento.com\/index.php?rest_route=%2Fwp%2Fv2%2Ftags&post=289026"}],"curies":[{"name":"wp","href":"https:\/\/api.w.org\/{rel}","templated":true}]}}