{"id":289675,"date":"2017-05-03T07:22:34","date_gmt":"2017-05-03T11:22:34","guid":{"rendered":"http:\/\/primermomento.com\/?p=289675"},"modified":"2017-05-03T20:23:45","modified_gmt":"2017-05-04T00:23:45","slug":"antonio-gramsci-un-clasico","status":"publish","type":"post","link":"https:\/\/primermomento.com\/?p=289675","title":{"rendered":"Antonio Gramsci: un cl\u00e1sico"},"content":{"rendered":"<p>El pasado 27 de abril se cumplieron 80 a\u00f1os del fallecimiento de Antonio Gramsci, un mes despu\u00e9s de haber salido de la c\u00e1rcel de la dictadura fascista en Italia, en un estado de completo deterioro de su salud.Gramsci fue el m\u00e1s destacado intelectual y dirigente pol\u00edtico socialista del siglo XX. A \u00e9l se debe el reconocimiento de que, en la sociedad moderna, lapol\u00edticafue y sigue siendo la dimensi\u00f3n necesaria para la lucha social, quesolamente en la esfera de esta pr\u00e1ctica se puede construir una voluntad colectiva y efectiva, capaz de crear un modelo de sociedad alternativo al que se quiera cambiar.<\/p>\n<p><img loading=\"lazy\" decoding=\"async\" class=\"size-medium wp-image-280305 alignleft\" src=\"http:\/\/primermomento.com\/wp-content\/uploads\/2016\/08\/Cesar-Perez-300x200.jpg\" alt=\"\" width=\"300\" height=\"200\" \/>Fue el te\u00f3rico marxista que con mayor lucidez entendi\u00f3 que un proceso de transformaciones profundas en una sociedad implica un necesario proceso de movilizaci\u00f3n popular permanente, autotransformador deuna pluralidad de actores que en el participan, paracrear las bases para una profunda reforma moral e intelectual del nuevo orden social por el cual se lucha. La lucidez de Gramsci, su brillante conjugaci\u00f3n de teor\u00eda y pr\u00e1ctica, su influencia en el movimiento obrero italiano, hizo de \u00e9l la figura m\u00e1s peligrosa para el fascismo, como expresara el fiscal que lo envi\u00f3 a la c\u00e1rcel: \u201cdebemos detener ese cerebro por al menos veinte a\u00f1os\u201d.<\/p>\n<p>Gramsci constituye una referencia obligada para los estudiosos serios de las ciencias sociales.<\/p>\n<p>Pero, en la c\u00e1rcel ese cerebro sigui\u00f3 funcionando, all\u00ed produjosu \u201cCuadernos de la Carcel\u201d, sus notas, borradores y ensayossobre la realidad italiana, desde una perspectiva marxista, aport\u00e1ndole a esa corriente el elemento del que siempre careci\u00f3: una perspectiva de an\u00e1lisis pol\u00edtico, que adem\u00e1s del econ\u00f3mico evidenciara la complejidad de la sociedad y el papel de la cultura en de las relaciones entre el poder y los grupos y clases sociales. Esa perspectiva lo condujo a su concepci\u00f3n de hegemon\u00eda. Para \u00e9l, un grupo dominante no basa su poder solamente en el monopolio de la fuerza, coerci\u00f3n, o control de las instituciones pol\u00edticas, sino tambi\u00e9n mediante la obtenci\u00f3n del consenso o apoyo de la poblaci\u00f3n.<\/p>\n<p>Eso significa, que el \u00e9xito de la lucha por la construcci\u00f3n de una reforma moral, ideal, pol\u00edtica e intelectual de un determinado orden pol\u00edtico\/socialpasa por la conquista de la hegemon\u00eda de los sectores dominados en todos los escenarios, que el contrapoder o contrapeso a un poder centralizado no es otra cosa que la construcci\u00f3n colectiva, esencialmente democr\u00e1tica,de esa hegemon\u00eda, la cual nodescansa en la sola voluntad del l\u00edder, sino en el pueblo, en la sociedad. Eso nos remite al tema de la democracia como terreno fundamental para la lucha pol\u00edtica y para ejercicio del poder. Esas reflexiones,Gramsci la desarrolla a partir del an\u00e1lisis de la sociedad italiana en particular y de la historia,pero en la perspectiva general b\u00fasqueda de una respuesta te\u00f3rica y pr\u00e1ctica efectiva a los fracasos de diversos intentos revolucionarios en la Europa iniciodelsiglo XX.<\/p>\n<p>Gramsci comienza a ser ampliamente conocido en Italia, en los a\u00f1os 70; el Partico Comunista Italiano, PCI,centr\u00f3 su estrategia pol\u00edtica en el pensamiento gramsciano, desarrollando como ning\u00fan otro la idea de la democracia como escenario fundamentalpara desarrollar lo que se entend\u00eda la v\u00eda italiana hacia al socialismo, como respuesta a la crisis de los modelos socialistas sovi\u00e9ticos europeos. A ra\u00edz del golpe militar en Chile, Enrico Berlinguer, secretario general del PCI, plante\u00f3 el llamado Compromiso Hist\u00f3rico como alternativa democr\u00e1ticaplaneando la alianza entre el partido en el poder, la Democracia Cristiana y el PCI, considerando que las bases de ambos partidos eran populares.<\/p>\n<p>Era el periodo del auge del llamado eurocomunismo y en que las clases trabajadores europeas alcanzaron sus mayores conquistas sociales. De ese modo Gramsci comienza a ser conocido en Europa, traduci\u00e9ndose sus obras a idiomas como el ingl\u00e9s y el franc\u00e9s. A Am\u00e9rica Latina su pensamiento llega en los a\u00f1os 80,reconoci\u00e9ndose su condici\u00f3n de cl\u00e1sicocuya lectura, que trasciende tiempo y espacio, es referencia obligadapara la acci\u00f3n de los movimientos que actualmente luchancontra la corrupci\u00f3n y por la regeneraci\u00f3n pol\u00edtica y moral de sus sociedades.<\/p>\n<p>Adem\u00e1s de referencia para los actuales movimientos de protestas y en lucha contra las estructuras pol\u00edtico\/mafiosas de corrupci\u00f3n y contra las esclerotizadas estructuras pol\u00edticas de los partidos tradicionales (los grandes que han dirigido el Estado y muchos de los peque\u00f1os que se presentan como alternativos), Gramsci constituye una referencia obligada para los estudiosos serios de las ciencias sociales.<\/p>\n<p>Desaparecido f\u00edsicamente hace 80 a\u00f1os, con apenas 46 a\u00f1os, v\u00edctima de las deplorables condiciones carcelarias a que fue sometido por el fascismo, es, definitivamente, un cl\u00e1sico.<\/p>\n<p style=\"text-align: right;\"><span style=\"color: #ff0000;\">C\u00e9sar P\u00e9rez<\/span><br \/>\n<span style=\"color: #ff0000;\"><em>Soci\u00f3logo y profesor universitario<\/em><\/span><\/p>\n<p>&nbsp;<\/p>\n","protected":false},"excerpt":{"rendered":"<p>El pasado 27 de abril se cumplieron 80 a\u00f1os del fallecimiento de Antonio Gramsci, un mes despu\u00e9s de haber salido de la c\u00e1rcel de la dictadura fascista en Italia, en un estado de completo deterioro de su salud.Gramsci fue el m\u00e1s destacado intelectual y dirigente pol\u00edtico socialista del siglo XX. A \u00e9l se debe el [&hellip;]<\/p>\n","protected":false},"author":1,"featured_media":0,"comment_status":"open","ping_status":"open","sticky":false,"template":"","format":"standard","meta":{"_bbp_topic_count":0,"_bbp_reply_count":0,"_bbp_total_topic_count":0,"_bbp_total_reply_count":0,"_bbp_voice_count":0,"_bbp_anonymous_reply_count":0,"_bbp_topic_count_hidden":0,"_bbp_reply_count_hidden":0,"_bbp_forum_subforum_count":0,"footnotes":""},"categories":[33],"tags":[],"class_list":{"0":"post-289675","1":"post","2":"type-post","3":"status-publish","4":"format-standard","6":"category-opinion"},"_links":{"self":[{"href":"https:\/\/primermomento.com\/index.php?rest_route=\/wp\/v2\/posts\/289675","targetHints":{"allow":["GET"]}}],"collection":[{"href":"https:\/\/primermomento.com\/index.php?rest_route=\/wp\/v2\/posts"}],"about":[{"href":"https:\/\/primermomento.com\/index.php?rest_route=\/wp\/v2\/types\/post"}],"author":[{"embeddable":true,"href":"https:\/\/primermomento.com\/index.php?rest_route=\/wp\/v2\/users\/1"}],"replies":[{"embeddable":true,"href":"https:\/\/primermomento.com\/index.php?rest_route=%2Fwp%2Fv2%2Fcomments&post=289675"}],"version-history":[{"count":0,"href":"https:\/\/primermomento.com\/index.php?rest_route=\/wp\/v2\/posts\/289675\/revisions"}],"wp:attachment":[{"href":"https:\/\/primermomento.com\/index.php?rest_route=%2Fwp%2Fv2%2Fmedia&parent=289675"}],"wp:term":[{"taxonomy":"category","embeddable":true,"href":"https:\/\/primermomento.com\/index.php?rest_route=%2Fwp%2Fv2%2Fcategories&post=289675"},{"taxonomy":"post_tag","embeddable":true,"href":"https:\/\/primermomento.com\/index.php?rest_route=%2Fwp%2Fv2%2Ftags&post=289675"}],"curies":[{"name":"wp","href":"https:\/\/api.w.org\/{rel}","templated":true}]}}