{"id":289753,"date":"2017-05-05T21:44:16","date_gmt":"2017-05-06T01:44:16","guid":{"rendered":"http:\/\/primermomento.com\/?p=289753"},"modified":"2017-05-05T21:44:16","modified_gmt":"2017-05-06T01:44:16","slug":"denuncian-supuesto-atropello-a-activista-anticorrupcion","status":"publish","type":"post","link":"https:\/\/primermomento.com\/?p=289753","title":{"rendered":"Denuncian supuesto atropello a activista anticorrupci\u00f3n"},"content":{"rendered":"<div class=\"fullNewsIntrotext\">SANTO DOMINGO, Rep\u00fablica Dominicana.- El movimiento c\u00edvico Marcha Verde denunci\u00f3 hoy lo que considera un evidente plan del Gobierno dominicano para criminalizar las protestas pac\u00edficas contra la corrupci\u00f3n y la impunidad.<\/div>\n<p><img loading=\"lazy\" decoding=\"async\" class=\"size-medium wp-image-289754 alignleft\" src=\"http:\/\/primermomento.com\/wp-content\/uploads\/2017\/05\/Marcha-verde-300x200.jpg\" alt=\"\" width=\"300\" height=\"200\" srcset=\"https:\/\/primermomento.com\/wp-content\/uploads\/2017\/05\/Marcha-verde-300x200.jpg 300w, https:\/\/primermomento.com\/wp-content\/uploads\/2017\/05\/Marcha-verde-73x50.jpg 73w, https:\/\/primermomento.com\/wp-content\/uploads\/2017\/05\/Marcha-verde-500x333.jpg 500w, https:\/\/primermomento.com\/wp-content\/uploads\/2017\/05\/Marcha-verde-280x186.jpg 280w, https:\/\/primermomento.com\/wp-content\/uploads\/2017\/05\/Marcha-verde-60x40.jpg 60w, https:\/\/primermomento.com\/wp-content\/uploads\/2017\/05\/Marcha-verde-638x425.jpg 638w, https:\/\/primermomento.com\/wp-content\/uploads\/2017\/05\/Marcha-verde-118x79.jpg 118w, https:\/\/primermomento.com\/wp-content\/uploads\/2017\/05\/Marcha-verde-479x319.jpg 479w, https:\/\/primermomento.com\/wp-content\/uploads\/2017\/05\/Marcha-verde.jpg 748w\" sizes=\"auto, (max-width: 300px) 100vw, 300px\" \/>Seg\u00fan enfatiz\u00f3 el colectivo a trav\u00e9s de un comunicado oficial, ello se evidencia a trav\u00e9s de acciones ilegales del Ministerio del Interior y de Polic\u00eda con detenciones policiales arbitrarias como el reciente caso de Los Peregrinos de Moca.<\/p>\n<div class=\"fullNewsFulltext\">El texto califica esas acciones como comportamientos antidemocr\u00e1ticos y represivos de la Direcci\u00f3n Nacional Inteligencia (DNI), del ministro del Interior, Amarante Baret, y de la Polic\u00eda Nacional.<\/p>\n<p>El comunicado exigi\u00f3 respeto al debido proceso y a los derechos fundamentales de Juan Compr\u00e9s y de cada uno de los hombres y mujeres que se manifiestan en todo el pa\u00eds en reclamo de sanciones contra la delincuencia pol\u00edtica vinculada al caso Odebrecht.<\/p>\n<p>Los ciudadanos y ciudadanas de coraz\u00f3n verde no nos detendremos con las nuevas persecuciones, ilegalidades y mentiras de un Gobierno que se muestra cada vez m\u00e1s cerca de la impunidad y m\u00e1s lejos de las manifestaciones c\u00edvicas protagonizadas por cientos de miles de personas sedientas de Justicia, enfatiz\u00f3 el colectivo.<\/p>\n<p>La Marcha Verde reafirm\u00f3 su compromiso con la manifestaci\u00f3n pac\u00edfica, permanente y ejemplar en todo el territorio nacional, e invito a la ciudadan\u00eda a responder a los intentos ilegales de distracci\u00f3n con la participaci\u00f3n masiva en la movilizaci\u00f3n que se realizar\u00e1 el pr\u00f3ximo domingo 21 de mayo en Azua.<\/p>\n<p>En tanto las autoridades judiciales de Moca aplazaron para este viernes a las 10 de la ma\u00f1ana el conocimiento de la medida de coerci\u00f3n contra el dirigente comunitario Compr\u00e9s, apresado por agentes antinarc\u00f3ticos de la Polic\u00eda el pasado mi\u00e9rcoles.<\/p>\n<p>La posposici\u00f3n del conocimiento de la medida de coerci\u00f3n contra Compr\u00e9s fue a solicitud de los abogados de \u00e9ste, quienes alegaron que no ten\u00edan suficiente documentaci\u00f3n de los cargos que le imputan al acusado.<\/p>\n<p>Compr\u00e9s, uno de los principales dirigentes del movimiento social y popular &#8216;Los Peregrinos&#8217;, fue detenido mientras se desplazaba en un veh\u00edculo y se encuentra encarcelado.<\/p>\n<p>La Polic\u00eda Nacional alega que ten\u00eda en su poder varios gramos de una sustancia blanca, presuntamente coca\u00edna.<\/p>\n<p>Sin embargo, tanto Compr\u00e9s como sus familiares y los dirigentes populares de la ciudad, niegan que tenga cualquier v\u00ednculo con el narcotr\u00e1fico.<\/p><\/div>\n<div class=\"fullNewsFulltext\"><\/div>\n<div class=\"fullNewsFulltext\" style=\"text-align: right;\"><span style=\"color: #ff0000;\"><em>PL<\/em><\/span><\/div>\n","protected":false},"excerpt":{"rendered":"<p>SANTO DOMINGO, Rep\u00fablica Dominicana.- El movimiento c\u00edvico Marcha Verde denunci\u00f3 hoy lo que considera un evidente plan del Gobierno dominicano para criminalizar las protestas pac\u00edficas contra la corrupci\u00f3n y la impunidad. Seg\u00fan enfatiz\u00f3 el colectivo a trav\u00e9s de un comunicado oficial, ello se evidencia a trav\u00e9s de acciones ilegales del Ministerio del Interior y de [&hellip;]<\/p>\n","protected":false},"author":1,"featured_media":0,"comment_status":"open","ping_status":"open","sticky":false,"template":"","format":"standard","meta":{"_bbp_topic_count":0,"_bbp_reply_count":0,"_bbp_total_topic_count":0,"_bbp_total_reply_count":0,"_bbp_voice_count":0,"_bbp_anonymous_reply_count":0,"_bbp_topic_count_hidden":0,"_bbp_reply_count_hidden":0,"_bbp_forum_subforum_count":0,"footnotes":""},"categories":[30,60],"tags":[],"class_list":{"0":"post-289753","1":"post","2":"type-post","3":"status-publish","4":"format-standard","6":"category-actualidad","7":"category-titulares-del-dia"},"_links":{"self":[{"href":"https:\/\/primermomento.com\/index.php?rest_route=\/wp\/v2\/posts\/289753","targetHints":{"allow":["GET"]}}],"collection":[{"href":"https:\/\/primermomento.com\/index.php?rest_route=\/wp\/v2\/posts"}],"about":[{"href":"https:\/\/primermomento.com\/index.php?rest_route=\/wp\/v2\/types\/post"}],"author":[{"embeddable":true,"href":"https:\/\/primermomento.com\/index.php?rest_route=\/wp\/v2\/users\/1"}],"replies":[{"embeddable":true,"href":"https:\/\/primermomento.com\/index.php?rest_route=%2Fwp%2Fv2%2Fcomments&post=289753"}],"version-history":[{"count":0,"href":"https:\/\/primermomento.com\/index.php?rest_route=\/wp\/v2\/posts\/289753\/revisions"}],"wp:attachment":[{"href":"https:\/\/primermomento.com\/index.php?rest_route=%2Fwp%2Fv2%2Fmedia&parent=289753"}],"wp:term":[{"taxonomy":"category","embeddable":true,"href":"https:\/\/primermomento.com\/index.php?rest_route=%2Fwp%2Fv2%2Fcategories&post=289753"},{"taxonomy":"post_tag","embeddable":true,"href":"https:\/\/primermomento.com\/index.php?rest_route=%2Fwp%2Fv2%2Ftags&post=289753"}],"curies":[{"name":"wp","href":"https:\/\/api.w.org\/{rel}","templated":true}]}}