{"id":289763,"date":"2017-05-05T20:56:02","date_gmt":"2017-05-06T00:56:02","guid":{"rendered":"http:\/\/primermomento.com\/?p=289763"},"modified":"2017-05-05T21:58:33","modified_gmt":"2017-05-06T01:58:33","slug":"trump-firma-ley-para-financiar-gobierno-de-eeuu-hasta-septiembre","status":"publish","type":"post","link":"https:\/\/primermomento.com\/?p=289763","title":{"rendered":"Trump firma ley para financiar Gobierno de EEUU hasta septiembre"},"content":{"rendered":"<div class=\"fullNewsIntrotext\">WASHINGTON, Distrito de Columbia.- El presidente de Estados Unidos, Donald Trump, firm\u00f3 hoy la ley de presupuesto suplementario para financiar el Gobierno desde ma\u00f1ana hasta el fin del presente a\u00f1o fiscal el pr\u00f3ximo 30 de septiembre.<\/div>\n<p><img loading=\"lazy\" decoding=\"async\" class=\"size-medium wp-image-289764 alignleft\" src=\"http:\/\/primermomento.com\/wp-content\/uploads\/2017\/05\/Donald-Trump3-300x200.jpg\" alt=\"\" width=\"300\" height=\"200\" srcset=\"https:\/\/primermomento.com\/wp-content\/uploads\/2017\/05\/Donald-Trump3-300x200.jpg 300w, https:\/\/primermomento.com\/wp-content\/uploads\/2017\/05\/Donald-Trump3-73x50.jpg 73w, https:\/\/primermomento.com\/wp-content\/uploads\/2017\/05\/Donald-Trump3-500x333.jpg 500w, https:\/\/primermomento.com\/wp-content\/uploads\/2017\/05\/Donald-Trump3-280x186.jpg 280w, https:\/\/primermomento.com\/wp-content\/uploads\/2017\/05\/Donald-Trump3-60x40.jpg 60w, https:\/\/primermomento.com\/wp-content\/uploads\/2017\/05\/Donald-Trump3-638x425.jpg 638w, https:\/\/primermomento.com\/wp-content\/uploads\/2017\/05\/Donald-Trump3-118x79.jpg 118w, https:\/\/primermomento.com\/wp-content\/uploads\/2017\/05\/Donald-Trump3-479x319.jpg 479w, https:\/\/primermomento.com\/wp-content\/uploads\/2017\/05\/Donald-Trump3.jpg 748w\" sizes=\"auto, (max-width: 300px) 100vw, 300px\" \/>La informaci\u00f3n fue comunicada en rueda de prensa por Sarah Sanders, portavoz adjunta de la Casa Blanca, cuyo principal ocupante se encuentra desde anoche en su residencia privada de Bedminster, Nueva Jersey), y este viernes no tiene planificadas actividades p\u00fablicas.<\/p>\n<div class=\"fullNewsFulltext\">Con un valor de 1,1 billones de d\u00f3lares (millones de millones), el acuerdo bipartidista fue aprobado hace dos d\u00edas en la C\u00e1mara de Representantes y ayer en el Senado.<\/p>\n<p>En opini\u00f3n de diversas voces, de esa forma concluyeron semanas de tensas negociaciones entre los legisladores republicanos y dem\u00f3cratas, y los \u00faltimos, pese a ser menos, aprovecharon la necesidad de sus votos para ejercer influencia y elevar los intereses propios.<\/p>\n<p>As\u00ed, la iniciativa deja fuera el financiamiento para edificar un muro en la frontera entre Estados Unidos y M\u00e9xico, y mantiene el presupuesto de las llamadas &#8216;ciudades santuario&#8217;, que limitan su apoyo a las autoridades federales en aras de proteger a los inmigrantes indocumentados.<\/p>\n<p>Tampoco recorta los fondos de Planned Parenthood, programa que respalda a los proveedores de salud para servicios relacionados con la anticoncepci\u00f3n, la fertilidad, el cuidado del embarazo y las pruebas de detecci\u00f3n de c\u00e1ncer de cuello uterino.<\/p>\n<p>Seg\u00fan The Hill, publicaci\u00f3n especializada en temas legislativos, lo anterior supone una victoria para el l\u00edder de la minor\u00eda dem\u00f3crata del Senado, Chuck Schumer, y su hom\u00f3loga en la C\u00e1mara de Representantes, Nancy Pelosi.<\/p>\n<p>Ellos amenazaron con bloquear el proyecto de ley si inclu\u00eda algunas de tales exigencias de la administraci\u00f3n republicana.<\/p>\n<p>Sin embargo, los legisladores del partido rojo lograron que en el plan sean destinados mil 500 millones de d\u00f3lares para la seguridad fronteriza.<\/p>\n<p>Asimismo, 76 mil millones de d\u00f3lares forman parte del fondo de guerra del Departamento de Defensa, conocido como la cuenta de operaciones de contingencia en el extranjero.<\/p>\n<p>Por otra parte, la norma protege el 99 por ciento del presupuesto de la Agencia de Protecci\u00f3n Ambiental y aumenta el financiamiento para proyectos de energ\u00eda limpia y cient\u00edficos, pese a las amenazas de Trump para menguar dichas esferas.<\/p><\/div>\n<div class=\"fullNewsFulltext\"><\/div>\n<div class=\"fullNewsFulltext\" style=\"text-align: right;\"><span style=\"color: #ff0000;\"><em>PL<\/em><\/span><\/div>\n","protected":false},"excerpt":{"rendered":"<p>WASHINGTON, Distrito de Columbia.- El presidente de Estados Unidos, Donald Trump, firm\u00f3 hoy la ley de presupuesto suplementario para financiar el Gobierno desde ma\u00f1ana hasta el fin del presente a\u00f1o fiscal el pr\u00f3ximo 30 de septiembre. La informaci\u00f3n fue comunicada en rueda de prensa por Sarah Sanders, portavoz adjunta de la Casa Blanca, cuyo principal [&hellip;]<\/p>\n","protected":false},"author":1,"featured_media":0,"comment_status":"open","ping_status":"open","sticky":false,"template":"","format":"standard","meta":{"_bbp_topic_count":0,"_bbp_reply_count":0,"_bbp_total_topic_count":0,"_bbp_total_reply_count":0,"_bbp_voice_count":0,"_bbp_anonymous_reply_count":0,"_bbp_topic_count_hidden":0,"_bbp_reply_count_hidden":0,"_bbp_forum_subforum_count":0,"footnotes":""},"categories":[60,31],"tags":[],"class_list":{"0":"post-289763","1":"post","2":"type-post","3":"status-publish","4":"format-standard","6":"category-titulares-del-dia","7":"category-estados-unidos"},"_links":{"self":[{"href":"https:\/\/primermomento.com\/index.php?rest_route=\/wp\/v2\/posts\/289763","targetHints":{"allow":["GET"]}}],"collection":[{"href":"https:\/\/primermomento.com\/index.php?rest_route=\/wp\/v2\/posts"}],"about":[{"href":"https:\/\/primermomento.com\/index.php?rest_route=\/wp\/v2\/types\/post"}],"author":[{"embeddable":true,"href":"https:\/\/primermomento.com\/index.php?rest_route=\/wp\/v2\/users\/1"}],"replies":[{"embeddable":true,"href":"https:\/\/primermomento.com\/index.php?rest_route=%2Fwp%2Fv2%2Fcomments&post=289763"}],"version-history":[{"count":0,"href":"https:\/\/primermomento.com\/index.php?rest_route=\/wp\/v2\/posts\/289763\/revisions"}],"wp:attachment":[{"href":"https:\/\/primermomento.com\/index.php?rest_route=%2Fwp%2Fv2%2Fmedia&parent=289763"}],"wp:term":[{"taxonomy":"category","embeddable":true,"href":"https:\/\/primermomento.com\/index.php?rest_route=%2Fwp%2Fv2%2Fcategories&post=289763"},{"taxonomy":"post_tag","embeddable":true,"href":"https:\/\/primermomento.com\/index.php?rest_route=%2Fwp%2Fv2%2Ftags&post=289763"}],"curies":[{"name":"wp","href":"https:\/\/api.w.org\/{rel}","templated":true}]}}