{"id":289827,"date":"2017-05-08T13:58:48","date_gmt":"2017-05-08T17:58:48","guid":{"rendered":"http:\/\/primermomento.com\/?p=289827"},"modified":"2017-05-08T13:58:48","modified_gmt":"2017-05-08T17:58:48","slug":"cinco-candidatos-buscaran-alcaldia-mayoria-prefiere-a-hector-lora","status":"publish","type":"post","link":"https:\/\/primermomento.com\/?p=289827","title":{"rendered":"Cinco candidatos buscar\u00e1n Alcald\u00eda; mayor\u00eda prefiere a H\u00e9ctor Lora"},"content":{"rendered":"<div id=\"m_4850502081583294511yui_3_16_0_ym19_1_1494213049766_15611\"><span id=\"m_4850502081583294511yui_3_16_0_ym19_1_1494213049766_15613\" lang=\"ES-US\">PASSAIC, Nueva Jersey.- Cinco candidatos buscar\u00e1n la Alcald\u00eda de esta ciudad en las elecciones de este martes.<\/span><\/div>\n<div id=\"m_4850502081583294511yui_3_16_0_ym19_1_1494213049766_15615\"><span id=\"m_4850502081583294511yui_3_16_0_ym19_1_1494213049766_15616\" lang=\"ES-US\">\u00a0<\/span><\/div>\n<div id=\"m_4850502081583294511yui_3_16_0_ym19_1_1494213049766_15617\"><span id=\"m_4850502081583294511yui_3_16_0_ym19_1_1494213049766_15618\" lang=\"ES-US\">Con una poblaci\u00f3n de m\u00e1s de 70 mil habitantes en 8.1 kil\u00f3metros cuadrados, el 62.46% hispanos, Passaic\u00a0cuenta con 28,869 personas registradas para votar, de las cuales ejercieron el voto en las \u00faltimas elecciones 6,686 (23.16%).<u><\/u><u><\/u><\/span><\/div>\n<div id=\"m_4850502081583294511yui_3_16_0_ym19_1_1494213049766_15620\"><span id=\"m_4850502081583294511yui_3_16_0_ym19_1_1494213049766_15621\" lang=\"ES-US\">\u00a0<u><\/u><u><\/u><\/span><\/div>\n<div id=\"m_4850502081583294511yui_3_16_0_ym19_1_1494213049766_15623\"><span id=\"m_4850502081583294511yui_3_16_0_ym19_1_1494213049766_15624\" lang=\"ES-US\"><img loading=\"lazy\" decoding=\"async\" class=\"size-medium wp-image-289828 alignleft\" src=\"http:\/\/primermomento.com\/wp-content\/uploads\/2017\/05\/candidatos-nueva-jersey-300x209.jpg\" alt=\"\" width=\"300\" height=\"209\" srcset=\"https:\/\/primermomento.com\/wp-content\/uploads\/2017\/05\/candidatos-nueva-jersey-300x209.jpg 300w, https:\/\/primermomento.com\/wp-content\/uploads\/2017\/05\/candidatos-nueva-jersey-73x50.jpg 73w, https:\/\/primermomento.com\/wp-content\/uploads\/2017\/05\/candidatos-nueva-jersey-110x77.jpg 110w, https:\/\/primermomento.com\/wp-content\/uploads\/2017\/05\/candidatos-nueva-jersey-280x195.jpg 280w, https:\/\/primermomento.com\/wp-content\/uploads\/2017\/05\/candidatos-nueva-jersey-118x82.jpg 118w, https:\/\/primermomento.com\/wp-content\/uploads\/2017\/05\/candidatos-nueva-jersey.jpg 354w\" sizes=\"auto, (max-width: 300px) 100vw, 300px\" \/>\u201cEl equipo Los 6\u201d que desde hace a\u00f1os viene haciendo acertadas encuestas dentro de la comunidad dominicana en la ciudad de Nueva York, llev\u00f3 a cabo un sondeo durante los d\u00edas 2, 3, 4 y 5 del presente mes, entre 563 hispanos para determinar cu\u00e1l de los candidatos es el favorito entre la comunidad latina para este pr\u00f3ximo d\u00eda nueve.<u><\/u><u><\/u><\/span><\/div>\n<div id=\"m_4850502081583294511yui_3_16_0_ym19_1_1494213049766_15626\"><span id=\"m_4850502081583294511yui_3_16_0_ym19_1_1494213049766_15627\" lang=\"ES-US\">\u00a0<u><\/u><u><\/u><\/span><\/div>\n<div id=\"m_4850502081583294511yui_3_16_0_ym19_1_1494213049766_15629\"><span id=\"m_4850502081583294511yui_3_16_0_ym19_1_1494213049766_15630\" lang=\"ES-US\">La encuesta se llev\u00f3 a cabo al azar,\u00a0<\/span><span id=\"m_4850502081583294511yui_3_16_0_ym19_1_1494213049766_15631\" lang=\"ES-US\">entre personas que hablaran con fluidez el espa\u00f1ol, sin importar el sexo, raza, afiliaci\u00f3n pol\u00edtica, edad, profesi\u00f3n, color y religi\u00f3n. Se tomaron las v\u00edas de Monroe, Gregory, Market, Main, Paulis\u00f3n, Passaic, 3, 4, 8 y Martha, para llevar a cabo el trabajo de opini\u00f3n.<\/span><span id=\"m_4850502081583294511yui_3_16_0_ym19_1_1494213049766_15632\" lang=\"ES-US\"><u><\/u><u><\/u><\/span><\/div>\n<div id=\"m_4850502081583294511yui_3_16_0_ym19_1_1494213049766_15634\"><span id=\"m_4850502081583294511yui_3_16_0_ym19_1_1494213049766_15635\" lang=\"ES-US\">\u00a0<\/span><span id=\"m_4850502081583294511yui_3_16_0_ym19_1_1494213049766_15636\" lang=\"ES-US\"><u><\/u><u><\/u><\/span><\/div>\n<div id=\"m_4850502081583294511yui_3_16_0_ym19_1_1494213049766_15638\"><span id=\"m_4850502081583294511yui_3_16_0_ym19_1_1494213049766_15639\" lang=\"ES-US\">Se les pregunt\u00f3: \u00bfDe los cinco candidatos que aspiran a la alcald\u00eda por esta ciudad, Jos\u00e9 Sandoval, Geovanny Regalado, H\u00e9ctor Lora, Richard D\u00edaz, y Diomedes Minaya, cu\u00e1l es su preferido?<\/span><span id=\"m_4850502081583294511yui_3_16_0_ym19_1_1494213049766_15640\" lang=\"ES-US\"><u><\/u><u><\/u><\/span><\/div>\n<div id=\"m_4850502081583294511yui_3_16_0_ym19_1_1494213049766_15642\"><span id=\"m_4850502081583294511yui_3_16_0_ym19_1_1494213049766_15643\" lang=\"ES-US\">\u00a0<\/span><span id=\"m_4850502081583294511yui_3_16_0_ym19_1_1494213049766_15644\" lang=\"ES-US\"><u><\/u><u><\/u><\/span><\/div>\n<div id=\"m_4850502081583294511yui_3_16_0_ym19_1_1494213049766_15646\"><span id=\"m_4850502081583294511yui_3_16_0_ym19_1_1494213049766_15647\" lang=\"ES-US\">204 (36.23%) personas dijeron por Lora; 136 (24.16%) por Sandoval; 89 manifestaron por D\u00edaz; 52 (9.24%) por Regalado; 39 se\u00f1alaron a Minaya, y 43 (7.6%) no quisieron contestar.<\/span><span id=\"m_4850502081583294511yui_3_16_0_ym19_1_1494213049766_15648\" lang=\"ES-US\"><u><\/u><u><\/u><\/span><\/div>\n<div id=\"m_4850502081583294511yui_3_16_0_ym19_1_1494213049766_15650\"><span id=\"m_4850502081583294511yui_3_16_0_ym19_1_1494213049766_15651\" lang=\"ES-US\">\u00a0<\/span><span id=\"m_4850502081583294511yui_3_16_0_ym19_1_1494213049766_15652\" lang=\"ES-US\"><u><\/u><u><\/u><\/span><\/div>\n<div id=\"m_4850502081583294511yui_3_16_0_ym19_1_1494213049766_15654\"><span id=\"m_4850502081583294511yui_3_16_0_ym19_1_1494213049766_15655\" lang=\"ES-US\">Todos son de origen dominicano, excepto D\u00edaz, quien es puertorrique\u00f1o y ex jefe de la polic\u00eda en Passaic. Lora, quien fuera asamble\u00edsta y concejal, es actualmente el alcalde de la ciudad, en sustituci\u00f3n del condenado por fraude Alex Blanco, y ha sido endosado por la polic\u00eda, la comunidad jud\u00eda y las iglesias evang\u00e9licas, entre otros sectores representativos. Mientras que Sandoval es un empresario de bienes y ra\u00edces.<\/span><span id=\"m_4850502081583294511yui_3_16_0_ym19_1_1494213049766_15656\" lang=\"ES-US\"><u><\/u><u><\/u><\/span><\/div>\n<div id=\"m_4850502081583294511yui_3_16_0_ym19_1_1494213049766_15658\"><span id=\"m_4850502081583294511yui_3_16_0_ym19_1_1494213049766_15659\" lang=\"ES-US\">\u00a0<\/span><span id=\"m_4850502081583294511yui_3_16_0_ym19_1_1494213049766_15660\" lang=\"ES-US\"><u><\/u><u><\/u><\/span><\/div>\n<div id=\"m_4850502081583294511yui_3_16_0_ym19_1_1494213049766_15662\"><span id=\"m_4850502081583294511yui_3_16_0_ym19_1_1494213049766_15663\" lang=\"ES-US\">La ciudad de Passaic es gobernada bajo el sistema de Alcalde-Concejo de gobierno municipal bajo el Acta de Faulkner.<u><\/u><u><\/u><\/span><\/div>\n<div id=\"m_4850502081583294511yui_3_16_0_ym19_1_1494213049766_15665\"><span id=\"m_4850502081583294511yui_3_16_0_ym19_1_1494213049766_15666\" lang=\"ES-US\">\u00a0<\/span><\/div>\n<div id=\"m_4850502081583294511yui_3_16_0_ym19_1_1494213049766_15667\"><span id=\"m_4850502081583294511yui_3_16_0_ym19_1_1494213049766_15668\" lang=\"ES-US\">De esta forma, el alcalde es electo directamente por los votantes por un t\u00e9rmino de cuatro a\u00f1os. Siete miembros del concejo ocupan el cargo por un t\u00e9rmino tambi\u00e9n de\u00a0cuatro a\u00f1os.<\/span><span id=\"m_4850502081583294511yui_3_16_0_ym19_1_1494213049766_15669\" lang=\"ES-US\"><u><\/u><u><\/u><\/span><\/div>\n<div id=\"m_4850502081583294511yui_3_16_0_ym19_1_1494213049766_15671\"><span id=\"m_4850502081583294511yui_3_16_0_ym19_1_1494213049766_15672\" lang=\"ES-US\">\u00a0<\/span><\/div>\n<div style=\"text-align: right;\"><span style=\"color: #ff0000;\">Ram\u00f3n Mercedes<\/span><\/div>\n<div><\/div>\n","protected":false},"excerpt":{"rendered":"<p>PASSAIC, Nueva Jersey.- Cinco candidatos buscar\u00e1n la Alcald\u00eda de esta ciudad en las elecciones de este martes. \u00a0 Con una poblaci\u00f3n de m\u00e1s de 70 mil habitantes en 8.1 kil\u00f3metros cuadrados, el 62.46% hispanos, Passaic\u00a0cuenta con 28,869 personas registradas para votar, de las cuales ejercieron el voto en las \u00faltimas elecciones 6,686 (23.16%). \u00a0 \u201cEl [&hellip;]<\/p>\n","protected":false},"author":1,"featured_media":0,"comment_status":"open","ping_status":"open","sticky":false,"template":"","format":"standard","meta":{"_bbp_topic_count":0,"_bbp_reply_count":0,"_bbp_total_topic_count":0,"_bbp_total_reply_count":0,"_bbp_voice_count":0,"_bbp_anonymous_reply_count":0,"_bbp_topic_count_hidden":0,"_bbp_reply_count_hidden":0,"_bbp_forum_subforum_count":0,"footnotes":""},"categories":[60,31],"tags":[],"class_list":{"0":"post-289827","1":"post","2":"type-post","3":"status-publish","4":"format-standard","6":"category-titulares-del-dia","7":"category-estados-unidos"},"_links":{"self":[{"href":"https:\/\/primermomento.com\/index.php?rest_route=\/wp\/v2\/posts\/289827","targetHints":{"allow":["GET"]}}],"collection":[{"href":"https:\/\/primermomento.com\/index.php?rest_route=\/wp\/v2\/posts"}],"about":[{"href":"https:\/\/primermomento.com\/index.php?rest_route=\/wp\/v2\/types\/post"}],"author":[{"embeddable":true,"href":"https:\/\/primermomento.com\/index.php?rest_route=\/wp\/v2\/users\/1"}],"replies":[{"embeddable":true,"href":"https:\/\/primermomento.com\/index.php?rest_route=%2Fwp%2Fv2%2Fcomments&post=289827"}],"version-history":[{"count":0,"href":"https:\/\/primermomento.com\/index.php?rest_route=\/wp\/v2\/posts\/289827\/revisions"}],"wp:attachment":[{"href":"https:\/\/primermomento.com\/index.php?rest_route=%2Fwp%2Fv2%2Fmedia&parent=289827"}],"wp:term":[{"taxonomy":"category","embeddable":true,"href":"https:\/\/primermomento.com\/index.php?rest_route=%2Fwp%2Fv2%2Fcategories&post=289827"},{"taxonomy":"post_tag","embeddable":true,"href":"https:\/\/primermomento.com\/index.php?rest_route=%2Fwp%2Fv2%2Ftags&post=289827"}],"curies":[{"name":"wp","href":"https:\/\/api.w.org\/{rel}","templated":true}]}}