{"id":289832,"date":"2017-05-08T14:04:23","date_gmt":"2017-05-08T18:04:23","guid":{"rendered":"http:\/\/primermomento.com\/?p=289832"},"modified":"2017-05-08T14:04:23","modified_gmt":"2017-05-08T18:04:23","slug":"asaltan-y-agreden-sexualmente-a-turista-alemana-en-ny","status":"publish","type":"post","link":"https:\/\/primermomento.com\/?p=289832","title":{"rendered":"Asaltan y agreden sexualmente a turista alemana en NY"},"content":{"rendered":"<div id=\"m_4850502081583294511yui_3_16_0_ym19_1_1494213049766_15409\"><span id=\"m_4850502081583294511yui_3_16_0_ym19_1_1494213049766_15411\"><span id=\"m_4850502081583294511yui_3_16_0_ym19_1_1494213049766_15412\" lang=\"ES-US\"><span id=\"m_4850502081583294511yui_3_16_0_ym19_1_1494213049766_15413\">\u00a0NUEVA YORK, Nueva York.- <\/span><\/span><span id=\"m_4850502081583294511yui_3_16_0_ym19_1_1494213049766_15414\" lang=\"ES-US\">Una turista alemana de 31 a\u00f1os, no identificada por la polic\u00eda fue asalta, agredida sexualmente y golpeada salvajemente el pasado fin de semana por un joven afroamericano a la altura de la calle 146, pr\u00f3ximo a la avenida \u00c1msterdam, en el alto Manhattan, dijo la polic\u00eda.<\/span><u><\/u><u><\/u><\/span><\/div>\n<div id=\"m_4850502081583294511yui_3_16_0_ym19_1_1494213049766_15416\"><span id=\"m_4850502081583294511yui_3_16_0_ym19_1_1494213049766_15417\" lang=\"ES-US\"><span id=\"m_4850502081583294511yui_3_16_0_ym19_1_1494213049766_15418\">\u00a0<\/span><u><\/u><u><\/u><\/span><\/div>\n<div id=\"m_4850502081583294511yui_3_16_0_ym19_1_1494213049766_15420\"><span id=\"m_4850502081583294511yui_3_16_0_ym19_1_1494213049766_15421\" lang=\"ES-US\"><span id=\"m_4850502081583294511yui_3_16_0_ym19_1_1494213049766_15422\"><img loading=\"lazy\" decoding=\"async\" class=\"size-medium wp-image-289833 alignleft\" src=\"http:\/\/primermomento.com\/wp-content\/uploads\/2017\/05\/asalto-a-turista-300x193.jpg\" alt=\"\" width=\"300\" height=\"193\" srcset=\"https:\/\/primermomento.com\/wp-content\/uploads\/2017\/05\/asalto-a-turista-300x193.jpg 300w, https:\/\/primermomento.com\/wp-content\/uploads\/2017\/05\/asalto-a-turista-280x180.jpg 280w, https:\/\/primermomento.com\/wp-content\/uploads\/2017\/05\/asalto-a-turista-60x40.jpg 60w, https:\/\/primermomento.com\/wp-content\/uploads\/2017\/05\/asalto-a-turista-118x76.jpg 118w, https:\/\/primermomento.com\/wp-content\/uploads\/2017\/05\/asalto-a-turista.jpg 349w\" sizes=\"auto, (max-width: 300px) 100vw, 300px\" \/>Un video de vigilancia y una foto del asaltante, dado a conocer por la instituci\u00f3n, muestra cuando el delincuente sostiene sobre su dos piernas la elegante joven, trata de llevarse su bolso a lo que ella se opone, y en ese entonces le propina varios \u201ctrompones\u201d en la cara, derrib\u00e1ndola hasta dejarla inconsciente en el lugar y manosearle sus partes \u00edntimas.<\/span><u><\/u><u><\/u><\/span><\/div>\n<div id=\"m_4850502081583294511yui_3_16_0_ym19_1_1494213049766_15424\"><span id=\"m_4850502081583294511yui_3_16_0_ym19_1_1494213049766_15425\" lang=\"ES-US\">\u00a0<\/span><u><\/u><u><\/u><\/div>\n<div id=\"m_4850502081583294511yui_3_16_0_ym19_1_1494213049766_15427\"><span id=\"m_4850502081583294511yui_3_16_0_ym19_1_1494213049766_15428\" lang=\"ES-US\">La polic\u00eda al rastrear el malhechor por el \u00e1rea y en los negocios, descubri\u00f3 un video de \u00e9l saliendo de una tienda donde usa la tarjeta de cr\u00e9dito.<\/span><span id=\"m_4850502081583294511yui_3_16_0_ym19_1_1494213049766_15429\" lang=\"ES-US\"><u><\/u><u><\/u><\/span><\/div>\n<div id=\"m_4850502081583294511yui_3_16_0_ym19_1_1494213049766_15431\"><span id=\"m_4850502081583294511yui_3_16_0_ym19_1_1494213049766_15432\" lang=\"ES-US\"><span id=\"m_4850502081583294511yui_3_16_0_ym19_1_1494213049766_15433\">\u00a0<\/span><u><\/u><u><\/u><\/span><\/div>\n<div id=\"m_4850502081583294511yui_3_16_0_ym19_1_1494213049766_15435\"><span id=\"m_4850502081583294511yui_3_16_0_ym19_1_1494213049766_15436\" lang=\"ES-US\"><span id=\"m_4850502081583294511yui_3_16_0_ym19_1_1494213049766_15437\">El asalto y violaci\u00f3n a la turista ocurri\u00f3 a eso de las 2:30 de la madrugada del pasado viernes cuando ella se dirig\u00eda a una habitaci\u00f3n de Airbnb que ten\u00eda alquilada.<\/span><u><\/u><u><\/u><\/span><\/div>\n<div id=\"m_4850502081583294511yui_3_16_0_ym19_1_1494213049766_15439\"><span id=\"m_4850502081583294511yui_3_16_0_ym19_1_1494213049766_15440\" lang=\"ES-US\"><span id=\"m_4850502081583294511yui_3_16_0_ym19_1_1494213049766_15441\">\u00a0<\/span><u><\/u><u><\/u><\/span><\/div>\n<div id=\"m_4850502081583294511yui_3_16_0_ym19_1_1494213049766_15443\"><span id=\"m_4850502081583294511yui_3_16_0_ym19_1_1494213049766_15444\" lang=\"ES-US\"><span id=\"m_4850502081583294511yui_3_16_0_ym19_1_1494213049766_15445\">Airbnd, fundado en 2008 y con sede en San Francisco (California), es un mercado comunitario basado en la confianza en el que la gente publica, descubre y reserva alojamientos \u00fanico en todo el mundo, ya sea desde su ordenador, tableta o tel\u00e9fono m\u00f3vil.<\/span><u><\/u><u><\/u><\/span><\/div>\n<div id=\"m_4850502081583294511yui_3_16_0_ym19_1_1494213049766_15447\"><span id=\"m_4850502081583294511yui_3_16_0_ym19_1_1494213049766_15448\" lang=\"ES-US\">\u00a0<\/span><\/div>\n<div id=\"m_4850502081583294511yui_3_16_0_ym19_1_1494213049766_15449\"><span id=\"m_4850502081583294511yui_3_16_0_ym19_1_1494213049766_15450\" lang=\"ES-US\"><span id=\"m_4850502081583294511yui_3_16_0_ym19_1_1494213049766_15451\">Si quieren alquilar una habitaci\u00f3n para pasar una noche, una semana o durante un mes, Airbnd ofrece a sus usuarios experiencias \u00fanicas para todos los bolsillos en m\u00e1s de 65 mil ciudades y 191 pa\u00edses.<\/span><u><\/u><u><\/u><\/span><\/div>\n<div id=\"m_4850502081583294511yui_3_16_0_ym19_1_1494213049766_15453\"><span id=\"m_4850502081583294511yui_3_16_0_ym19_1_1494213049766_15454\" lang=\"ES-US\">\u00a0<\/span><\/div>\n<div id=\"m_4850502081583294511yui_3_16_0_ym19_1_1494213049766_15455\"><span id=\"m_4850502081583294511yui_3_16_0_ym19_1_1494213049766_15456\" lang=\"ES-US\"><span id=\"m_4850502081583294511yui_3_16_0_ym19_1_1494213049766_15457\">Si tiene alguna pista que pueda ayudar a dar con el sospechoso, llame de manera confidencial al n\u00famero de la<span id=\"m_4850502081583294511yui_3_16_0_ym19_1_1494213049766_15458\">\u00a0<\/span>Polic\u00eda:<span id=\"m_4850502081583294511yui_3_16_0_ym19_1_1494213049766_15459\">\u00a0<\/span>(800) 577-TIPS. Tambi\u00e9n se puede enviar informes a trav\u00e9s del portal de internet<\/span> <b id=\"m_4850502081583294511yui_3_16_0_ym19_1_1494213049766_15460\"><a id=\"m_4850502081583294511yui_3_16_0_ym19_1_1494213049766_15461\" href=\"http:\/\/www.crimestoppers.com\/\" target=\"_blank\" rel=\"noopener noreferrer\" data-saferedirecturl=\"https:\/\/www.google.com\/url?hl=en&amp;q=http:\/\/www.crimestoppers.com\/&amp;source=gmail&amp;ust=1494352106012000&amp;usg=AFQjCNG121qQs9r-i5z383l0fwKbQvxFmw\"><span id=\"m_4850502081583294511yui_3_16_0_ym19_1_1494213049766_15462\">www.crimestoppers.com<\/span><\/a><\/b><span id=\"m_4850502081583294511yui_3_16_0_ym19_1_1494213049766_15463\"><span id=\"m_4850502081583294511yui_3_16_0_ym19_1_1494213049766_15464\">\u00a0<\/span><\/span><span id=\"m_4850502081583294511yui_3_16_0_ym19_1_1494213049766_15465\">o por texto al<span id=\"m_4850502081583294511yui_3_16_0_ym19_1_1494213049766_15466\">\u00a0<\/span>274637 (CRIMES)<span id=\"m_4850502081583294511yui_3_16_0_ym19_1_1494213049766_15467\">\u00a0<\/span>y luego marcar<span id=\"m_4850502081583294511yui_3_16_0_ym19_1_1494213049766_15468\">\u00a0<\/span>TIP577.<\/span><\/span><\/div>\n<div><\/div>\n<div style=\"text-align: right;\"><span style=\"color: #ff0000;\">Ram\u00f3n Mercedes<\/span><\/div>\n","protected":false},"excerpt":{"rendered":"<p>\u00a0NUEVA YORK, Nueva York.- Una turista alemana de 31 a\u00f1os, no identificada por la polic\u00eda fue asalta, agredida sexualmente y golpeada salvajemente el pasado fin de semana por un joven afroamericano a la altura de la calle 146, pr\u00f3ximo a la avenida \u00c1msterdam, en el alto Manhattan, dijo la polic\u00eda. \u00a0 Un video de vigilancia [&hellip;]<\/p>\n","protected":false},"author":1,"featured_media":0,"comment_status":"open","ping_status":"open","sticky":false,"template":"","format":"standard","meta":{"_bbp_topic_count":0,"_bbp_reply_count":0,"_bbp_total_topic_count":0,"_bbp_total_reply_count":0,"_bbp_voice_count":0,"_bbp_anonymous_reply_count":0,"_bbp_topic_count_hidden":0,"_bbp_reply_count_hidden":0,"_bbp_forum_subforum_count":0,"footnotes":""},"categories":[60,32],"tags":[],"class_list":{"0":"post-289832","1":"post","2":"type-post","3":"status-publish","4":"format-standard","6":"category-titulares-del-dia","7":"category-lo-ultimo"},"_links":{"self":[{"href":"https:\/\/primermomento.com\/index.php?rest_route=\/wp\/v2\/posts\/289832","targetHints":{"allow":["GET"]}}],"collection":[{"href":"https:\/\/primermomento.com\/index.php?rest_route=\/wp\/v2\/posts"}],"about":[{"href":"https:\/\/primermomento.com\/index.php?rest_route=\/wp\/v2\/types\/post"}],"author":[{"embeddable":true,"href":"https:\/\/primermomento.com\/index.php?rest_route=\/wp\/v2\/users\/1"}],"replies":[{"embeddable":true,"href":"https:\/\/primermomento.com\/index.php?rest_route=%2Fwp%2Fv2%2Fcomments&post=289832"}],"version-history":[{"count":0,"href":"https:\/\/primermomento.com\/index.php?rest_route=\/wp\/v2\/posts\/289832\/revisions"}],"wp:attachment":[{"href":"https:\/\/primermomento.com\/index.php?rest_route=%2Fwp%2Fv2%2Fmedia&parent=289832"}],"wp:term":[{"taxonomy":"category","embeddable":true,"href":"https:\/\/primermomento.com\/index.php?rest_route=%2Fwp%2Fv2%2Fcategories&post=289832"},{"taxonomy":"post_tag","embeddable":true,"href":"https:\/\/primermomento.com\/index.php?rest_route=%2Fwp%2Fv2%2Ftags&post=289832"}],"curies":[{"name":"wp","href":"https:\/\/api.w.org\/{rel}","templated":true}]}}