{"id":289838,"date":"2017-05-08T18:44:10","date_gmt":"2017-05-08T22:44:10","guid":{"rendered":"http:\/\/primermomento.com\/?p=289838"},"modified":"2017-05-08T21:52:42","modified_gmt":"2017-05-09T01:52:42","slug":"bani-advierte-termoelectrica-causaria-tragedia-en-el-municipio","status":"publish","type":"post","link":"https:\/\/primermomento.com\/?p=289838","title":{"rendered":"BAN\u00cd | Advierte termoel\u00e9ctrica causar\u00eda tragedia en el municipio"},"content":{"rendered":"<p>SANTO DOMINGO, Rep\u00fablica Dominicana.- Omar Alfonso, premio nacional de periodismo de Puerto Rico en el 2016, afirm\u00f3 que los da\u00f1os ambientales causados por las cenizas de carb\u00f3n (rockash) depositadas en Arroyo Barril (Saman\u00e1) y en la vecina isla se repetir\u00e1n en la provincia Peravia cuando comience a operar la Central Termoel\u00e9ctrica Punta Catalina.<\/p>\n<figure id=\"attachment_289839\" aria-describedby=\"caption-attachment-289839\" style=\"width: 300px\" class=\"wp-caption alignleft\"><img loading=\"lazy\" decoding=\"async\" class=\"size-medium wp-image-289839\" src=\"http:\/\/primermomento.com\/wp-content\/uploads\/2017\/05\/punta-catalina10-300x180.jpg\" alt=\"\" width=\"300\" height=\"180\" srcset=\"https:\/\/primermomento.com\/wp-content\/uploads\/2017\/05\/punta-catalina10-300x180.jpg 300w, https:\/\/primermomento.com\/wp-content\/uploads\/2017\/05\/punta-catalina10-110x66.jpg 110w, https:\/\/primermomento.com\/wp-content\/uploads\/2017\/05\/punta-catalina10-500x300.jpg 500w, https:\/\/primermomento.com\/wp-content\/uploads\/2017\/05\/punta-catalina10-280x168.jpg 280w, https:\/\/primermomento.com\/wp-content\/uploads\/2017\/05\/punta-catalina10-118x71.jpg 118w, https:\/\/primermomento.com\/wp-content\/uploads\/2017\/05\/punta-catalina10-479x287.jpg 479w, https:\/\/primermomento.com\/wp-content\/uploads\/2017\/05\/punta-catalina10.jpg 600w\" sizes=\"auto, (max-width: 300px) 100vw, 300px\" \/><figcaption id=\"caption-attachment-289839\" class=\"wp-caption-text\">Cenizas de Punta Catalina llevar\u00edan muerte y dolor a Ban\u00ed, seg\u00fan investigador puertorrique\u00f1o.<\/figcaption><\/figure>\n<p>De acuerdo con una nota de prensa del Comit\u00e9 Nacional de Lucha contra el Cambio Clim\u00e1tico (CNLCC), el comunicador afirm\u00f3, durante una conferencia en la Universidad Aut\u00f3noma de Santo Domingo (UASD), que como consecuencia del impacto de las cenizas de carb\u00f3n depositadas en Arroyo Barril entre los a\u00f1os 2003 y 2004, se produjeron en esa comunidad abortos, un alto incremento de enfermedades respiratorias, ataques card\u00edacos, decesos y malformaciones gen\u00e9ticas en fetos y reci\u00e9n nacidos.<\/p>\n<p>Asegur\u00f3 que los casos fueron documentados ante la corte de Delaware (EEUU), y para evitar el juicio de fondo, la corporaci\u00f3n el\u00e9ctrica AES de Puerto Rico, responsable del dep\u00f3sito del \u201crockash\u201d en ese lugar, hizo que el Estado dominicano pagara, el 4 abril del a\u00f1o pasado, 37 millones de d\u00f3lares a los abogados de 41 residentes de Arroyo Barril.<\/p>\n<p>Alfonso explic\u00f3 que el Gobierno dominicano pag\u00f3 esta indemnizaci\u00f3n como resultado del acuerdo que suscribi\u00f3 con AES en el 2007, cuando esta empresa entreg\u00f3 6 millones de d\u00f3lares a las autoridades nacionales como compensaci\u00f3n por el dep\u00f3sito del \u201crockash\u201d tra\u00eddo desde Puerto Rico.<\/p>\n<p>\u201cEn este contrato se estipul\u00f3 que a cambio de recibir la indemnizaci\u00f3n, el Gobierno dominicano asumir\u00eda cualquier demanda que ocurriera en el futuro en lugar de AES\u201d, dijo el comunicador.<\/p>\n<p>Se\u00f1al\u00f3 que el caso de Arroyo Barril posee una importancia transcendental porque ha sido posible establecer los v\u00ednculos de causa efecto entre la contaminaci\u00f3n de las cenizas y los da\u00f1os a la salud de personas concretas, particularmente de madres y de infantes.<\/p>\n<p>\u201cEl Premio Nacional de Periodismo que recib\u00ed el a\u00f1o pasado por estos reportajes fue producto en gran medida de la verg\u00fcenza que sinti\u00f3 la sociedad puertorrique\u00f1a por los graves da\u00f1os que hab\u00edan producido residuos llevados a un para\u00edso como Arroyo Barril, desde Puerto Rico\u201d, asegur\u00f3 Alfonso.<\/p>\n<p>Indic\u00f3 que lo importante de lo sucedido en Arroyo Barril, as\u00ed como en Manzanillo, Montecristi, a donde tambi\u00e9n se deposit\u00f3 \u201crockash\u201d en esos a\u00f1os, es que ha demostrado que este material es t\u00f3xico y da\u00f1a gravemente la salud de las personas que se exponen al mismo.<\/p>\n<p>Seg\u00fan el comunicador, estas cenizas contienen metales pesados y otras sustancias t\u00f3xicas en una proporci\u00f3n hasta 9,000 veces m\u00e1s del nivel permitido por las normas ambientales.<\/p>\n<p>\u201cEse es el caso del ars\u00e9nico, del cromo, del mercurio, del talio, del \u00f3xido de calcio, del tri\u00f3xido de azufre, del plomo, y del zinc, todas da\u00f1inas al organismo humano\u201d, especific\u00f3.<\/p>\n<p>Explic\u00f3 que en Puerto Rico se ha generado un movimiento muy importante de rechazo a estas cenizas y a sus impactos, logrando que se coloque en la agenda de la actual legislatura del Senado la prohibici\u00f3n de dep\u00f3sito de estos residuos y de su uso en la isla.<\/p>\n<p>Manifest\u00f3 que a partir del a\u00f1o 2004, a ra\u00edz de que AES no pudo continuar exportando las cenizas de carb\u00f3n a la Rep\u00fablica Dominicana, hasta el a\u00f1o 2011, se depositaron dos millones de toneladas en tierra virgen de tres municipios de Puerto Rico.<\/p>\n<p>A la actividad celebrada en la UASD, acudieron expertos sobre el tema e intervinieron en el debate Jos\u00e9 Luis Moreno San Juan, Juan Cid, Eduardo Sagredo, Pedro Silverio, Juan Cid, Conrado Depratt, Franklin Reyes, Luis Carvajal y \u00c1ngel Moreta.<\/p>\n<p style=\"text-align: right;\"><em><span style=\"color: #ff0000;\">Fuente: 7d\u00edas.com.do<\/span><\/em><\/p>\n<p style=\"text-align: right;\"><span style=\"color: #ff0000;\">\u00a0<\/span><\/p>\n","protected":false},"excerpt":{"rendered":"<p>SANTO DOMINGO, Rep\u00fablica Dominicana.- Omar Alfonso, premio nacional de periodismo de Puerto Rico en el 2016, afirm\u00f3 que los da\u00f1os ambientales causados por las cenizas de carb\u00f3n (rockash) depositadas en Arroyo Barril (Saman\u00e1) y en la vecina isla se repetir\u00e1n en la provincia Peravia cuando comience a operar la Central Termoel\u00e9ctrica Punta Catalina. De acuerdo [&hellip;]<\/p>\n","protected":false},"author":1,"featured_media":0,"comment_status":"open","ping_status":"open","sticky":false,"template":"","format":"standard","meta":{"_bbp_topic_count":0,"_bbp_reply_count":0,"_bbp_total_topic_count":0,"_bbp_total_reply_count":0,"_bbp_voice_count":0,"_bbp_anonymous_reply_count":0,"_bbp_topic_count_hidden":0,"_bbp_reply_count_hidden":0,"_bbp_forum_subforum_count":0,"footnotes":""},"categories":[60,32],"tags":[],"class_list":{"0":"post-289838","1":"post","2":"type-post","3":"status-publish","4":"format-standard","6":"category-titulares-del-dia","7":"category-lo-ultimo"},"_links":{"self":[{"href":"https:\/\/primermomento.com\/index.php?rest_route=\/wp\/v2\/posts\/289838","targetHints":{"allow":["GET"]}}],"collection":[{"href":"https:\/\/primermomento.com\/index.php?rest_route=\/wp\/v2\/posts"}],"about":[{"href":"https:\/\/primermomento.com\/index.php?rest_route=\/wp\/v2\/types\/post"}],"author":[{"embeddable":true,"href":"https:\/\/primermomento.com\/index.php?rest_route=\/wp\/v2\/users\/1"}],"replies":[{"embeddable":true,"href":"https:\/\/primermomento.com\/index.php?rest_route=%2Fwp%2Fv2%2Fcomments&post=289838"}],"version-history":[{"count":0,"href":"https:\/\/primermomento.com\/index.php?rest_route=\/wp\/v2\/posts\/289838\/revisions"}],"wp:attachment":[{"href":"https:\/\/primermomento.com\/index.php?rest_route=%2Fwp%2Fv2%2Fmedia&parent=289838"}],"wp:term":[{"taxonomy":"category","embeddable":true,"href":"https:\/\/primermomento.com\/index.php?rest_route=%2Fwp%2Fv2%2Fcategories&post=289838"},{"taxonomy":"post_tag","embeddable":true,"href":"https:\/\/primermomento.com\/index.php?rest_route=%2Fwp%2Fv2%2Ftags&post=289838"}],"curies":[{"name":"wp","href":"https:\/\/api.w.org\/{rel}","templated":true}]}}