{"id":289885,"date":"2017-05-08T22:00:27","date_gmt":"2017-05-09T02:00:27","guid":{"rendered":"http:\/\/primermomento.com\/?p=289885"},"modified":"2017-05-09T09:04:01","modified_gmt":"2017-05-09T13:04:01","slug":"juez-ordeno-libertad-de-activista-de-la-marcha-verde","status":"publish","type":"post","link":"https:\/\/primermomento.com\/?p=289885","title":{"rendered":"Juez orden\u00f3 libertad de activista de la Marcha Verde"},"content":{"rendered":"<div class=\"fullNewsIntrotext\">MOCA, Rep\u00fablica Dominicana.- El juez Anderson Cuevas, del Juzgado de Atenci\u00f3n Permanente del municipio de Moca, provincia dominicana de Espaillat, orden\u00f3 la libertad del dirigente comunitario Juan Compr\u00e9s por entender que se vulneraron sus derechos.<\/div>\n<figure id=\"attachment_289886\" aria-describedby=\"caption-attachment-289886\" style=\"width: 300px\" class=\"wp-caption alignleft\"><img loading=\"lazy\" decoding=\"async\" class=\"size-medium wp-image-289886\" src=\"http:\/\/primermomento.com\/wp-content\/uploads\/2017\/05\/Juan-Compres-300x169.jpg\" alt=\"\" width=\"300\" height=\"169\" srcset=\"https:\/\/primermomento.com\/wp-content\/uploads\/2017\/05\/Juan-Compres-300x169.jpg 300w, https:\/\/primermomento.com\/wp-content\/uploads\/2017\/05\/Juan-Compres-768x432.jpg 768w, https:\/\/primermomento.com\/wp-content\/uploads\/2017\/05\/Juan-Compres-478x270.jpg 478w, https:\/\/primermomento.com\/wp-content\/uploads\/2017\/05\/Juan-Compres-500x281.jpg 500w, https:\/\/primermomento.com\/wp-content\/uploads\/2017\/05\/Juan-Compres-280x158.jpg 280w, https:\/\/primermomento.com\/wp-content\/uploads\/2017\/05\/Juan-Compres-638x359.jpg 638w, https:\/\/primermomento.com\/wp-content\/uploads\/2017\/05\/Juan-Compres-118x66.jpg 118w, https:\/\/primermomento.com\/wp-content\/uploads\/2017\/05\/Juan-Compres-479x269.jpg 479w, https:\/\/primermomento.com\/wp-content\/uploads\/2017\/05\/Juan-Compres.jpg 800w\" sizes=\"auto, (max-width: 300px) 100vw, 300px\" \/><figcaption id=\"caption-attachment-289886\" class=\"wp-caption-text\">El magistrado consider\u00f3 que el activista de la Marcha Verde les fueron violados sus derechos.<\/figcaption><\/figure>\n<p>Compr\u00e9s, dirigente del movimiento Los Peregrinos de Moca y tambi\u00e9n participa del Movimiento Verde, era esperado fuera del Palacio de Justicia por una multitud que lo llev\u00f3 en caravana por la ciudad.<\/p>\n<div class=\"fullNewsFulltext\">Su liberaci\u00f3n caus\u00f3 alegr\u00eda tambi\u00e9n a representantes de los movimientos La Multitud, Rebelde, Somos Pueblo, Ciudadanos en Acci\u00f3n Nacional y Falpo, que poco antes manten\u00edan piquetes de protesta frente a la sede de la Procuradur\u00eda capitalina.<\/p>\n<p>El procurador general de la Rep\u00fablica, Jean Alain Rodr\u00edguez, hab\u00eda instruido en la tarde al fiscal de la provincia Espaillat, Jos\u00e9 An\u00edbal Carela, que, en lugar de prisi\u00f3n preventiva, solicitara presentaci\u00f3n peri\u00f3dica como medida de coerci\u00f3n.<\/p>\n<p>La medida dispon\u00eda la liberaci\u00f3n inmediata de Compr\u00e9s, quien deber\u00eda permanecer a disposici\u00f3n de la Justicia hasta que culmine una investigaci\u00f3n ampliada ordenada por la Procuradur\u00eda, pero la decisi\u00f3n del juez Cuevas fue m\u00e1s radical.<\/p>\n<p>Tambi\u00e9n el director general de la Polic\u00eda, Nelson Peguero, orden\u00f3 investigar este caso a una comisi\u00f3n integrada al respecto y asegur\u00f3 en un comunicado su compromiso con el respeto a los derechos de los ciudadanos.<\/p>\n<p>Compr\u00e9s fue interceptado el 3 de mayo mientras transitaba en su carro por la calle Imbert del municipio de Moca y cuatro agentes policiales requisaron el veh\u00edculo y lo arrestaron tras presuntamente ocuparle una bolsa con droga.<\/p>\n<p>Poco despu\u00e9s la barra de la defensa difundi\u00f3 un video donde se observa a los agentes que requisaban el veh\u00edculo y a uno de ellos colocando el paquete con droga en el carro del dirigente popular.<\/p>\n<p>Durante los d\u00edas en que permaneci\u00f3 detenido Compr\u00e9s fue golpeado por la polic\u00eda en varias ocasiones lo que fue confirmado por un forense durante un examen f\u00edsico realizado a petici\u00f3n de los abogados.<\/p>\n<p>Apenas liberado Compr\u00e9s, Mar\u00eda Fernanda L\u00f3pez, vocera del movimiento Marcha Verde contra la corrupci\u00f3n y la impunidad, declar\u00f3 que la libertad del dirigente comunitario es un triunfo de la movilizaci\u00f3n ciudadana.<\/p>\n<p>A\u00f1adi\u00f3 que la marcha que prepara el movimiento en Azua para el domingo 21 de mayo ser\u00e1 la mejor respuesta al plan del Gobierno para distraer y criminalizar manifestaciones pac\u00edficas que en las calles rechazan las acciones antidemocr\u00e1ticas.<\/p>\n<p>&#8216;La respuesta m\u00e1s contundente que podemos dar a estos intentos de amedrentamiento es la movilizaci\u00f3n permanente, hasta que el poder de la ciudadan\u00eda ponga fin al r\u00e9gimen de corrupci\u00f3n e impunidad que nos oprime&#8217;, destac\u00f3 la activista L\u00f3pez.<\/p><\/div>\n<div class=\"fullNewsFulltext\"><\/div>\n<div class=\"fullNewsFulltext\" style=\"text-align: right;\"><span style=\"color: #ff0000;\"><em>PL<\/em><\/span><\/div>\n","protected":false},"excerpt":{"rendered":"<p>MOCA, Rep\u00fablica Dominicana.- El juez Anderson Cuevas, del Juzgado de Atenci\u00f3n Permanente del municipio de Moca, provincia dominicana de Espaillat, orden\u00f3 la libertad del dirigente comunitario Juan Compr\u00e9s por entender que se vulneraron sus derechos. Compr\u00e9s, dirigente del movimiento Los Peregrinos de Moca y tambi\u00e9n participa del Movimiento Verde, era esperado fuera del Palacio de [&hellip;]<\/p>\n","protected":false},"author":1,"featured_media":0,"comment_status":"open","ping_status":"open","sticky":false,"template":"","format":"standard","meta":{"_bbp_topic_count":0,"_bbp_reply_count":0,"_bbp_total_topic_count":0,"_bbp_total_reply_count":0,"_bbp_voice_count":0,"_bbp_anonymous_reply_count":0,"_bbp_topic_count_hidden":0,"_bbp_reply_count_hidden":0,"_bbp_forum_subforum_count":0,"footnotes":""},"categories":[30,60],"tags":[],"class_list":{"0":"post-289885","1":"post","2":"type-post","3":"status-publish","4":"format-standard","6":"category-actualidad","7":"category-titulares-del-dia"},"_links":{"self":[{"href":"https:\/\/primermomento.com\/index.php?rest_route=\/wp\/v2\/posts\/289885","targetHints":{"allow":["GET"]}}],"collection":[{"href":"https:\/\/primermomento.com\/index.php?rest_route=\/wp\/v2\/posts"}],"about":[{"href":"https:\/\/primermomento.com\/index.php?rest_route=\/wp\/v2\/types\/post"}],"author":[{"embeddable":true,"href":"https:\/\/primermomento.com\/index.php?rest_route=\/wp\/v2\/users\/1"}],"replies":[{"embeddable":true,"href":"https:\/\/primermomento.com\/index.php?rest_route=%2Fwp%2Fv2%2Fcomments&post=289885"}],"version-history":[{"count":0,"href":"https:\/\/primermomento.com\/index.php?rest_route=\/wp\/v2\/posts\/289885\/revisions"}],"wp:attachment":[{"href":"https:\/\/primermomento.com\/index.php?rest_route=%2Fwp%2Fv2%2Fmedia&parent=289885"}],"wp:term":[{"taxonomy":"category","embeddable":true,"href":"https:\/\/primermomento.com\/index.php?rest_route=%2Fwp%2Fv2%2Fcategories&post=289885"},{"taxonomy":"post_tag","embeddable":true,"href":"https:\/\/primermomento.com\/index.php?rest_route=%2Fwp%2Fv2%2Ftags&post=289885"}],"curies":[{"name":"wp","href":"https:\/\/api.w.org\/{rel}","templated":true}]}}