{"id":289888,"date":"2017-05-08T21:05:21","date_gmt":"2017-05-09T01:05:21","guid":{"rendered":"http:\/\/primermomento.com\/?p=289888"},"modified":"2017-05-09T09:08:21","modified_gmt":"2017-05-09T13:08:21","slug":"procurador-ordeno-libertad-de-activista-anticorrupcion","status":"publish","type":"post","link":"https:\/\/primermomento.com\/?p=289888","title":{"rendered":"Procurador orden\u00f3 libertad de activista anticorrupci\u00f3n"},"content":{"rendered":"<div class=\"fullNewsIntrotext\">SANTO DOMINGO, Rep\u00fablica Dominicana.- El procurador general de la Rep\u00fablica, Jean Alain Rodr\u00edguez, orden\u00f3 al fiscal de la provincia Espaillat, Jos\u00e9 An\u00edbal Carela, poner en libertad al activista anticorrupci\u00f3n Juan Compr\u00e9s.<\/div>\n<figure id=\"attachment_289889\" aria-describedby=\"caption-attachment-289889\" style=\"width: 300px\" class=\"wp-caption alignright\"><img loading=\"lazy\" decoding=\"async\" class=\"size-medium wp-image-289889\" src=\"http:\/\/primermomento.com\/wp-content\/uploads\/2017\/05\/Jean-Alain-Rodr\u00edguez2-300x200.jpg\" alt=\"\" width=\"300\" height=\"200\" \/><figcaption id=\"caption-attachment-289889\" class=\"wp-caption-text\">Jean Alain Rodr\u00edguez.<\/figcaption><\/figure>\n<p>La instrucci\u00f3n de Rodr\u00edguez a Carela indica que en lugar de prisi\u00f3n preventiva, solicite presentaci\u00f3n peri\u00f3dica como medida de coerci\u00f3n en contra del activista conocido como El Peregrino de Moca, a quien la Polic\u00eda alega haberle ocupado droga.<\/p>\n<div class=\"fullNewsFulltext\">La medida dispone la liberaci\u00f3n inmediata de Compr\u00e9s, quien deber\u00e1 permanecer a disposici\u00f3n de la Justicia hasta que culmine una investigaci\u00f3n ampliada ordenada por la Procuradur\u00eda.<\/p>\n<p>Rodr\u00edguez tambi\u00e9n dispuso trasladar a Moca una representaci\u00f3n de alto nivel del Ministerio P\u00fablico que indagar\u00e1 los pormenores del arresto.<\/p>\n<p>Ese equipo estar\u00e1 integrado por el procurador general adjunto y director nacional de persecuci\u00f3n del Ministerio P\u00fablico, Juan Amado Cedano, y la procuradora fiscal y titular de la Unidad de Derechos Humanos de la Procuradur\u00eda, Danissa Cruz Taveras.<\/p>\n<p>Un tribunal de Moca se propon\u00eda conocer este lunes la nueva medida de coerci\u00f3n presentada contra Compr\u00e9s, despu\u00e9s que fuera aplazada en dos ocasiones anteriores.<\/p>\n<p>La raz\u00f3n de esos aplazamientos fue porque los abogados que defienden al acusado denunciaron que agentes policiales han golpeado a Compr\u00e9s en reiteradas ocasiones en la sede local de la Polic\u00eda.<\/p>\n<p>Esa acusaci\u00f3n fue confirmada por el doctor Sinencio Elpidio Uribe Vilorio, del Instituto Nacional de Ciencias Forenses (INACIF), quien constat\u00f3 mediante un examen f\u00edsico que el dirigente popular presenta hematomas m\u00faltiples por traumas y contusiones.<\/p>\n<p>Adem\u00e1s, los defensores han mostrado un video donde se observa a un polic\u00eda introduciendo un paquete blanco en el veh\u00edculo Honda verde en el que transitaba Compr\u00e9s, en el momento en que los uniformados requisaban el auto en plena calle.<\/p>\n<p>El dirigente popular y sus abogados afirman que la droga que dicen los agentes haber encontrado en el auto fue plantada all\u00ed por la propia polic\u00eda, algo que confirma el video que ya muestran los medios digitales dominicanos.<\/p>\n<p>Compr\u00e9s acus\u00f3 al ministro de Interior y Polic\u00eda, Carlos Amarante, y al comandante policial en Moca, coronel Nelson Valenzuela, de organizar una trama contra \u00e9l y los dem\u00e1s dirigentes del Movimiento Verde que denuncia la corrupci\u00f3n y la impunidad.<\/p>\n<p>Ante tantas evidencias, el director general de la Polic\u00eda, Nelson Peguero, orden\u00f3 investigar este caso y emiti\u00f3 un comunicado donde se dice comprometido con el respeto a los derechos de los ciudadanos, y advirti\u00f3 que bajo ninguna circunstancia permitir\u00e1 actuaciones indecorosas.<\/p><\/div>\n<div class=\"fullNewsFulltext\"><\/div>\n<div class=\"fullNewsFulltext\" style=\"text-align: right;\"><span style=\"color: #ff0000;\"><em>PL<\/em><\/span><\/div>\n","protected":false},"excerpt":{"rendered":"<p>SANTO DOMINGO, Rep\u00fablica Dominicana.- El procurador general de la Rep\u00fablica, Jean Alain Rodr\u00edguez, orden\u00f3 al fiscal de la provincia Espaillat, Jos\u00e9 An\u00edbal Carela, poner en libertad al activista anticorrupci\u00f3n Juan Compr\u00e9s. La instrucci\u00f3n de Rodr\u00edguez a Carela indica que en lugar de prisi\u00f3n preventiva, solicite presentaci\u00f3n peri\u00f3dica como medida de coerci\u00f3n en contra del activista [&hellip;]<\/p>\n","protected":false},"author":1,"featured_media":0,"comment_status":"open","ping_status":"open","sticky":false,"template":"","format":"standard","meta":{"_bbp_topic_count":0,"_bbp_reply_count":0,"_bbp_total_topic_count":0,"_bbp_total_reply_count":0,"_bbp_voice_count":0,"_bbp_anonymous_reply_count":0,"_bbp_topic_count_hidden":0,"_bbp_reply_count_hidden":0,"_bbp_forum_subforum_count":0,"footnotes":""},"categories":[30,60],"tags":[],"class_list":{"0":"post-289888","1":"post","2":"type-post","3":"status-publish","4":"format-standard","6":"category-actualidad","7":"category-titulares-del-dia"},"_links":{"self":[{"href":"https:\/\/primermomento.com\/index.php?rest_route=\/wp\/v2\/posts\/289888","targetHints":{"allow":["GET"]}}],"collection":[{"href":"https:\/\/primermomento.com\/index.php?rest_route=\/wp\/v2\/posts"}],"about":[{"href":"https:\/\/primermomento.com\/index.php?rest_route=\/wp\/v2\/types\/post"}],"author":[{"embeddable":true,"href":"https:\/\/primermomento.com\/index.php?rest_route=\/wp\/v2\/users\/1"}],"replies":[{"embeddable":true,"href":"https:\/\/primermomento.com\/index.php?rest_route=%2Fwp%2Fv2%2Fcomments&post=289888"}],"version-history":[{"count":0,"href":"https:\/\/primermomento.com\/index.php?rest_route=\/wp\/v2\/posts\/289888\/revisions"}],"wp:attachment":[{"href":"https:\/\/primermomento.com\/index.php?rest_route=%2Fwp%2Fv2%2Fmedia&parent=289888"}],"wp:term":[{"taxonomy":"category","embeddable":true,"href":"https:\/\/primermomento.com\/index.php?rest_route=%2Fwp%2Fv2%2Fcategories&post=289888"},{"taxonomy":"post_tag","embeddable":true,"href":"https:\/\/primermomento.com\/index.php?rest_route=%2Fwp%2Fv2%2Ftags&post=289888"}],"curies":[{"name":"wp","href":"https:\/\/api.w.org\/{rel}","templated":true}]}}