{"id":289893,"date":"2017-05-09T14:51:02","date_gmt":"2017-05-09T18:51:02","guid":{"rendered":"http:\/\/primermomento.com\/?p=289893"},"modified":"2017-05-09T18:44:01","modified_gmt":"2017-05-09T22:44:01","slug":"turismo-genera-mas-empleo-en-ciudad-colonial-de-la-capital","status":"publish","type":"post","link":"https:\/\/primermomento.com\/?p=289893","title":{"rendered":"Turismo genera m\u00e1s empleo en Ciudad Colonial de la capital"},"content":{"rendered":"<div class=\"fullNewsIntrotext\">SANTO DOMINGO, Rep\u00fablica Dominicana.- El turismo permiti\u00f3 la creaci\u00f3n de 296 nuevas empresas y gener\u00f3 mil 232 nuevos empleos en el casco hist\u00f3rico de esta capital debido al gubernamental programa de fomento ejecutado en la Ciudad Colonial.<\/div>\n<p><img loading=\"lazy\" decoding=\"async\" class=\"size-medium wp-image-289894 alignleft\" src=\"http:\/\/primermomento.com\/wp-content\/uploads\/2017\/05\/dominicana-turismo-300x200.jpg\" alt=\"\" width=\"300\" height=\"200\" srcset=\"https:\/\/primermomento.com\/wp-content\/uploads\/2017\/05\/dominicana-turismo-300x200.jpg 300w, https:\/\/primermomento.com\/wp-content\/uploads\/2017\/05\/dominicana-turismo-73x50.jpg 73w, https:\/\/primermomento.com\/wp-content\/uploads\/2017\/05\/dominicana-turismo-500x333.jpg 500w, https:\/\/primermomento.com\/wp-content\/uploads\/2017\/05\/dominicana-turismo-280x186.jpg 280w, https:\/\/primermomento.com\/wp-content\/uploads\/2017\/05\/dominicana-turismo-60x40.jpg 60w, https:\/\/primermomento.com\/wp-content\/uploads\/2017\/05\/dominicana-turismo-638x425.jpg 638w, https:\/\/primermomento.com\/wp-content\/uploads\/2017\/05\/dominicana-turismo-118x79.jpg 118w, https:\/\/primermomento.com\/wp-content\/uploads\/2017\/05\/dominicana-turismo-479x319.jpg 479w, https:\/\/primermomento.com\/wp-content\/uploads\/2017\/05\/dominicana-turismo.jpg 748w\" sizes=\"auto, (max-width: 300px) 100vw, 300px\" \/>El incremento de empleos alcanz\u00f3 el 43 por ciento y es generado espec\u00edficamente en las \u00e1reas de alojamiento, alimentos y bebidas, indica la publicaci\u00f3n Bar\u00f3metro producido por el Viceministerio T\u00e9cnico de Turismo.<\/p>\n<div class=\"fullNewsFulltext\">\n<p>La fuente a\u00f1ade que la inversi\u00f3n de capital por parte del sector privado en la Ciudad Colonial se reactiv\u00f3, sobre todo en \u00e1reas afines al sector turismo, a la par que se llevaba a cabo el proceso de remodelaci\u00f3n de la Ciudad Colonial.<\/p>\n<p>El proyecto de remodelaci\u00f3n dirigido por la arquitecta Maribel Villalona fue ejecutado durante el per\u00edodo 2010-2016 y redujo la tasa hist\u00f3rica de disminuci\u00f3n promedio anual de la poblaci\u00f3n de la Ciudad Colonial, registrada en per\u00edodos anteriores, indic\u00f3 el documento.<\/p>\n<p>La publicaci\u00f3n precisa que las renovaciones realizadas est\u00e1n contribuyendo a fijar la poblaci\u00f3n del centro hist\u00f3rico y atraer nuevos residentes, lo que hace de este \u00e1mbito un lugar cada vez m\u00e1s vivo.<\/p>\n<\/div>\n<div class=\"fullNewsFulltext\"><\/div>\n<div class=\"fullNewsFulltext\" style=\"text-align: right;\"><span style=\"color: #ff0000;\"><em>PL<\/em><\/span><\/div>\n","protected":false},"excerpt":{"rendered":"<p>SANTO DOMINGO, Rep\u00fablica Dominicana.- El turismo permiti\u00f3 la creaci\u00f3n de 296 nuevas empresas y gener\u00f3 mil 232 nuevos empleos en el casco hist\u00f3rico de esta capital debido al gubernamental programa de fomento ejecutado en la Ciudad Colonial. El incremento de empleos alcanz\u00f3 el 43 por ciento y es generado espec\u00edficamente en las \u00e1reas de alojamiento, [&hellip;]<\/p>\n","protected":false},"author":1,"featured_media":0,"comment_status":"open","ping_status":"open","sticky":false,"template":"","format":"standard","meta":{"_bbp_topic_count":0,"_bbp_reply_count":0,"_bbp_total_topic_count":0,"_bbp_total_reply_count":0,"_bbp_voice_count":0,"_bbp_anonymous_reply_count":0,"_bbp_topic_count_hidden":0,"_bbp_reply_count_hidden":0,"_bbp_forum_subforum_count":0,"footnotes":""},"categories":[35,60],"tags":[],"class_list":{"0":"post-289893","1":"post","2":"type-post","3":"status-publish","4":"format-standard","6":"category-economia","7":"category-titulares-del-dia"},"_links":{"self":[{"href":"https:\/\/primermomento.com\/index.php?rest_route=\/wp\/v2\/posts\/289893","targetHints":{"allow":["GET"]}}],"collection":[{"href":"https:\/\/primermomento.com\/index.php?rest_route=\/wp\/v2\/posts"}],"about":[{"href":"https:\/\/primermomento.com\/index.php?rest_route=\/wp\/v2\/types\/post"}],"author":[{"embeddable":true,"href":"https:\/\/primermomento.com\/index.php?rest_route=\/wp\/v2\/users\/1"}],"replies":[{"embeddable":true,"href":"https:\/\/primermomento.com\/index.php?rest_route=%2Fwp%2Fv2%2Fcomments&post=289893"}],"version-history":[{"count":0,"href":"https:\/\/primermomento.com\/index.php?rest_route=\/wp\/v2\/posts\/289893\/revisions"}],"wp:attachment":[{"href":"https:\/\/primermomento.com\/index.php?rest_route=%2Fwp%2Fv2%2Fmedia&parent=289893"}],"wp:term":[{"taxonomy":"category","embeddable":true,"href":"https:\/\/primermomento.com\/index.php?rest_route=%2Fwp%2Fv2%2Fcategories&post=289893"},{"taxonomy":"post_tag","embeddable":true,"href":"https:\/\/primermomento.com\/index.php?rest_route=%2Fwp%2Fv2%2Ftags&post=289893"}],"curies":[{"name":"wp","href":"https:\/\/api.w.org\/{rel}","templated":true}]}}