{"id":290084,"date":"2017-05-12T15:01:51","date_gmt":"2017-05-12T19:01:51","guid":{"rendered":"http:\/\/primermomento.com\/?p=290084"},"modified":"2017-05-13T15:04:43","modified_gmt":"2017-05-13T19:04:43","slug":"pn-confirma-procesaran-a-10-policias-por-agresion-a-activista-social","status":"publish","type":"post","link":"https:\/\/primermomento.com\/?p=290084","title":{"rendered":"PN confirma procesar\u00e1n a 10 polic\u00edas por agresi\u00f3n a activista social"},"content":{"rendered":"<div class=\"fullNewsIntrotext\">SANTO DOMINGO, Rep\u00fablica Dominicana.- El General Nelson Rosario, vocero de la Polic\u00eda Nacional, confirm\u00f3 que procesar\u00e1n a 10 polic\u00edas de la dotaci\u00f3n de Moca, en la provincia dominicana de Espaillat, por la agresi\u00f3n contra el activista comunitario Juan Compr\u00e9s.<\/div>\n<figure id=\"attachment_287482\" aria-describedby=\"caption-attachment-287482\" style=\"width: 300px\" class=\"wp-caption alignleft\"><img loading=\"lazy\" decoding=\"async\" class=\"size-medium wp-image-287482\" src=\"http:\/\/primermomento.com\/wp-content\/uploads\/2017\/02\/Policia-Nacional-foto-PrimerMomento-300x225.jpg\" alt=\"\" width=\"300\" height=\"225\" srcset=\"https:\/\/primermomento.com\/wp-content\/uploads\/2017\/02\/Policia-Nacional-foto-PrimerMomento-300x225.jpg 300w, https:\/\/primermomento.com\/wp-content\/uploads\/2017\/02\/Policia-Nacional-foto-PrimerMomento-120x90.jpg 120w, https:\/\/primermomento.com\/wp-content\/uploads\/2017\/02\/Policia-Nacional-foto-PrimerMomento-500x375.jpg 500w, https:\/\/primermomento.com\/wp-content\/uploads\/2017\/02\/Policia-Nacional-foto-PrimerMomento-280x210.jpg 280w, https:\/\/primermomento.com\/wp-content\/uploads\/2017\/02\/Policia-Nacional-foto-PrimerMomento-638x479.jpg 638w, https:\/\/primermomento.com\/wp-content\/uploads\/2017\/02\/Policia-Nacional-foto-PrimerMomento-118x89.jpg 118w, https:\/\/primermomento.com\/wp-content\/uploads\/2017\/02\/Policia-Nacional-foto-PrimerMomento-479x359.jpg 479w, https:\/\/primermomento.com\/wp-content\/uploads\/2017\/02\/Policia-Nacional-foto-PrimerMomento.jpg 640w\" sizes=\"auto, (max-width: 300px) 100vw, 300px\" \/><figcaption id=\"caption-attachment-287482\" class=\"wp-caption-text\">Palacio de la Polic\u00eda Nacional. Foto | Primer Momento.<\/figcaption><\/figure>\n<p>Rosario dijo que junto al coronel Nelson Valenzuela, jefe de la unidad, tambi\u00e9n fueron enviados ante el procurador fiscal el cabo Luis Arias y los rasos Marxell Valenzuela, Renaury Garc\u00eda, Reynaldo Medina y Roberto Manuel F\u00e9liz.<\/p>\n<div class=\"fullNewsFulltext\">Otros implicados que recibir\u00e1n sanciones disciplinarias son el coronel Pablo Urb\u00e1ez, el mayor Wellinton Ventura, el segundo teniente Louris Montan y el cabo Alexis Ger\u00f3nimo. Esas medidas fueron tomadas luego de que la Direcci\u00f3n General de la Polic\u00eda acogiera las recomendaciones de la comisi\u00f3n designada para investigar el apresamiento de Compr\u00e9s ocurrido la semana \u00faltima.<\/p>\n<p>Seg\u00fan confirmaron los investigadores, a Compr\u00e9s le colocaron 52 gramos de una droga en el auto y adem\u00e1s fue golpeado mientras estuvo en prisi\u00f3n y le causaron traumas contusos.<\/p><\/div>\n<div class=\"fullNewsFulltext\"><\/div>\n<div class=\"fullNewsFulltext\" style=\"text-align: right;\"><em><span style=\"color: #ff0000;\">PL<\/span><\/em><\/div>\n","protected":false},"excerpt":{"rendered":"<p>SANTO DOMINGO, Rep\u00fablica Dominicana.- El General Nelson Rosario, vocero de la Polic\u00eda Nacional, confirm\u00f3 que procesar\u00e1n a 10 polic\u00edas de la dotaci\u00f3n de Moca, en la provincia dominicana de Espaillat, por la agresi\u00f3n contra el activista comunitario Juan Compr\u00e9s. Rosario dijo que junto al coronel Nelson Valenzuela, jefe de la unidad, tambi\u00e9n fueron enviados ante [&hellip;]<\/p>\n","protected":false},"author":1,"featured_media":0,"comment_status":"open","ping_status":"open","sticky":false,"template":"","format":"standard","meta":{"_bbp_topic_count":0,"_bbp_reply_count":0,"_bbp_total_topic_count":0,"_bbp_total_reply_count":0,"_bbp_voice_count":0,"_bbp_anonymous_reply_count":0,"_bbp_topic_count_hidden":0,"_bbp_reply_count_hidden":0,"_bbp_forum_subforum_count":0,"footnotes":""},"categories":[60,32],"tags":[],"class_list":{"0":"post-290084","1":"post","2":"type-post","3":"status-publish","4":"format-standard","6":"category-titulares-del-dia","7":"category-lo-ultimo"},"_links":{"self":[{"href":"https:\/\/primermomento.com\/index.php?rest_route=\/wp\/v2\/posts\/290084","targetHints":{"allow":["GET"]}}],"collection":[{"href":"https:\/\/primermomento.com\/index.php?rest_route=\/wp\/v2\/posts"}],"about":[{"href":"https:\/\/primermomento.com\/index.php?rest_route=\/wp\/v2\/types\/post"}],"author":[{"embeddable":true,"href":"https:\/\/primermomento.com\/index.php?rest_route=\/wp\/v2\/users\/1"}],"replies":[{"embeddable":true,"href":"https:\/\/primermomento.com\/index.php?rest_route=%2Fwp%2Fv2%2Fcomments&post=290084"}],"version-history":[{"count":0,"href":"https:\/\/primermomento.com\/index.php?rest_route=\/wp\/v2\/posts\/290084\/revisions"}],"wp:attachment":[{"href":"https:\/\/primermomento.com\/index.php?rest_route=%2Fwp%2Fv2%2Fmedia&parent=290084"}],"wp:term":[{"taxonomy":"category","embeddable":true,"href":"https:\/\/primermomento.com\/index.php?rest_route=%2Fwp%2Fv2%2Fcategories&post=290084"},{"taxonomy":"post_tag","embeddable":true,"href":"https:\/\/primermomento.com\/index.php?rest_route=%2Fwp%2Fv2%2Ftags&post=290084"}],"curies":[{"name":"wp","href":"https:\/\/api.w.org\/{rel}","templated":true}]}}