{"id":290166,"date":"2017-05-15T16:05:39","date_gmt":"2017-05-15T20:05:39","guid":{"rendered":"http:\/\/primermomento.com\/?p=290166"},"modified":"2017-05-15T17:35:31","modified_gmt":"2017-05-15T21:35:31","slug":"ministro-de-trabajo-admite-decision-empresarial","status":"publish","type":"post","link":"https:\/\/primermomento.com\/?p=290166","title":{"rendered":"Ministro de Trabajo admite decisi\u00f3n empresarial sobre salarios"},"content":{"rendered":"<div class=\"fullNewsIntrotext\"><img loading=\"lazy\" decoding=\"async\" class=\"alignnone size-full wp-image-290167\" src=\"http:\/\/primermomento.com\/wp-content\/uploads\/2017\/05\/Jos\u00e9-Ram\u00f3n-Fadul2.jpg\" alt=\"\" width=\"855\" height=\"481\" \/>SANTO DOMINGO, Rep\u00fablica Dominicana.- El ministro dominicano de Trabajo, Jos\u00e9 Ram\u00f3n Fadul, admiti\u00f3 que los empresarios paguen a sus trabajadores el incremento salarial el 30 de este mes, pero de forma retroactiva al 1 de mayo, y no a partir de hoy como estaba previsto.<\/div>\n<p>No obstante reconoci\u00f3 que el 1 de mayo entr\u00f3 en vigor la resoluci\u00f3n que ordena el alza de 13 por ciento del salario m\u00ednimo a partir de esa fecha y de un siete por ciento m\u00e1s el 1 de noviembre.<\/p>\n<div class=\"fullNewsFulltext\">\n<p>Luego alert\u00f3 que esa resoluci\u00f3n &#8216;tiene fuerza de ley, y no puede ser incumplida&#8217;, pese a que la Confederaci\u00f3n Patronal orientara a sus afiliados a no pagar este 15 el incremento al salario minino de 13 por ciento.<\/p>\n<p>Seguidamente advirti\u00f3 que las empresas que el d\u00eda 30 incumplan la decisi\u00f3n de aumentar la remuneraci\u00f3n b\u00e1sica enfrentar\u00e1n sanciones, y que el personal del Ministerio del Trabajo est\u00e1 activado para inspeccionar y recibir denuncias.<\/p>\n<p>Tambi\u00e9n Fadul resalt\u00f3 que el aumento salarial y la reclasificaci\u00f3n de empresas no son asuntos relacionados, por lo que no deben ligarse, como lo hizo la Confederaci\u00f3n Patronal que pospuso el pago condicion\u00e1ndolo a que se formalice la reclasificaci\u00f3n.<\/p>\n<\/div>\n<div class=\"fullNewsFulltext\"><\/div>\n<div class=\"fullNewsFulltext\" style=\"text-align: right;\"><em><span style=\"color: #ff0000;\">PL<\/span><\/em><\/div>\n","protected":false},"excerpt":{"rendered":"<p>SANTO DOMINGO, Rep\u00fablica Dominicana.- El ministro dominicano de Trabajo, Jos\u00e9 Ram\u00f3n Fadul, admiti\u00f3 que los empresarios paguen a sus trabajadores el incremento salarial el 30 de este mes, pero de forma retroactiva al 1 de mayo, y no a partir de hoy como estaba previsto. No obstante reconoci\u00f3 que el 1 de mayo entr\u00f3 en [&hellip;]<\/p>\n","protected":false},"author":1,"featured_media":0,"comment_status":"open","ping_status":"open","sticky":false,"template":"","format":"standard","meta":{"_bbp_topic_count":0,"_bbp_reply_count":0,"_bbp_total_topic_count":0,"_bbp_total_reply_count":0,"_bbp_voice_count":0,"_bbp_anonymous_reply_count":0,"_bbp_topic_count_hidden":0,"_bbp_reply_count_hidden":0,"_bbp_forum_subforum_count":0,"footnotes":""},"categories":[59,60],"tags":[],"class_list":{"0":"post-290166","1":"post","2":"type-post","3":"status-publish","4":"format-standard","6":"category-foto-del-dia","7":"category-titulares-del-dia"},"_links":{"self":[{"href":"https:\/\/primermomento.com\/index.php?rest_route=\/wp\/v2\/posts\/290166","targetHints":{"allow":["GET"]}}],"collection":[{"href":"https:\/\/primermomento.com\/index.php?rest_route=\/wp\/v2\/posts"}],"about":[{"href":"https:\/\/primermomento.com\/index.php?rest_route=\/wp\/v2\/types\/post"}],"author":[{"embeddable":true,"href":"https:\/\/primermomento.com\/index.php?rest_route=\/wp\/v2\/users\/1"}],"replies":[{"embeddable":true,"href":"https:\/\/primermomento.com\/index.php?rest_route=%2Fwp%2Fv2%2Fcomments&post=290166"}],"version-history":[{"count":0,"href":"https:\/\/primermomento.com\/index.php?rest_route=\/wp\/v2\/posts\/290166\/revisions"}],"wp:attachment":[{"href":"https:\/\/primermomento.com\/index.php?rest_route=%2Fwp%2Fv2%2Fmedia&parent=290166"}],"wp:term":[{"taxonomy":"category","embeddable":true,"href":"https:\/\/primermomento.com\/index.php?rest_route=%2Fwp%2Fv2%2Fcategories&post=290166"},{"taxonomy":"post_tag","embeddable":true,"href":"https:\/\/primermomento.com\/index.php?rest_route=%2Fwp%2Fv2%2Ftags&post=290166"}],"curies":[{"name":"wp","href":"https:\/\/api.w.org\/{rel}","templated":true}]}}