{"id":290170,"date":"2017-05-15T16:10:06","date_gmt":"2017-05-15T20:10:06","guid":{"rendered":"http:\/\/primermomento.com\/?p=290170"},"modified":"2017-05-15T17:38:34","modified_gmt":"2017-05-15T21:38:34","slug":"trabajadores-caneros-reiteran-reclamos-de-pensiones","status":"publish","type":"post","link":"https:\/\/primermomento.com\/?p=290170","title":{"rendered":"Trabajadores ca\u00f1eros reiteran reclamos de pensiones"},"content":{"rendered":"<div class=\"fullNewsIntrotext\">SANTO DOMINGO, Rep\u00fablica Dominicana.- La Uni\u00f3n Nacional de Trabajadores Ca\u00f1eros (UNTC) inicio hoy una vigilia frente al Palacio Nacional en demanda de pensiones para varios de sus miembros.<\/div>\n<p><img loading=\"lazy\" decoding=\"async\" class=\"size-medium wp-image-290171 alignleft\" src=\"http:\/\/primermomento.com\/wp-content\/uploads\/2017\/05\/trabajadores-ca\u00f1eros-300x178.png\" alt=\"\" width=\"300\" height=\"178\" srcset=\"https:\/\/primermomento.com\/wp-content\/uploads\/2017\/05\/trabajadores-ca\u00f1eros-300x178.png 300w, https:\/\/primermomento.com\/wp-content\/uploads\/2017\/05\/trabajadores-ca\u00f1eros-110x66.png 110w, https:\/\/primermomento.com\/wp-content\/uploads\/2017\/05\/trabajadores-ca\u00f1eros-280x167.png 280w, https:\/\/primermomento.com\/wp-content\/uploads\/2017\/05\/trabajadores-ca\u00f1eros-118x70.png 118w, https:\/\/primermomento.com\/wp-content\/uploads\/2017\/05\/trabajadores-ca\u00f1eros.png 432w\" sizes=\"auto, (max-width: 300px) 100vw, 300px\" \/>Jes\u00fas N\u00fa\u00f1ez, l\u00edder de la UNTC, dijo que a partir de hoy y hasta el 21 de diciembre pr\u00f3ximo, 30 ca\u00f1eros se apostar\u00e1n diariamente frente a la casa de Gobierno portando pancartas.<\/p>\n<div class=\"fullNewsFulltext\">A\u00f1adi\u00f3 que adem\u00e1s de la vigilia, realizar\u00e1n otras manifestaciones simult\u00e1neas frente al Ministerio de Hacienda en reclamo de sus reivindicaciones.<\/p>\n<p>Record\u00f3 que llevan m\u00e1s de cuatro a\u00f1os exigiendo se les otorgue pensiones a los cientos de hombres y mujeres que laboraron en bateyes de 14 provincias ca\u00f1eras del pa\u00eds.<\/p>\n<p>En su larga lucha para ser beneficiados con una pensi\u00f3n digna, los cortadores de ca\u00f1a se han manifestado frente a diferentes instituciones gubernamentales sin recibir respuesta.<\/p>\n<p>Esta es la segunda vez en dos meses que esos humildes trabajadores protestan frente al Palacio Nacional y en noviembre \u00faltimo hicieron tres manifestaciones similares.<\/p><\/div>\n<div class=\"fullNewsFulltext\"><\/div>\n<div class=\"fullNewsFulltext\" style=\"text-align: right;\"><em><span style=\"color: #ff0000;\">PL<\/span><\/em><\/div>\n","protected":false},"excerpt":{"rendered":"<p>SANTO DOMINGO, Rep\u00fablica Dominicana.- La Uni\u00f3n Nacional de Trabajadores Ca\u00f1eros (UNTC) inicio hoy una vigilia frente al Palacio Nacional en demanda de pensiones para varios de sus miembros. Jes\u00fas N\u00fa\u00f1ez, l\u00edder de la UNTC, dijo que a partir de hoy y hasta el 21 de diciembre pr\u00f3ximo, 30 ca\u00f1eros se apostar\u00e1n diariamente frente a la [&hellip;]<\/p>\n","protected":false},"author":1,"featured_media":0,"comment_status":"open","ping_status":"open","sticky":false,"template":"","format":"standard","meta":{"_bbp_topic_count":0,"_bbp_reply_count":0,"_bbp_total_topic_count":0,"_bbp_total_reply_count":0,"_bbp_voice_count":0,"_bbp_anonymous_reply_count":0,"_bbp_topic_count_hidden":0,"_bbp_reply_count_hidden":0,"_bbp_forum_subforum_count":0,"footnotes":""},"categories":[30,60],"tags":[],"class_list":{"0":"post-290170","1":"post","2":"type-post","3":"status-publish","4":"format-standard","6":"category-actualidad","7":"category-titulares-del-dia"},"_links":{"self":[{"href":"https:\/\/primermomento.com\/index.php?rest_route=\/wp\/v2\/posts\/290170","targetHints":{"allow":["GET"]}}],"collection":[{"href":"https:\/\/primermomento.com\/index.php?rest_route=\/wp\/v2\/posts"}],"about":[{"href":"https:\/\/primermomento.com\/index.php?rest_route=\/wp\/v2\/types\/post"}],"author":[{"embeddable":true,"href":"https:\/\/primermomento.com\/index.php?rest_route=\/wp\/v2\/users\/1"}],"replies":[{"embeddable":true,"href":"https:\/\/primermomento.com\/index.php?rest_route=%2Fwp%2Fv2%2Fcomments&post=290170"}],"version-history":[{"count":0,"href":"https:\/\/primermomento.com\/index.php?rest_route=\/wp\/v2\/posts\/290170\/revisions"}],"wp:attachment":[{"href":"https:\/\/primermomento.com\/index.php?rest_route=%2Fwp%2Fv2%2Fmedia&parent=290170"}],"wp:term":[{"taxonomy":"category","embeddable":true,"href":"https:\/\/primermomento.com\/index.php?rest_route=%2Fwp%2Fv2%2Fcategories&post=290170"},{"taxonomy":"post_tag","embeddable":true,"href":"https:\/\/primermomento.com\/index.php?rest_route=%2Fwp%2Fv2%2Ftags&post=290170"}],"curies":[{"name":"wp","href":"https:\/\/api.w.org\/{rel}","templated":true}]}}