{"id":290243,"date":"2017-05-17T18:53:44","date_gmt":"2017-05-17T22:53:44","guid":{"rendered":"http:\/\/primermomento.com\/?p=290243"},"modified":"2017-05-17T20:57:26","modified_gmt":"2017-05-18T00:57:26","slug":"diputados-opositores-visitan-la-pgr-para-indagar-incidentes","status":"publish","type":"post","link":"https:\/\/primermomento.com\/?p=290243","title":{"rendered":"Diputados opositores visitan la PGR para indagar incidentes"},"content":{"rendered":"<p>SANTO DOMINGO, Rep\u00fablica Dominicana.- Un amplio dispositivo policial se despleg\u00f3 hoy frente a la Procuradur\u00eda General de la Rep\u00fablica tras los incidentes registrados ayer en el que varios diputados fueron agredidos cuando acudieron a acompa\u00f1ar a los grupos populares que intentaron instalar un campamento frente a esta instituci\u00f3n.<\/p>\n<p><img loading=\"lazy\" decoding=\"async\" class=\"size-medium wp-image-290244 alignleft\" src=\"http:\/\/primermomento.com\/wp-content\/uploads\/2017\/05\/diputados-PGR1-300x187.jpg\" alt=\"\" width=\"300\" height=\"187\" srcset=\"https:\/\/primermomento.com\/wp-content\/uploads\/2017\/05\/diputados-PGR1-300x187.jpg 300w, https:\/\/primermomento.com\/wp-content\/uploads\/2017\/05\/diputados-PGR1-500x311.jpg 500w, https:\/\/primermomento.com\/wp-content\/uploads\/2017\/05\/diputados-PGR1-280x174.jpg 280w, https:\/\/primermomento.com\/wp-content\/uploads\/2017\/05\/diputados-PGR1-118x73.jpg 118w, https:\/\/primermomento.com\/wp-content\/uploads\/2017\/05\/diputados-PGR1-479x298.jpg 479w, https:\/\/primermomento.com\/wp-content\/uploads\/2017\/05\/diputados-PGR1.jpg 580w\" sizes=\"auto, (max-width: 300px) 100vw, 300px\" \/>La Polic\u00eda Nacional impidi\u00f3 ayer la instalaci\u00f3n del campamento que varios movimientos ciudadanos pretend\u00edan montar frente a la Procuradur\u00eda para exigir que se haga p\u00fablica la documentaci\u00f3n sobre los sobornos de la constructora Odebrecht en el pa\u00eds.<\/p>\n<p>Los miembros de las fuerzas de seguridad detuvieron a los j\u00f3venes, que horas despu\u00e9s fueron liberados por disposici\u00f3n del procurador general de la Rep\u00fablica, Jean Alain Rodr\u00edguez.<\/p>\n<p>Un grupo de legisladores, todos de oposici\u00f3n, intent\u00f3 alcanzar la sede de la Procuradur\u00eda para acompa\u00f1ar a los miembros de los grupos populares pero fueron repelidos a empujones y con gases lacrim\u00f3genos por polic\u00edas apostados en el lugar.<\/p>\n<p>Tal y como anunciara ayer el portavoz del Partido Revolucionario Moderno (PRM), Alfredo Pacheco, una comisi\u00f3n de legisladores de diversas formaciones opositoras acudi\u00f3 hoy para hablar con responsables de la Procuradur\u00eda y reclamar sanciones contra los agentes policiales que actuaron de forma violenta.<\/p>\n<p>Aunque no se reunir\u00e1n con el procurador porque se encuentra fuera de la capital, Pacheco indic\u00f3 que los responsables de la PGR \u00abhan sido muy atentos, desde anoche estuvimos en comunicaci\u00f3n y el recibimiento que nos han dado en el d\u00eda de hoy ha sido muy diferente al que recibimos ayer\u00bb.<\/p>\n<p>En cuanto se establezcan responsabilidades \u00abvamos a exigir sanciones serias para quienes impidieron a los j\u00f3venes ejercer su derecho\u00bb de manifestaci\u00f3n y que negaron a los diputados el acceso a la sede, produci\u00e9ndose forcejeos y lanzamiento de botes de humo.<\/p>\n<p>\u00abPrimero venimos a esta visita, que fue la que prometimos, y luego veremos qu\u00e9 medidas podemos tomar\u00bb, apunt\u00f3 en declaraciones a la prensa antes del inicio de la reuni\u00f3n en la Procuradur\u00eda.<\/p>\n<p>Para Pacheco, es indudable que \u00abhay sectores del Gobierno a las que esto se le ha ido de las manos, y a todos nos preocupa c\u00f3mo ayer el ministro de Interior y Polic\u00eda, Carlos Amarante Baret, pr\u00e1cticamente aplaudi\u00f3 la agresi\u00f3n que recibieron los j\u00f3venes primero y luego los diputados\u00bb.<\/p>\n<p>\u00abLos sectores democr\u00e1ticos de nuestro pa\u00eds no vamos a tolerar que, adem\u00e1s de todo lo que est\u00e1 pasando, se vulneren los derechos democr\u00e1ticos de los ciudadanos\u00bb, afirm\u00f3 Pacheco.<\/p>\n<p>En un comunicado, el Ministerio de Interior y Polic\u00eda justific\u00f3 ayer el impedimento de instalar el campamento, bajo el argumento de que obstaculizar\u00eda el libre tr\u00e1nsito y el desenvolvimiento normal de varias instituciones.<\/p>\n<p>La C\u00e1mara de Diputados dominicana tambi\u00e9n anunci\u00f3 que una comisi\u00f3n investigar\u00e1 los incidentes ocurridos ayer.<\/p>\n<p>El pasado 19 de abril, un juez dominicano valid\u00f3 un acuerdo entre la Procuradur\u00eda General y la constructora Odebrecht, que deber\u00e1 pagar 184 millones de d\u00f3lares, el doble de lo que entreg\u00f3 en sobornos para hacerse con contratos de obras p\u00fablica, y revelar en 30 d\u00edas los nombres de los beneficiados, plazo que vence este viernes.<\/p>\n<p style=\"text-align: right;\"><span style=\"color: #ff0000;\"><em>EFE<\/em><\/span><\/p>\n<p>&nbsp;<\/p>\n","protected":false},"excerpt":{"rendered":"<p>SANTO DOMINGO, Rep\u00fablica Dominicana.- Un amplio dispositivo policial se despleg\u00f3 hoy frente a la Procuradur\u00eda General de la Rep\u00fablica tras los incidentes registrados ayer en el que varios diputados fueron agredidos cuando acudieron a acompa\u00f1ar a los grupos populares que intentaron instalar un campamento frente a esta instituci\u00f3n. La Polic\u00eda Nacional impidi\u00f3 ayer la instalaci\u00f3n [&hellip;]<\/p>\n","protected":false},"author":1,"featured_media":0,"comment_status":"open","ping_status":"open","sticky":false,"template":"","format":"standard","meta":{"_bbp_topic_count":0,"_bbp_reply_count":0,"_bbp_total_topic_count":0,"_bbp_total_reply_count":0,"_bbp_voice_count":0,"_bbp_anonymous_reply_count":0,"_bbp_topic_count_hidden":0,"_bbp_reply_count_hidden":0,"_bbp_forum_subforum_count":0,"footnotes":""},"categories":[30,60],"tags":[],"class_list":{"0":"post-290243","1":"post","2":"type-post","3":"status-publish","4":"format-standard","6":"category-actualidad","7":"category-titulares-del-dia"},"_links":{"self":[{"href":"https:\/\/primermomento.com\/index.php?rest_route=\/wp\/v2\/posts\/290243","targetHints":{"allow":["GET"]}}],"collection":[{"href":"https:\/\/primermomento.com\/index.php?rest_route=\/wp\/v2\/posts"}],"about":[{"href":"https:\/\/primermomento.com\/index.php?rest_route=\/wp\/v2\/types\/post"}],"author":[{"embeddable":true,"href":"https:\/\/primermomento.com\/index.php?rest_route=\/wp\/v2\/users\/1"}],"replies":[{"embeddable":true,"href":"https:\/\/primermomento.com\/index.php?rest_route=%2Fwp%2Fv2%2Fcomments&post=290243"}],"version-history":[{"count":0,"href":"https:\/\/primermomento.com\/index.php?rest_route=\/wp\/v2\/posts\/290243\/revisions"}],"wp:attachment":[{"href":"https:\/\/primermomento.com\/index.php?rest_route=%2Fwp%2Fv2%2Fmedia&parent=290243"}],"wp:term":[{"taxonomy":"category","embeddable":true,"href":"https:\/\/primermomento.com\/index.php?rest_route=%2Fwp%2Fv2%2Fcategories&post=290243"},{"taxonomy":"post_tag","embeddable":true,"href":"https:\/\/primermomento.com\/index.php?rest_route=%2Fwp%2Fv2%2Ftags&post=290243"}],"curies":[{"name":"wp","href":"https:\/\/api.w.org\/{rel}","templated":true}]}}