{"id":290869,"date":"2017-06-08T12:56:45","date_gmt":"2017-06-08T16:56:45","guid":{"rendered":"http:\/\/primermomento.com\/?p=290869"},"modified":"2017-06-08T12:56:45","modified_gmt":"2017-06-08T16:56:45","slug":"mv-dice-falta-identificar-a-mas-implicados-en-caso-odebrecht","status":"publish","type":"post","link":"https:\/\/primermomento.com\/?p=290869","title":{"rendered":"MV dice falta identificar a m\u00e1s implicados en caso Odebrecht"},"content":{"rendered":"<div class=\"fullNewsIntrotext\">SANTO DOMINGO, Rep\u00fablica Dominicana.- Falta identificar a m\u00e1s sobornados, consider\u00f3 en documento oficial la Marcha Verde al conocer las medidas de coerci\u00f3n aplicadas por el juez Francisco Ortega a los implicados en el caso Odebrecht en la Rep\u00fablica Dominicana.<\/div>\n<p><img loading=\"lazy\" decoding=\"async\" class=\"size-medium wp-image-290870 alignleft\" src=\"http:\/\/primermomento.com\/wp-content\/uploads\/2017\/06\/marcha-verde-advierte-300x201.jpg\" alt=\"\" width=\"300\" height=\"201\" srcset=\"https:\/\/primermomento.com\/wp-content\/uploads\/2017\/06\/marcha-verde-advierte-300x201.jpg 300w, https:\/\/primermomento.com\/wp-content\/uploads\/2017\/06\/marcha-verde-advierte-768x513.jpg 768w, https:\/\/primermomento.com\/wp-content\/uploads\/2017\/06\/marcha-verde-advierte-1024x685.jpg 1024w, https:\/\/primermomento.com\/wp-content\/uploads\/2017\/06\/marcha-verde-advierte-73x50.jpg 73w, https:\/\/primermomento.com\/wp-content\/uploads\/2017\/06\/marcha-verde-advierte-500x334.jpg 500w, https:\/\/primermomento.com\/wp-content\/uploads\/2017\/06\/marcha-verde-advierte-280x187.jpg 280w, https:\/\/primermomento.com\/wp-content\/uploads\/2017\/06\/marcha-verde-advierte-60x40.jpg 60w, https:\/\/primermomento.com\/wp-content\/uploads\/2017\/06\/marcha-verde-advierte-638x426.jpg 638w, https:\/\/primermomento.com\/wp-content\/uploads\/2017\/06\/marcha-verde-advierte-118x79.jpg 118w, https:\/\/primermomento.com\/wp-content\/uploads\/2017\/06\/marcha-verde-advierte-479x320.jpg 479w\" sizes=\"auto, (max-width: 300px) 100vw, 300px\" \/>El movimiento c\u00edvico por el fin de la impunidad asegur\u00f3 que la Procuradur\u00eda General de la Rep\u00fablica debe a\u00fan identificar y enjuiciar a los responsables de las sobrevaluaciones de obras y en especial a los vinculados con la termoel\u00e9ctrica a carb\u00f3n de Punta Catalina.<\/p>\n<div class=\"fullNewsFulltext\">Record\u00f3 que ese caso est\u00e1 incluido en el documento de solicitud de medida de coerci\u00f3n sin se\u00f1alar a ning\u00fan acusado concreto y falta investigar adem\u00e1s las denuncias del ministro de Industria y Comercio, Juan Tem\u00edstocles Mont\u00e1s, y de tres altos ejecutivos de Odebrecht.<\/p>\n<p>Esas personas aseguran que la empresa brasile\u00f1a financi\u00f3 las \u00faltimas tres campa\u00f1as del oficialista Partido de la Liberaci\u00f3n Dominicana y las dos campa\u00f1as del presidente Danilo Medina, declar\u00f3 el colectivo.<\/p>\n<p>La Marcha hizo un llamado a todos los hombres y mujeres de coraz\u00f3n verde a mantener la movilizaci\u00f3n de calle como la \u00fanica garant\u00eda de que el caso Odebrecht llegue hasta las \u00faltimas consecuencias y se convierta en el inicio del fin de la impunidad en este pa\u00eds.<\/p>\n<p>El texto aprovech\u00f3 la oportunidad para reiterar su convocatoria a la poblaci\u00f3n para participar en la masiva demostraci\u00f3n que prepara para este domingo 11 de junio en San Pedro de Macor\u00eds.<\/p>\n<p>Hoy el juez Ortega impuso distintas penas de prisi\u00f3n preventiva a ocho de los 14 imputados en el Caso Odebrecht, incluyendo a un ministro, y a tres parlamentarios les dict\u00f3 presentaci\u00f3n peri\u00f3dica, fianza de cinco millones de pesos e impedimento de salida.<\/p><\/div>\n<div class=\"fullNewsFulltext\"><\/div>\n<div class=\"fullNewsFulltext\"><span style=\"color: #ff0000;\"><em>PL<\/em><\/span><\/div>\n","protected":false},"excerpt":{"rendered":"<p>SANTO DOMINGO, Rep\u00fablica Dominicana.- Falta identificar a m\u00e1s sobornados, consider\u00f3 en documento oficial la Marcha Verde al conocer las medidas de coerci\u00f3n aplicadas por el juez Francisco Ortega a los implicados en el caso Odebrecht en la Rep\u00fablica Dominicana. El movimiento c\u00edvico por el fin de la impunidad asegur\u00f3 que la Procuradur\u00eda General de la [&hellip;]<\/p>\n","protected":false},"author":1,"featured_media":0,"comment_status":"open","ping_status":"open","sticky":false,"template":"","format":"standard","meta":{"_bbp_topic_count":0,"_bbp_reply_count":0,"_bbp_total_topic_count":0,"_bbp_total_reply_count":0,"_bbp_voice_count":0,"_bbp_anonymous_reply_count":0,"_bbp_topic_count_hidden":0,"_bbp_reply_count_hidden":0,"_bbp_forum_subforum_count":0,"footnotes":""},"categories":[60,32],"tags":[],"class_list":{"0":"post-290869","1":"post","2":"type-post","3":"status-publish","4":"format-standard","6":"category-titulares-del-dia","7":"category-lo-ultimo"},"_links":{"self":[{"href":"https:\/\/primermomento.com\/index.php?rest_route=\/wp\/v2\/posts\/290869","targetHints":{"allow":["GET"]}}],"collection":[{"href":"https:\/\/primermomento.com\/index.php?rest_route=\/wp\/v2\/posts"}],"about":[{"href":"https:\/\/primermomento.com\/index.php?rest_route=\/wp\/v2\/types\/post"}],"author":[{"embeddable":true,"href":"https:\/\/primermomento.com\/index.php?rest_route=\/wp\/v2\/users\/1"}],"replies":[{"embeddable":true,"href":"https:\/\/primermomento.com\/index.php?rest_route=%2Fwp%2Fv2%2Fcomments&post=290869"}],"version-history":[{"count":0,"href":"https:\/\/primermomento.com\/index.php?rest_route=\/wp\/v2\/posts\/290869\/revisions"}],"wp:attachment":[{"href":"https:\/\/primermomento.com\/index.php?rest_route=%2Fwp%2Fv2%2Fmedia&parent=290869"}],"wp:term":[{"taxonomy":"category","embeddable":true,"href":"https:\/\/primermomento.com\/index.php?rest_route=%2Fwp%2Fv2%2Fcategories&post=290869"},{"taxonomy":"post_tag","embeddable":true,"href":"https:\/\/primermomento.com\/index.php?rest_route=%2Fwp%2Fv2%2Ftags&post=290869"}],"curies":[{"name":"wp","href":"https:\/\/api.w.org\/{rel}","templated":true}]}}