{"id":290872,"date":"2017-06-08T13:01:06","date_gmt":"2017-06-08T17:01:06","guid":{"rendered":"http:\/\/primermomento.com\/?p=290872"},"modified":"2017-06-08T13:01:27","modified_gmt":"2017-06-08T17:01:27","slug":"ahora-es-que-empieza-el-pleito-amenaza-encarcelado-por-corrupcion","status":"publish","type":"post","link":"https:\/\/primermomento.com\/?p=290872","title":{"rendered":"Ahora es que empieza el pleito, amenaza encarcelado por corrupci\u00f3n"},"content":{"rendered":"<div class=\"fullNewsIntrotext\">SANTO DOMINGO, Rep\u00fablica Dominicana.- \u00bbAhora es que empieza el pleito\u00bb, amenaz\u00f3 el empresario \u00c1ngel Rond\u00f3n, tras escuchar la sentencia del juez dominicano Francisco Ortega que lo envi\u00f3 por un a\u00f1o a cumplir prisi\u00f3n preventiva en la c\u00e1rcel La Victoria.<\/div>\n<figure id=\"attachment_290873\" aria-describedby=\"caption-attachment-290873\" style=\"width: 300px\" class=\"wp-caption alignleft\"><img loading=\"lazy\" decoding=\"async\" class=\"size-medium wp-image-290873\" src=\"http:\/\/primermomento.com\/wp-content\/uploads\/2017\/06\/Angel-Rondon-encarcelado-300x221.jpg\" alt=\"\" width=\"300\" height=\"221\" srcset=\"https:\/\/primermomento.com\/wp-content\/uploads\/2017\/06\/Angel-Rondon-encarcelado-300x221.jpg 300w, https:\/\/primermomento.com\/wp-content\/uploads\/2017\/06\/Angel-Rondon-encarcelado.jpg 500w, https:\/\/primermomento.com\/wp-content\/uploads\/2017\/06\/Angel-Rondon-encarcelado-280x207.jpg 280w, https:\/\/primermomento.com\/wp-content\/uploads\/2017\/06\/Angel-Rondon-encarcelado-118x87.jpg 118w, https:\/\/primermomento.com\/wp-content\/uploads\/2017\/06\/Angel-Rondon-encarcelado-479x354.jpg 479w\" sizes=\"auto, (max-width: 300px) 100vw, 300px\" \/><figcaption id=\"caption-attachment-290873\" class=\"wp-caption-text\">\u00c1ngel Rond\u00f3n, escoltado.<\/figcaption><\/figure>\n<p>Rond\u00f3n hizo su declaraci\u00f3n a la prensa cuando era conducido por la polic\u00eda al autob\u00fas que lo traslad\u00f3 de la Suprema Corte al Palacio de Justicia, donde permanece detenido desde hace 10 d\u00edas junto a otros nueve implicados en el caso de sobornos.<\/p>\n<div class=\"fullNewsFulltext\">\n<p>En sus r\u00e1pidas declaraciones dijo: &#8216;Ahora es que empieza el pleito porque yo tengo ya un a\u00f1o en la costilla&#8217; y llam\u00f3 al juez irresponsable por dejarse llevar por la presi\u00f3n social que existe en el pa\u00eds contra la corrupci\u00f3n.<\/p>\n<p>Visiblemente molesto por el fallo en su contra lleg\u00f3 incluso forcejear con los agentes que le custodiaban y trataban de llev\u00e1rselo mientras ofrec\u00eda las declaraciones a la prensa que recog\u00eda repercusiones de los resultados del juicio.<\/p>\n<p>La Procuradur\u00eda ha definido a Rond\u00f3n como el principal eslab\u00f3n en la cadena de sobornos distribuidos por la empresa brasile\u00f1a Odebrecht para que le asignaran obras estatales.<\/p>\n<p>El sujeto realizaba los pagos a trav\u00e9s de sus 40 empresas y el ministro Tem\u00edstocles Mont\u00e1s reconoci\u00f3 que hizo aportes a las campa\u00f1as electorales del oficialismo.<\/p>\n<\/div>\n<div class=\"fullNewsFulltext\"><\/div>\n<div class=\"fullNewsFulltext\" style=\"text-align: right;\"><span style=\"color: #ff0000;\"><em>PL<\/em><\/span><\/div>\n","protected":false},"excerpt":{"rendered":"<p>SANTO DOMINGO, Rep\u00fablica Dominicana.- \u00bbAhora es que empieza el pleito\u00bb, amenaz\u00f3 el empresario \u00c1ngel Rond\u00f3n, tras escuchar la sentencia del juez dominicano Francisco Ortega que lo envi\u00f3 por un a\u00f1o a cumplir prisi\u00f3n preventiva en la c\u00e1rcel La Victoria. Rond\u00f3n hizo su declaraci\u00f3n a la prensa cuando era conducido por la polic\u00eda al autob\u00fas que [&hellip;]<\/p>\n","protected":false},"author":1,"featured_media":0,"comment_status":"open","ping_status":"open","sticky":false,"template":"","format":"standard","meta":{"_bbp_topic_count":0,"_bbp_reply_count":0,"_bbp_total_topic_count":0,"_bbp_total_reply_count":0,"_bbp_voice_count":0,"_bbp_anonymous_reply_count":0,"_bbp_topic_count_hidden":0,"_bbp_reply_count_hidden":0,"_bbp_forum_subforum_count":0,"footnotes":""},"categories":[60,32],"tags":[],"class_list":{"0":"post-290872","1":"post","2":"type-post","3":"status-publish","4":"format-standard","6":"category-titulares-del-dia","7":"category-lo-ultimo"},"_links":{"self":[{"href":"https:\/\/primermomento.com\/index.php?rest_route=\/wp\/v2\/posts\/290872","targetHints":{"allow":["GET"]}}],"collection":[{"href":"https:\/\/primermomento.com\/index.php?rest_route=\/wp\/v2\/posts"}],"about":[{"href":"https:\/\/primermomento.com\/index.php?rest_route=\/wp\/v2\/types\/post"}],"author":[{"embeddable":true,"href":"https:\/\/primermomento.com\/index.php?rest_route=\/wp\/v2\/users\/1"}],"replies":[{"embeddable":true,"href":"https:\/\/primermomento.com\/index.php?rest_route=%2Fwp%2Fv2%2Fcomments&post=290872"}],"version-history":[{"count":0,"href":"https:\/\/primermomento.com\/index.php?rest_route=\/wp\/v2\/posts\/290872\/revisions"}],"wp:attachment":[{"href":"https:\/\/primermomento.com\/index.php?rest_route=%2Fwp%2Fv2%2Fmedia&parent=290872"}],"wp:term":[{"taxonomy":"category","embeddable":true,"href":"https:\/\/primermomento.com\/index.php?rest_route=%2Fwp%2Fv2%2Fcategories&post=290872"},{"taxonomy":"post_tag","embeddable":true,"href":"https:\/\/primermomento.com\/index.php?rest_route=%2Fwp%2Fv2%2Ftags&post=290872"}],"curies":[{"name":"wp","href":"https:\/\/api.w.org\/{rel}","templated":true}]}}