{"id":290876,"date":"2017-06-08T13:05:33","date_gmt":"2017-06-08T17:05:33","guid":{"rendered":"http:\/\/primermomento.com\/?p=290876"},"modified":"2017-06-08T13:05:33","modified_gmt":"2017-06-08T17:05:33","slug":"prm-rechaza-medida-judicial-con-su-presidente","status":"publish","type":"post","link":"https:\/\/primermomento.com\/?p=290876","title":{"rendered":"PRM rechaza medida judicial con su presidente"},"content":{"rendered":"<div class=\"fullNewsIntrotext\">SANTO DOMINGO, Rep\u00fablica Dominicana.- El opositor Partido Revolucionario Moderno (PRM) manifest\u00f3 hoy su rechazo a la medida de coerci\u00f3n de seis meses de prisi\u00f3n preventiva dictada por el juez Francisco Ortega contra su presidente, Andr\u00e9s Bautista, por el caso Odebrecht.<\/div>\n<p><img loading=\"lazy\" decoding=\"async\" class=\"size-medium wp-image-290877 alignright\" src=\"http:\/\/primermomento.com\/wp-content\/uploads\/2017\/06\/PRM-rechaza-coercion-300x166.jpg\" alt=\"\" width=\"300\" height=\"166\" srcset=\"https:\/\/primermomento.com\/wp-content\/uploads\/2017\/06\/PRM-rechaza-coercion-300x166.jpg 300w, https:\/\/primermomento.com\/wp-content\/uploads\/2017\/06\/PRM-rechaza-coercion-768x426.jpg 768w, https:\/\/primermomento.com\/wp-content\/uploads\/2017\/06\/PRM-rechaza-coercion-216x120.jpg 216w, https:\/\/primermomento.com\/wp-content\/uploads\/2017\/06\/PRM-rechaza-coercion-500x277.jpg 500w, https:\/\/primermomento.com\/wp-content\/uploads\/2017\/06\/PRM-rechaza-coercion-280x155.jpg 280w, https:\/\/primermomento.com\/wp-content\/uploads\/2017\/06\/PRM-rechaza-coercion-638x354.jpg 638w, https:\/\/primermomento.com\/wp-content\/uploads\/2017\/06\/PRM-rechaza-coercion-118x65.jpg 118w, https:\/\/primermomento.com\/wp-content\/uploads\/2017\/06\/PRM-rechaza-coercion-479x266.jpg 479w, https:\/\/primermomento.com\/wp-content\/uploads\/2017\/06\/PRM-rechaza-coercion.jpg 991w\" sizes=\"auto, (max-width: 300px) 100vw, 300px\" \/>El secretario general de la organizaci\u00f3n, Jes\u00fas V\u00e1squez, dijo que el partido se declara en sesi\u00f3n permanente y convoc\u00f3 a sus dirigentes nacionales, regionales, provinciales y municipales a una asamblea para este jueves en el capitalino Club Los Prados.<\/p>\n<div class=\"fullNewsFulltext\" style=\"text-align: left;\">Dijo que en ese encuentro el PRM fijar\u00e1 su posici\u00f3n oficial sobre esa sentencia y trazar\u00e1 una ruta de actividades ante la situaci\u00f3n pol\u00edtica y contra el fallo judicial impuesto a sus miembros, pues adem\u00e1s de Bautista afecta al diputado Alfredo Pacheco.<\/div>\n<div class=\"fullNewsFulltext\" style=\"text-align: left;\"><\/div>\n<div class=\"fullNewsFulltext\" style=\"text-align: right;\"><span style=\"color: #ff0000;\"><em>PL<\/em><\/span><\/div>\n<div class=\"fullNewsFulltext\"><\/div>\n","protected":false},"excerpt":{"rendered":"<p>SANTO DOMINGO, Rep\u00fablica Dominicana.- El opositor Partido Revolucionario Moderno (PRM) manifest\u00f3 hoy su rechazo a la medida de coerci\u00f3n de seis meses de prisi\u00f3n preventiva dictada por el juez Francisco Ortega contra su presidente, Andr\u00e9s Bautista, por el caso Odebrecht. El secretario general de la organizaci\u00f3n, Jes\u00fas V\u00e1squez, dijo que el partido se declara en [&hellip;]<\/p>\n","protected":false},"author":1,"featured_media":0,"comment_status":"open","ping_status":"open","sticky":false,"template":"","format":"standard","meta":{"_bbp_topic_count":0,"_bbp_reply_count":0,"_bbp_total_topic_count":0,"_bbp_total_reply_count":0,"_bbp_voice_count":0,"_bbp_anonymous_reply_count":0,"_bbp_topic_count_hidden":0,"_bbp_reply_count_hidden":0,"_bbp_forum_subforum_count":0,"footnotes":""},"categories":[30,60],"tags":[],"class_list":{"0":"post-290876","1":"post","2":"type-post","3":"status-publish","4":"format-standard","6":"category-actualidad","7":"category-titulares-del-dia"},"_links":{"self":[{"href":"https:\/\/primermomento.com\/index.php?rest_route=\/wp\/v2\/posts\/290876","targetHints":{"allow":["GET"]}}],"collection":[{"href":"https:\/\/primermomento.com\/index.php?rest_route=\/wp\/v2\/posts"}],"about":[{"href":"https:\/\/primermomento.com\/index.php?rest_route=\/wp\/v2\/types\/post"}],"author":[{"embeddable":true,"href":"https:\/\/primermomento.com\/index.php?rest_route=\/wp\/v2\/users\/1"}],"replies":[{"embeddable":true,"href":"https:\/\/primermomento.com\/index.php?rest_route=%2Fwp%2Fv2%2Fcomments&post=290876"}],"version-history":[{"count":0,"href":"https:\/\/primermomento.com\/index.php?rest_route=\/wp\/v2\/posts\/290876\/revisions"}],"wp:attachment":[{"href":"https:\/\/primermomento.com\/index.php?rest_route=%2Fwp%2Fv2%2Fmedia&parent=290876"}],"wp:term":[{"taxonomy":"category","embeddable":true,"href":"https:\/\/primermomento.com\/index.php?rest_route=%2Fwp%2Fv2%2Fcategories&post=290876"},{"taxonomy":"post_tag","embeddable":true,"href":"https:\/\/primermomento.com\/index.php?rest_route=%2Fwp%2Fv2%2Ftags&post=290876"}],"curies":[{"name":"wp","href":"https:\/\/api.w.org\/{rel}","templated":true}]}}