{"id":290889,"date":"2017-06-08T18:27:29","date_gmt":"2017-06-08T22:27:29","guid":{"rendered":"http:\/\/primermomento.com\/?p=290889"},"modified":"2017-06-08T18:27:29","modified_gmt":"2017-06-08T22:27:29","slug":"comision-licitacion-de-punta-catalina-aun-sin-informe","status":"publish","type":"post","link":"https:\/\/primermomento.com\/?p=290889","title":{"rendered":"Comisi\u00f3n licitaci\u00f3n de Punta Catalina aun sin informe"},"content":{"rendered":"<div id=\"stcpDiv\">SANTO DOMINGO, Rep\u00fablica Dominicana.- La comisi\u00f3n designada por el presidente Danilo Medina para investigar el proceso de licitaci\u00f3n de la construcci\u00f3n de la termoel\u00e9ctrica Punta Catalina dijo hoy de que todav\u00eda no hay una fecha para rendir un informe.<\/p>\n<figure id=\"attachment_290890\" aria-describedby=\"caption-attachment-290890\" style=\"width: 300px\" class=\"wp-caption alignleft\"><img loading=\"lazy\" decoding=\"async\" class=\"size-medium wp-image-290890\" src=\"http:\/\/primermomento.com\/wp-content\/uploads\/2017\/06\/agripino-nu\u00f1ez-collado-y-comision-300x225.jpg\" alt=\"\" width=\"300\" height=\"225\" srcset=\"https:\/\/primermomento.com\/wp-content\/uploads\/2017\/06\/agripino-nu\u00f1ez-collado-y-comision-300x225.jpg 300w, https:\/\/primermomento.com\/wp-content\/uploads\/2017\/06\/agripino-nu\u00f1ez-collado-y-comision-120x90.jpg 120w, https:\/\/primermomento.com\/wp-content\/uploads\/2017\/06\/agripino-nu\u00f1ez-collado-y-comision-280x210.jpg 280w, https:\/\/primermomento.com\/wp-content\/uploads\/2017\/06\/agripino-nu\u00f1ez-collado-y-comision-118x89.jpg 118w, https:\/\/primermomento.com\/wp-content\/uploads\/2017\/06\/agripino-nu\u00f1ez-collado-y-comision-479x359.jpg 479w, https:\/\/primermomento.com\/wp-content\/uploads\/2017\/06\/agripino-nu\u00f1ez-collado-y-comision.jpg 480w\" sizes=\"auto, (max-width: 300px) 100vw, 300px\" \/><figcaption id=\"caption-attachment-290890\" class=\"wp-caption-text\">Agripino N\u00fa\u00f1ez Collado.<\/figcaption><\/figure>\n<p>Punta Catalina es construida por un consorcio encabezado por la constructora brasile\u00f1a Odebrecht en la provincia Peravia.<\/p>\n<p>En declaraciones a periodistas, el presidente de la comisi\u00f3n, monse\u00f1or Agripino N\u00fa\u00f1ez Collado, explic\u00f3 hoy que la entrega de este informe, del que ya tienen un borrador, depende de otro que debe presentar la firma estadounidense FTI consulting, encargada de evaluar el proceso.<\/p>\n<p>Por otro lado, N\u00fa\u00f1ez Collado confirm\u00f3 la renuncia a esa comisi\u00f3n por parte del exvicepresidente ejecutivo de la Corporaci\u00f3n Dominicana de Empresas El\u00e9ctricas Estatales (Cdeee) C\u00e9sar S\u00e1nchez, imputado por los sobornos que la constructora Odebrecht asegur\u00f3 haber pagado en el pa\u00eds para lograr contratos de obras.<\/p>\n<p>El pasado 17 de marzo, la comisi\u00f3n encabezada por el sacerdote inform\u00f3 de que la firma estadounidense FTI consulting examinar\u00e1 \u00ablos aspectos t\u00e9cnicos\u00bb de la adjudicaci\u00f3n de la termoel\u00e9ctrica al consorcio encabezado por la multinacional Odebrecht.<\/p><\/div>\n<div><\/div>\n<div style=\"text-align: right;\"><em><span style=\"color: #ff0000;\">EFE<\/span> <\/em><\/div>\n<div><\/div>\n","protected":false},"excerpt":{"rendered":"<p>SANTO DOMINGO, Rep\u00fablica Dominicana.- La comisi\u00f3n designada por el presidente Danilo Medina para investigar el proceso de licitaci\u00f3n de la construcci\u00f3n de la termoel\u00e9ctrica Punta Catalina dijo hoy de que todav\u00eda no hay una fecha para rendir un informe. Punta Catalina es construida por un consorcio encabezado por la constructora brasile\u00f1a Odebrecht en la provincia [&hellip;]<\/p>\n","protected":false},"author":1,"featured_media":0,"comment_status":"open","ping_status":"open","sticky":false,"template":"","format":"standard","meta":{"_bbp_topic_count":0,"_bbp_reply_count":0,"_bbp_total_topic_count":0,"_bbp_total_reply_count":0,"_bbp_voice_count":0,"_bbp_anonymous_reply_count":0,"_bbp_topic_count_hidden":0,"_bbp_reply_count_hidden":0,"_bbp_forum_subforum_count":0,"footnotes":""},"categories":[30,60],"tags":[],"class_list":{"0":"post-290889","1":"post","2":"type-post","3":"status-publish","4":"format-standard","6":"category-actualidad","7":"category-titulares-del-dia"},"_links":{"self":[{"href":"https:\/\/primermomento.com\/index.php?rest_route=\/wp\/v2\/posts\/290889","targetHints":{"allow":["GET"]}}],"collection":[{"href":"https:\/\/primermomento.com\/index.php?rest_route=\/wp\/v2\/posts"}],"about":[{"href":"https:\/\/primermomento.com\/index.php?rest_route=\/wp\/v2\/types\/post"}],"author":[{"embeddable":true,"href":"https:\/\/primermomento.com\/index.php?rest_route=\/wp\/v2\/users\/1"}],"replies":[{"embeddable":true,"href":"https:\/\/primermomento.com\/index.php?rest_route=%2Fwp%2Fv2%2Fcomments&post=290889"}],"version-history":[{"count":0,"href":"https:\/\/primermomento.com\/index.php?rest_route=\/wp\/v2\/posts\/290889\/revisions"}],"wp:attachment":[{"href":"https:\/\/primermomento.com\/index.php?rest_route=%2Fwp%2Fv2%2Fmedia&parent=290889"}],"wp:term":[{"taxonomy":"category","embeddable":true,"href":"https:\/\/primermomento.com\/index.php?rest_route=%2Fwp%2Fv2%2Fcategories&post=290889"},{"taxonomy":"post_tag","embeddable":true,"href":"https:\/\/primermomento.com\/index.php?rest_route=%2Fwp%2Fv2%2Ftags&post=290889"}],"curies":[{"name":"wp","href":"https:\/\/api.w.org\/{rel}","templated":true}]}}