{"id":290892,"date":"2017-06-08T18:31:00","date_gmt":"2017-06-08T22:31:00","guid":{"rendered":"http:\/\/primermomento.com\/?p=290892"},"modified":"2017-06-08T18:31:00","modified_gmt":"2017-06-08T22:31:00","slug":"pc-senala-exclusiones-y-errores-expediente-odebrecht","status":"publish","type":"post","link":"https:\/\/primermomento.com\/?p=290892","title":{"rendered":"PC se\u00f1ala exclusiones y errores expediente Odebrecht"},"content":{"rendered":"<div id=\"stcpDiv\">SANTO DOMINGO, Rep\u00fablica Dominicana.- El movimiento c\u00edvico Participaci\u00f3n Ciudadana (PC), cap\u00edtulo local de Transparencia Internacional, se\u00f1al\u00f3 hoy \u00aberrores injustificables\u00bb y exclusiones en el expediente por los sobornos de Odebrecht, caso por el que ayer fueron enviados a prisi\u00f3n preventiva 8 de los 14 imputados.<\/p>\n<figure id=\"attachment_290893\" aria-describedby=\"caption-attachment-290893\" style=\"width: 300px\" class=\"wp-caption alignleft\"><img loading=\"lazy\" decoding=\"async\" class=\"size-medium wp-image-290893\" src=\"http:\/\/primermomento.com\/wp-content\/uploads\/2017\/06\/Participacion-Ciudadana1-300x200.jpg\" alt=\"\" width=\"300\" height=\"200\" srcset=\"https:\/\/primermomento.com\/wp-content\/uploads\/2017\/06\/Participacion-Ciudadana1-300x200.jpg 300w, https:\/\/primermomento.com\/wp-content\/uploads\/2017\/06\/Participacion-Ciudadana1-73x50.jpg 73w, https:\/\/primermomento.com\/wp-content\/uploads\/2017\/06\/Participacion-Ciudadana1-500x333.jpg 500w, https:\/\/primermomento.com\/wp-content\/uploads\/2017\/06\/Participacion-Ciudadana1-280x186.jpg 280w, https:\/\/primermomento.com\/wp-content\/uploads\/2017\/06\/Participacion-Ciudadana1-60x40.jpg 60w, https:\/\/primermomento.com\/wp-content\/uploads\/2017\/06\/Participacion-Ciudadana1-118x79.jpg 118w, https:\/\/primermomento.com\/wp-content\/uploads\/2017\/06\/Participacion-Ciudadana1-479x319.jpg 479w, https:\/\/primermomento.com\/wp-content\/uploads\/2017\/06\/Participacion-Ciudadana1.jpg 580w\" sizes=\"auto, (max-width: 300px) 100vw, 300px\" \/><figcaption id=\"caption-attachment-290893\" class=\"wp-caption-text\">C\u00e1ndido Mercedes, Marisela Duval y Rosal\u00eda Sosa.<\/figcaption><\/figure>\n<p>El juez Francisco Ortega dict\u00f3 prisi\u00f3n preventiva contra ocho pol\u00edticos y empresarios dominicanos, entre ellos, el ministro de Industria, Tem\u00edstocles Mont\u00e1s; el presidente del principal partido de oposici\u00f3n, Andr\u00e9s Bautista, y el empresario \u00c1ngel Rond\u00f3n, se\u00f1alado como la persona que recibi\u00f3 y entreg\u00f3 los sobornos<\/p>\n<p>Tras esta decisi\u00f3n, PC se\u00f1al\u00f3 hoy en un comunicado, que aunque el expediente del Ministerio P\u00fablico \u00abpresent\u00f3 suficientes indicios\u00bb en contra de los imputados, \u00abfue notorio la comisi\u00f3n de errores injustificables que aunque no afectaron la solicitud realizada ni las investigaciones por realizar, ayudan a desacreditar, no solo el caso m\u00e1s importante del pa\u00eds, sino la labor de los fiscales\u00bb.<\/p>\n<p>No obstante, precis\u00f3, que el caso se encuentra en una etapa procesal \u00abque permite subsanar cualquier error cometido, pues el Ministerio P\u00fablico a\u00fan cuenta con un plazo de por lo menos ocho meses para completar la investigaci\u00f3n y presentar acusaci\u00f3n, cuidando de no cometer nuevos errores, e incluyendo a los responsables que a\u00fan no han sido identificados\u00bb.<\/p>\n<p>Para PC, \u00abfue notoria la exclusi\u00f3n de parientes de dos de los principales imputados, con hechos descritos que los vinculan a los hechos perseguidos\u00bb, pero que no identific\u00f3.<\/p>\n<p>El movimiento record\u00f3 que Odebrecht logr\u00f3 la adjudicaci\u00f3n en el pa\u00eds de 17 obras, pero \u00abllama la atenci\u00f3n\u00bb que el n\u00famero de imputados vinculados a la contrataci\u00f3n y aprobaci\u00f3n en dos de estas, que representan el 5 % de la totalidad de la inversi\u00f3n implicada, sea similar a las otras 15, que representan el 95 %.<\/p>\n<p>Tambi\u00e9n critic\u00f3 que la Procuradur\u00eda General de Rep\u00fablica (PGR) no identificara al senador y al diputado que supuestamente recibieron sobornos para la obtenci\u00f3n y aprobaci\u00f3n del financiamiento en el Congreso Nacional (bicameral) de la termoel\u00e9ctrica Punta Catalina, que construye un consorcio encabezado por Odebrecht.<\/p>\n<p>Critic\u00f3, adem\u00e1s, que los documentos recibidos de Brasil no presentan la lista de todos los sobornados, \u00aby que fue objeto y justificaci\u00f3n del pacto de impunidad suscrito y homologado con la Odebrecht, cuyo cumplimiento no ha exigido la Procuradur\u00eda\u00bb.<\/p>\n<p>Mediante este acuerdo, Odebercht, que deber\u00e1 pagar 184 millones de d\u00f3lares, el doble de lo que entreg\u00f3 en sobornos, se comprometi\u00f3 a revelar los nombres de los beneficiados, a cambio de que sus empleados no sean enjuiciados en este pa\u00eds caribe\u00f1o.<\/p>\n<p>\u00abLas m\u00faltiples implicaciones del esc\u00e1ndalo Odebrecht revelan el nivel de descomposici\u00f3n y corrupci\u00f3n del sistema partidista, el desbordado costo de la pol\u00edtica y la inoperancia de los organismos de fiscalizaci\u00f3n y control\u00bb del pa\u00eds, consider\u00f3 PC.<\/p>\n<p>A la vez, consider\u00f3, que los l\u00edderes locales, incluyendo al presidente del pa\u00eds, Danilo Medina, y sus antecesores, \u00abno pueden refugiarse en la demanda del respeto al debido proceso, que todos debemos preservar, y reconocer la gravedad del esc\u00e1ndalo que ha generado tanta indignaci\u00f3n en la sociedad, a la que est\u00e1n obligados a pedir excusas y proceder firme y decididamente a implementar reformas estructurales para conjurar la enorme corrupci\u00f3n y la impunidad que nos agobian.<\/p>\n<p>Esto, concluy\u00f3, \u00abdebe comenzar de inmediato\u00bb con la aprobaci\u00f3n de las leyes del r\u00e9gimen electoral y de partidos pol\u00edticos \u00abpara reducir el desmesurado costo de la democracia nacional\u00bb.<\/p><\/div>\n<div><\/div>\n<div style=\"text-align: right;\"><span style=\"color: #ff0000;\"><em>EFE<\/em><\/span><\/div>\n<div><\/div>\n","protected":false},"excerpt":{"rendered":"<p>SANTO DOMINGO, Rep\u00fablica Dominicana.- El movimiento c\u00edvico Participaci\u00f3n Ciudadana (PC), cap\u00edtulo local de Transparencia Internacional, se\u00f1al\u00f3 hoy \u00aberrores injustificables\u00bb y exclusiones en el expediente por los sobornos de Odebrecht, caso por el que ayer fueron enviados a prisi\u00f3n preventiva 8 de los 14 imputados. El juez Francisco Ortega dict\u00f3 prisi\u00f3n preventiva contra ocho pol\u00edticos y [&hellip;]<\/p>\n","protected":false},"author":1,"featured_media":0,"comment_status":"open","ping_status":"open","sticky":false,"template":"","format":"standard","meta":{"_bbp_topic_count":0,"_bbp_reply_count":0,"_bbp_total_topic_count":0,"_bbp_total_reply_count":0,"_bbp_voice_count":0,"_bbp_anonymous_reply_count":0,"_bbp_topic_count_hidden":0,"_bbp_reply_count_hidden":0,"_bbp_forum_subforum_count":0,"footnotes":""},"categories":[30,60],"tags":[],"class_list":{"0":"post-290892","1":"post","2":"type-post","3":"status-publish","4":"format-standard","6":"category-actualidad","7":"category-titulares-del-dia"},"_links":{"self":[{"href":"https:\/\/primermomento.com\/index.php?rest_route=\/wp\/v2\/posts\/290892","targetHints":{"allow":["GET"]}}],"collection":[{"href":"https:\/\/primermomento.com\/index.php?rest_route=\/wp\/v2\/posts"}],"about":[{"href":"https:\/\/primermomento.com\/index.php?rest_route=\/wp\/v2\/types\/post"}],"author":[{"embeddable":true,"href":"https:\/\/primermomento.com\/index.php?rest_route=\/wp\/v2\/users\/1"}],"replies":[{"embeddable":true,"href":"https:\/\/primermomento.com\/index.php?rest_route=%2Fwp%2Fv2%2Fcomments&post=290892"}],"version-history":[{"count":0,"href":"https:\/\/primermomento.com\/index.php?rest_route=\/wp\/v2\/posts\/290892\/revisions"}],"wp:attachment":[{"href":"https:\/\/primermomento.com\/index.php?rest_route=%2Fwp%2Fv2%2Fmedia&parent=290892"}],"wp:term":[{"taxonomy":"category","embeddable":true,"href":"https:\/\/primermomento.com\/index.php?rest_route=%2Fwp%2Fv2%2Fcategories&post=290892"},{"taxonomy":"post_tag","embeddable":true,"href":"https:\/\/primermomento.com\/index.php?rest_route=%2Fwp%2Fv2%2Ftags&post=290892"}],"curies":[{"name":"wp","href":"https:\/\/api.w.org\/{rel}","templated":true}]}}