{"id":290895,"date":"2017-06-08T18:36:42","date_gmt":"2017-06-08T22:36:42","guid":{"rendered":"http:\/\/primermomento.com\/?p=290895"},"modified":"2017-06-08T18:36:42","modified_gmt":"2017-06-08T22:36:42","slug":"medina-guarda-silencio-ante-escandalo-de-odebrecht","status":"publish","type":"post","link":"https:\/\/primermomento.com\/?p=290895","title":{"rendered":"Medina guarda silencio ante esc\u00e1ndalo de Odebrecht"},"content":{"rendered":"<div id=\"stcpDiv\">SANTO DOMINGO, Rep\u00fablica Dominicana.- El presidente dominicano, Danilo Medina, guarda un silencio absoluto ante el esc\u00e1ndalo de los sobornos de Odebrecht, unos de los casos m\u00e1s graves de corrupci\u00f3n que ha salpicado a varios dirigentes de su partido, en el poder desde hace 13 a\u00f1os, y que supone un duro golpe para su Gobierno.<\/p>\n<figure id=\"attachment_290896\" aria-describedby=\"caption-attachment-290896\" style=\"width: 300px\" class=\"wp-caption alignleft\"><img loading=\"lazy\" decoding=\"async\" class=\"size-medium wp-image-290896\" src=\"http:\/\/primermomento.com\/wp-content\/uploads\/2017\/06\/medina-y-escandalo-odebrecht-300x200.jpg\" alt=\"\" width=\"300\" height=\"200\" srcset=\"https:\/\/primermomento.com\/wp-content\/uploads\/2017\/06\/medina-y-escandalo-odebrecht-300x200.jpg 300w, https:\/\/primermomento.com\/wp-content\/uploads\/2017\/06\/medina-y-escandalo-odebrecht-73x50.jpg 73w, https:\/\/primermomento.com\/wp-content\/uploads\/2017\/06\/medina-y-escandalo-odebrecht-500x333.jpg 500w, https:\/\/primermomento.com\/wp-content\/uploads\/2017\/06\/medina-y-escandalo-odebrecht-280x186.jpg 280w, https:\/\/primermomento.com\/wp-content\/uploads\/2017\/06\/medina-y-escandalo-odebrecht-60x40.jpg 60w, https:\/\/primermomento.com\/wp-content\/uploads\/2017\/06\/medina-y-escandalo-odebrecht-118x79.jpg 118w, https:\/\/primermomento.com\/wp-content\/uploads\/2017\/06\/medina-y-escandalo-odebrecht-479x319.jpg 479w, https:\/\/primermomento.com\/wp-content\/uploads\/2017\/06\/medina-y-escandalo-odebrecht.jpg 580w\" sizes=\"auto, (max-width: 300px) 100vw, 300px\" \/><figcaption id=\"caption-attachment-290896\" class=\"wp-caption-text\">Danilo Medina.<\/figcaption><\/figure>\n<p>Desde que el pasado 29 de mayo, el ministro dominicano de Industria y Comercio, Tem\u00edstocles Mont\u00e1s, fue arrestado junto a otros nueve pol\u00edticos y empresarios por su presunta implicaci\u00f3n en los sobornos que la empresa brasile\u00f1a pag\u00f3 para lograr la concesi\u00f3n de obras p\u00fablicas, Medina no se ha pronunciado al respecto.<\/p>\n<p>En estas \u00faltimas semanas, Medina, que inici\u00f3 su segundo mandato en agosto del a\u00f1o pasado tras lograr la reelecci\u00f3n, no solo ha mantenido el hermetismo sino que tambi\u00e9n ha reducido sus apariciones en actos p\u00fablicos.<\/p>\n<p>No obstante, esta actitud del presidente Medina no ha motivado cr\u00edticas de los principales partidos opositores.<\/p>\n<p>Mont\u00e1s, que el mismo d\u00eda de su arresto puso su cargo a disposici\u00f3n del presidente, ingresar\u00e1 en las pr\u00f3ximas horas en la c\u00e1rcel de Najayo junto con otros 6 de los imputados contra los que un juez dominicano dict\u00f3 ayer una pena de prisi\u00f3n preventiva.<\/p>\n<p>Hasta el momento, Medina ha mantenido en el cargo a Mont\u00e1s, quien ha ocupado carteras en todos los Gobiernos del Partido de la Liberaci\u00f3n Dominicana (PLD) y es miembro del influyente comit\u00e9 pol\u00edtico de esta agrupaci\u00f3n, aunque tras su imputaci\u00f3n ha pedido su suspensi\u00f3n temporal del principal organismo de direcci\u00f3n del partido.<\/p>\n<p>Adem\u00e1s de Mont\u00e1s, quien tendr\u00e1 que cumplir 6 meses de prisi\u00f3n preventiva han sido imputados otros cuatro dirigentes del gobernante PLD, entre ellos dos senadores, y el exministro de Obras P\u00fablicas, V\u00edctor D\u00edaz Rua.<\/p>\n<p>El caso de Odebrecht tambi\u00e9n ha alcanzado al principal partido de la oposici\u00f3n, el Partido Revolucionario Moderno (PRM), cuyo presidente Andr\u00e9s Bautista, ha sido condenado a seis meses de prisi\u00f3n preventiva.<\/p>\n<p>Seg\u00fan el expediente del Ministerio P\u00fablico, los imputados lograron acumular millonarias fortunas durante estos a\u00f1os, supuestamente gracias a los sobornos del empresario \u00c1ngel Rond\u00f3n, representante comercial de Odebrecht en Rep\u00fablica Dominicana, se\u00f1alado como la persona que distribuy\u00f3 el dinero.<\/p>\n<p>Al grupo, que ha negado durante las audiencias vinculaci\u00f3n alguna con el caso, se le acusa de los delitos de sobornos, asociaci\u00f3n de malhechores, prevaricaci\u00f3n, desfalco, enriquecimiento il\u00edcito y lavado de activos.<\/p>\n<p>La constructora brasile\u00f1a admiti\u00f3 haber pagado 92 millones de d\u00f3lares en sobornos en la Rep\u00fablica Dominicana entre 2001 y 2014, periodo que abarca los Gobiernos de Hip\u00f3lito Mej\u00eda (2000-2004), del opositor Partido Revolucionario Moderno (PRM), as\u00ed como los de Leonel Fern\u00e1ndez (2004-2012) y del actual mandatario, Danilo Medina, ambos del PLD.<\/p>\n<p>Tanto Fern\u00e1ndez, presidente del PLD, como Mej\u00eda han reclamado imparcialidad y transparencia en el proceso, y desde sus partidos se ha puesto a disposici\u00f3n de los imputados asesor\u00eda legal.<\/p>\n<p>Mientras que Medina, que desde que estall\u00f3 el esc\u00e1ndalo, hace cinco meses, apenas se ha referido en contadas ocasiones a este caso, ha optado por el silencio.<\/p>\n<p>En febrero pasado, en su primer discurso de rendici\u00f3n de cuentas de su segundo mandato, Medina asegur\u00f3 que \u00abno habr\u00e1 espacio para la impunidad\u00bb.<\/p>\n<p>Otra de las \u00faltimas ocasiones en las que se refiri\u00f3 a este caso fue el pasado 8 de marzo, cuando neg\u00f3 haber recibido dinero de Odebrecht para financiar sus campa\u00f1as electorales.<\/p>\n<p>Pero varias organizaciones sociales dominicanas han insistido en que adem\u00e1s de los sobornos, la Justicia dominicana debe investigar la financiaci\u00f3n de las campa\u00f1as electorales de Medina tras las declaraciones en ese sentido de funcionarios de Odebrecht en instancias judiciales de Brasil.<\/p>\n<p>Asimismo, tanto grupos sociales como partidos opositores han criticado que no haya ning\u00fan imputado por el proyecto de la termoel\u00e9ctrica de Punta Catalina, que construye un consorcio encabezado por Odebrecht, pese a que en el expediente de la Procuradur\u00eda se se\u00f1ala que varios legisladores supuestamente recibieron sobornos para la aprobaci\u00f3n del financiamiento de esta obra en el Congreso.<\/p>\n<p>Medina design\u00f3 en enero pasado una comisi\u00f3n para investigar la licitaci\u00f3n de Punta Catalina, aunque asegur\u00f3 que su Gobierno \u00abno tiene nada que ocultar\u00bb en este proceso para construir esta planta, considerada una de las principales obras de esa Administraci\u00f3n.<\/p>\n<p>A la espera de conocer la posici\u00f3n de Medina en este caso, grupos sociales como \u00abMarcha Verde\u00bb anuncian que seguir\u00e1n las movilizaciones en las calle.<\/p><\/div>\n<div><\/div>\n<div style=\"text-align: right;\"><span style=\"color: #ff0000;\"><em>Carmen Jim\u00e9nez\/EFE<\/em><\/span><\/div>\n","protected":false},"excerpt":{"rendered":"<p>SANTO DOMINGO, Rep\u00fablica Dominicana.- El presidente dominicano, Danilo Medina, guarda un silencio absoluto ante el esc\u00e1ndalo de los sobornos de Odebrecht, unos de los casos m\u00e1s graves de corrupci\u00f3n que ha salpicado a varios dirigentes de su partido, en el poder desde hace 13 a\u00f1os, y que supone un duro golpe para su Gobierno. Desde [&hellip;]<\/p>\n","protected":false},"author":1,"featured_media":0,"comment_status":"open","ping_status":"open","sticky":false,"template":"","format":"standard","meta":{"_bbp_topic_count":0,"_bbp_reply_count":0,"_bbp_total_topic_count":0,"_bbp_total_reply_count":0,"_bbp_voice_count":0,"_bbp_anonymous_reply_count":0,"_bbp_topic_count_hidden":0,"_bbp_reply_count_hidden":0,"_bbp_forum_subforum_count":0,"footnotes":""},"categories":[30,60],"tags":[],"class_list":{"0":"post-290895","1":"post","2":"type-post","3":"status-publish","4":"format-standard","6":"category-actualidad","7":"category-titulares-del-dia"},"_links":{"self":[{"href":"https:\/\/primermomento.com\/index.php?rest_route=\/wp\/v2\/posts\/290895","targetHints":{"allow":["GET"]}}],"collection":[{"href":"https:\/\/primermomento.com\/index.php?rest_route=\/wp\/v2\/posts"}],"about":[{"href":"https:\/\/primermomento.com\/index.php?rest_route=\/wp\/v2\/types\/post"}],"author":[{"embeddable":true,"href":"https:\/\/primermomento.com\/index.php?rest_route=\/wp\/v2\/users\/1"}],"replies":[{"embeddable":true,"href":"https:\/\/primermomento.com\/index.php?rest_route=%2Fwp%2Fv2%2Fcomments&post=290895"}],"version-history":[{"count":0,"href":"https:\/\/primermomento.com\/index.php?rest_route=\/wp\/v2\/posts\/290895\/revisions"}],"wp:attachment":[{"href":"https:\/\/primermomento.com\/index.php?rest_route=%2Fwp%2Fv2%2Fmedia&parent=290895"}],"wp:term":[{"taxonomy":"category","embeddable":true,"href":"https:\/\/primermomento.com\/index.php?rest_route=%2Fwp%2Fv2%2Fcategories&post=290895"},{"taxonomy":"post_tag","embeddable":true,"href":"https:\/\/primermomento.com\/index.php?rest_route=%2Fwp%2Fv2%2Ftags&post=290895"}],"curies":[{"name":"wp","href":"https:\/\/api.w.org\/{rel}","templated":true}]}}