{"id":290900,"date":"2017-06-08T19:13:14","date_gmt":"2017-06-08T23:13:14","guid":{"rendered":"http:\/\/primermomento.com\/?p=290900"},"modified":"2017-06-08T19:13:14","modified_gmt":"2017-06-08T23:13:14","slug":"bani-ministerio-juramentara-consejo-de-desarrollo-provincial","status":"publish","type":"post","link":"https:\/\/primermomento.com\/?p=290900","title":{"rendered":"BAN\u00cd | Ministerio juramentar\u00e1 Consejo de Desarrollo Provincial"},"content":{"rendered":"<p>BAN\u00cd, Rep\u00fablica Dominicana.- El recien creado Consejo de Desarrollo Provincial, ser\u00e1 juramentado este viernes en una ceremonia a llevarse a cabo en el Centro Cultural Perell\u00f3.<\/p>\n<figure id=\"attachment_290215\" aria-describedby=\"caption-attachment-290215\" style=\"width: 300px\" class=\"wp-caption alignleft\"><img loading=\"lazy\" decoding=\"async\" class=\"size-medium wp-image-290215\" src=\"http:\/\/primermomento.com\/wp-content\/uploads\/2017\/05\/Consejo-Desarrollo1-300x225.jpg\" alt=\"\" width=\"300\" height=\"225\" srcset=\"https:\/\/primermomento.com\/wp-content\/uploads\/2017\/05\/Consejo-Desarrollo1-300x225.jpg 300w, https:\/\/primermomento.com\/wp-content\/uploads\/2017\/05\/Consejo-Desarrollo1-768x576.jpg 768w, https:\/\/primermomento.com\/wp-content\/uploads\/2017\/05\/Consejo-Desarrollo1-1024x768.jpg 1024w, https:\/\/primermomento.com\/wp-content\/uploads\/2017\/05\/Consejo-Desarrollo1-120x90.jpg 120w, https:\/\/primermomento.com\/wp-content\/uploads\/2017\/05\/Consejo-Desarrollo1-500x375.jpg 500w, https:\/\/primermomento.com\/wp-content\/uploads\/2017\/05\/Consejo-Desarrollo1-280x210.jpg 280w, https:\/\/primermomento.com\/wp-content\/uploads\/2017\/05\/Consejo-Desarrollo1-638x479.jpg 638w, https:\/\/primermomento.com\/wp-content\/uploads\/2017\/05\/Consejo-Desarrollo1-118x89.jpg 118w, https:\/\/primermomento.com\/wp-content\/uploads\/2017\/05\/Consejo-Desarrollo1-479x359.jpg 479w\" sizes=\"auto, (max-width: 300px) 100vw, 300px\" \/><figcaption id=\"caption-attachment-290215\" class=\"wp-caption-text\">Escenario de la plenaria que eligi\u00f3 al coordinador y secretario del Consejo de Desarrollo Provincial. Foto | PrimerMomento.<\/figcaption><\/figure>\n<p>Tras el anuncio, las expectativas no se han hecho esperar por parte de las fuerzas vivas de la provincia.<\/p>\n<p>Esta iniciativa reviste gran importancia por ese instrumento de desarrollo ser\u00eda tomado en cuenta cuando el Estado elabore el plan presupuestario en materia de inversi\u00f3n p\u00fablica.<\/p>\n<p>La gobernaci\u00f3n provincial, el Ministerio de Econom\u00eda, Planificaci\u00f3n y Desarrollo y la Direcci\u00f3n General de Ordenamiento y Desarrollo Territorial, han convocado para las 4:00 pm este viernes 9 de mayo.<\/p>\n<p>Ese organismo fue integrado tras realizarse una plenaria con diferentes grupos representativos que fueron capaces de escoger como coordinador al alcalde de Nizao, Salvador P\u00e9rez y como secretario al presidente del Cl\u00faster Tur\u00edstico Banilejo, arquitecto Juan Tejeda.<\/p>\n<p>Se dijo que en el pr\u00f3ximo a\u00f1o fiscal ya la provincia podr\u00e1 ser tomada en cuenta para la planificaci\u00f3n de las obras que a corto, mediano y largo plazo, requiere la provincia Peravia.<\/p>\n<p style=\"text-align: right;\"><span style=\"color: #ff0000;\">Primer<\/span>Momento<\/p>\n<p>&nbsp;<\/p>\n","protected":false},"excerpt":{"rendered":"<p>BAN\u00cd, Rep\u00fablica Dominicana.- El recien creado Consejo de Desarrollo Provincial, ser\u00e1 juramentado este viernes en una ceremonia a llevarse a cabo en el Centro Cultural Perell\u00f3. Tras el anuncio, las expectativas no se han hecho esperar por parte de las fuerzas vivas de la provincia. Esta iniciativa reviste gran importancia por ese instrumento de desarrollo [&hellip;]<\/p>\n","protected":false},"author":1,"featured_media":0,"comment_status":"open","ping_status":"open","sticky":false,"template":"","format":"standard","meta":{"_bbp_topic_count":0,"_bbp_reply_count":0,"_bbp_total_topic_count":0,"_bbp_total_reply_count":0,"_bbp_voice_count":0,"_bbp_anonymous_reply_count":0,"_bbp_topic_count_hidden":0,"_bbp_reply_count_hidden":0,"_bbp_forum_subforum_count":0,"footnotes":""},"categories":[60,32],"tags":[],"class_list":{"0":"post-290900","1":"post","2":"type-post","3":"status-publish","4":"format-standard","6":"category-titulares-del-dia","7":"category-lo-ultimo"},"_links":{"self":[{"href":"https:\/\/primermomento.com\/index.php?rest_route=\/wp\/v2\/posts\/290900","targetHints":{"allow":["GET"]}}],"collection":[{"href":"https:\/\/primermomento.com\/index.php?rest_route=\/wp\/v2\/posts"}],"about":[{"href":"https:\/\/primermomento.com\/index.php?rest_route=\/wp\/v2\/types\/post"}],"author":[{"embeddable":true,"href":"https:\/\/primermomento.com\/index.php?rest_route=\/wp\/v2\/users\/1"}],"replies":[{"embeddable":true,"href":"https:\/\/primermomento.com\/index.php?rest_route=%2Fwp%2Fv2%2Fcomments&post=290900"}],"version-history":[{"count":0,"href":"https:\/\/primermomento.com\/index.php?rest_route=\/wp\/v2\/posts\/290900\/revisions"}],"wp:attachment":[{"href":"https:\/\/primermomento.com\/index.php?rest_route=%2Fwp%2Fv2%2Fmedia&parent=290900"}],"wp:term":[{"taxonomy":"category","embeddable":true,"href":"https:\/\/primermomento.com\/index.php?rest_route=%2Fwp%2Fv2%2Fcategories&post=290900"},{"taxonomy":"post_tag","embeddable":true,"href":"https:\/\/primermomento.com\/index.php?rest_route=%2Fwp%2Fv2%2Ftags&post=290900"}],"curies":[{"name":"wp","href":"https:\/\/api.w.org\/{rel}","templated":true}]}}