{"id":290946,"date":"2017-06-10T08:32:53","date_gmt":"2017-06-10T12:32:53","guid":{"rendered":"http:\/\/primermomento.com\/?p=290946"},"modified":"2017-06-10T08:32:53","modified_gmt":"2017-06-10T12:32:53","slug":"bani-instalan-congreso-de-innovacion-peravia-cambia","status":"publish","type":"post","link":"https:\/\/primermomento.com\/?p=290946","title":{"rendered":"BAN\u00cd | Instalan Congreso de Innovaci\u00f3n \u00abPeravia Cambia\u00bb"},"content":{"rendered":"<p>BAN\u00cd, Rep\u00fablica Dominicana.- Bajo el slogan \u00abPeravia Cambia\u00bb, qued\u00f3 inaugurado el Primer Congreso de Innovaci\u00f3n Cooperativa de esta provincia, bajo los auspicios de la Gesti\u00f3n Social y Legislativa del diputado Julito Fulcar y el Instituto para el Fomento de la Educaci\u00f3n, la Democracia y el Desarrollo Nacional, IFEDD.<\/p>\n<figure id=\"attachment_290947\" aria-describedby=\"caption-attachment-290947\" style=\"width: 300px\" class=\"wp-caption alignleft\"><img loading=\"lazy\" decoding=\"async\" class=\"size-medium wp-image-290947\" src=\"http:\/\/primermomento.com\/wp-content\/uploads\/2017\/06\/Congreso-cooperativa-300x225.jpg\" alt=\"\" width=\"300\" height=\"225\" srcset=\"https:\/\/primermomento.com\/wp-content\/uploads\/2017\/06\/Congreso-cooperativa-300x225.jpg 300w, https:\/\/primermomento.com\/wp-content\/uploads\/2017\/06\/Congreso-cooperativa-768x576.jpg 768w, https:\/\/primermomento.com\/wp-content\/uploads\/2017\/06\/Congreso-cooperativa-1024x768.jpg 1024w, https:\/\/primermomento.com\/wp-content\/uploads\/2017\/06\/Congreso-cooperativa-120x90.jpg 120w, https:\/\/primermomento.com\/wp-content\/uploads\/2017\/06\/Congreso-cooperativa-500x375.jpg 500w, https:\/\/primermomento.com\/wp-content\/uploads\/2017\/06\/Congreso-cooperativa-280x210.jpg 280w, https:\/\/primermomento.com\/wp-content\/uploads\/2017\/06\/Congreso-cooperativa-638x479.jpg 638w, https:\/\/primermomento.com\/wp-content\/uploads\/2017\/06\/Congreso-cooperativa-118x89.jpg 118w, https:\/\/primermomento.com\/wp-content\/uploads\/2017\/06\/Congreso-cooperativa-479x359.jpg 479w\" sizes=\"auto, (max-width: 300px) 100vw, 300px\" \/><figcaption id=\"caption-attachment-290947\" class=\"wp-caption-text\">Una considerable asistencia se dio cita en el Congreso de Innovaci\u00f3n. Foto | Primer Momento.<\/figcaption><\/figure>\n<p>La parte frontal del Centro Cultural Perell\u00f3 fue el escenario del evento, donde han asistido cientos de delegaciones nacionales e internacionales.<\/p>\n<p>El acto empez\u00f3 a las 4 de la tarde de este viernes 9 de junio con la recepci\u00f3n de invitados, integraci\u00f3n de la mesa directiva, inicio de ceremonia, invocaci\u00f3n a Dios, Himno Nacional, palabras de bienvenidas de Juandry Herrera, salutaci\u00f3n de Francesco Garcea, de la Escuela Andaluza de Econom\u00eda Social, Espa\u00f1a.<\/p>\n<figure id=\"attachment_290948\" aria-describedby=\"caption-attachment-290948\" style=\"width: 300px\" class=\"wp-caption alignright\"><img loading=\"lazy\" decoding=\"async\" class=\"size-medium wp-image-290948\" src=\"http:\/\/primermomento.com\/wp-content\/uploads\/2017\/06\/Julito-Fulcar-300x225.jpg\" alt=\"\" width=\"300\" height=\"225\" srcset=\"https:\/\/primermomento.com\/wp-content\/uploads\/2017\/06\/Julito-Fulcar-300x225.jpg 300w, https:\/\/primermomento.com\/wp-content\/uploads\/2017\/06\/Julito-Fulcar-768x576.jpg 768w, https:\/\/primermomento.com\/wp-content\/uploads\/2017\/06\/Julito-Fulcar-1024x768.jpg 1024w, https:\/\/primermomento.com\/wp-content\/uploads\/2017\/06\/Julito-Fulcar-120x90.jpg 120w, https:\/\/primermomento.com\/wp-content\/uploads\/2017\/06\/Julito-Fulcar-500x375.jpg 500w, https:\/\/primermomento.com\/wp-content\/uploads\/2017\/06\/Julito-Fulcar-280x210.jpg 280w, https:\/\/primermomento.com\/wp-content\/uploads\/2017\/06\/Julito-Fulcar-638x479.jpg 638w, https:\/\/primermomento.com\/wp-content\/uploads\/2017\/06\/Julito-Fulcar-118x89.jpg 118w, https:\/\/primermomento.com\/wp-content\/uploads\/2017\/06\/Julito-Fulcar-479x359.jpg 479w\" sizes=\"auto, (max-width: 300px) 100vw, 300px\" \/><figcaption id=\"caption-attachment-290948\" class=\"wp-caption-text\">Julito Fulcar, presidente del citado evento cooperativista. Foto | Primer Momento.<\/figcaption><\/figure>\n<p>Asimismo, hubo un mensaje de motivaci\u00f3n por un representante de la C\u00e1mara de Diputados, discurso central de Julito Fulcar, legislador de la provincia Peravia y presidente del Primer Congreso de Innovaci\u00f3n Cooperativa, y participaci\u00f3n art\u00edstica para cerrar el primer d\u00eda de tres jornadas de trabajo.<\/p>\n<p>Para este s\u00e1bado 10 de junio, es la apertura al p\u00fablico, con una conferencia titulada Hablemos de Emprender, a cargo del licenciado Yasser Jord\u00e1n, viceministro de Emprendimiento del Ministerio de la Juventud. Luego presentar\u00e1n la conferencia La Innovaci\u00f3n Tecnol\u00f3gica aplicada a los Emprendimientos, por el ingeniero Jos\u00e9 Armando Tav\u00e1rez Rodr\u00edguez, rector del Instituto Tecnol\u00f3gico de Las Am\u00e9ricas, ITLA.<\/p>\n<p>En horas de la tarde presentar\u00e1n el jurado colegiado, j\u00f3venes concursantes presentar\u00e1n proyectos de innovaci\u00f3n ante el jurado, y cierre de actividades.<\/p>\n<p>Para el domingo 11 de junio, apertura al p\u00fablico, conferencia La Innovaci\u00f3n y e Emprendimiento en el desarrollo de la Econom\u00eda Social, cuya ponencia la dictar\u00e1 Francesco Garcea, Escuela de Econom\u00eda de Andaluc\u00eda, Espa\u00f1a. Posteriormente, una mesa de negocios empresariales.<\/p>\n<p>Este d\u00eda habr\u00e1 entrega de certificados de capacitaci\u00f3n a los participantes del concurso, a los conferencistas y delegaciones internacionales.<\/p>\n<p>El jurado leer\u00e1 el veredicto final y anunciar\u00e1 proyectos ganadores del evento, asi como tambi\u00e9n dar\u00e1n a conocer los ganadores, entrega de medallas, trofeos y dinero en efectivo.<\/p>\n<p style=\"text-align: right;\"><span style=\"color: #ff0000;\">Primer<\/span>Momento<\/p>\n<p>&nbsp;<\/p>\n","protected":false},"excerpt":{"rendered":"<p>BAN\u00cd, Rep\u00fablica Dominicana.- Bajo el slogan \u00abPeravia Cambia\u00bb, qued\u00f3 inaugurado el Primer Congreso de Innovaci\u00f3n Cooperativa de esta provincia, bajo los auspicios de la Gesti\u00f3n Social y Legislativa del diputado Julito Fulcar y el Instituto para el Fomento de la Educaci\u00f3n, la Democracia y el Desarrollo Nacional, IFEDD. La parte frontal del Centro Cultural Perell\u00f3 [&hellip;]<\/p>\n","protected":false},"author":1,"featured_media":0,"comment_status":"open","ping_status":"open","sticky":false,"template":"","format":"standard","meta":{"_bbp_topic_count":0,"_bbp_reply_count":0,"_bbp_total_topic_count":0,"_bbp_total_reply_count":0,"_bbp_voice_count":0,"_bbp_anonymous_reply_count":0,"_bbp_topic_count_hidden":0,"_bbp_reply_count_hidden":0,"_bbp_forum_subforum_count":0,"footnotes":""},"categories":[30,60],"tags":[],"class_list":{"0":"post-290946","1":"post","2":"type-post","3":"status-publish","4":"format-standard","6":"category-actualidad","7":"category-titulares-del-dia"},"_links":{"self":[{"href":"https:\/\/primermomento.com\/index.php?rest_route=\/wp\/v2\/posts\/290946","targetHints":{"allow":["GET"]}}],"collection":[{"href":"https:\/\/primermomento.com\/index.php?rest_route=\/wp\/v2\/posts"}],"about":[{"href":"https:\/\/primermomento.com\/index.php?rest_route=\/wp\/v2\/types\/post"}],"author":[{"embeddable":true,"href":"https:\/\/primermomento.com\/index.php?rest_route=\/wp\/v2\/users\/1"}],"replies":[{"embeddable":true,"href":"https:\/\/primermomento.com\/index.php?rest_route=%2Fwp%2Fv2%2Fcomments&post=290946"}],"version-history":[{"count":0,"href":"https:\/\/primermomento.com\/index.php?rest_route=\/wp\/v2\/posts\/290946\/revisions"}],"wp:attachment":[{"href":"https:\/\/primermomento.com\/index.php?rest_route=%2Fwp%2Fv2%2Fmedia&parent=290946"}],"wp:term":[{"taxonomy":"category","embeddable":true,"href":"https:\/\/primermomento.com\/index.php?rest_route=%2Fwp%2Fv2%2Fcategories&post=290946"},{"taxonomy":"post_tag","embeddable":true,"href":"https:\/\/primermomento.com\/index.php?rest_route=%2Fwp%2Fv2%2Ftags&post=290946"}],"curies":[{"name":"wp","href":"https:\/\/api.w.org\/{rel}","templated":true}]}}