{"id":290991,"date":"2017-06-10T08:53:13","date_gmt":"2017-06-10T12:53:13","guid":{"rendered":"http:\/\/primermomento.com\/?p=290991"},"modified":"2017-06-10T15:00:31","modified_gmt":"2017-06-10T19:00:31","slug":"juicio-por-corrupcion-acaparo-semana-en-el-pais","status":"publish","type":"post","link":"https:\/\/primermomento.com\/?p=290991","title":{"rendered":"Juicio por corrupci\u00f3n acapar\u00f3 semana en el pa\u00eds"},"content":{"rendered":"<div class=\"fullNewsIntrotext\">SANTO DOMINGO, Rep\u00fablica Dominicana.- El juicio contra promotores y receptores de sobornos distribuidos por la empresa constructora brasile\u00f1a Odebrecht acapar\u00f3 la atenci\u00f3n de los dominicanos durante la semana concluida.<\/div>\n<p><img loading=\"lazy\" decoding=\"async\" class=\"size-medium wp-image-290992 alignleft\" src=\"http:\/\/primermomento.com\/wp-content\/uploads\/2017\/06\/juicio-por-corrupcion-dominicana-300x200.jpg\" alt=\"\" width=\"300\" height=\"200\" srcset=\"https:\/\/primermomento.com\/wp-content\/uploads\/2017\/06\/juicio-por-corrupcion-dominicana-300x200.jpg 300w, https:\/\/primermomento.com\/wp-content\/uploads\/2017\/06\/juicio-por-corrupcion-dominicana-73x50.jpg 73w, https:\/\/primermomento.com\/wp-content\/uploads\/2017\/06\/juicio-por-corrupcion-dominicana-500x333.jpg 500w, https:\/\/primermomento.com\/wp-content\/uploads\/2017\/06\/juicio-por-corrupcion-dominicana-280x186.jpg 280w, https:\/\/primermomento.com\/wp-content\/uploads\/2017\/06\/juicio-por-corrupcion-dominicana-60x40.jpg 60w, https:\/\/primermomento.com\/wp-content\/uploads\/2017\/06\/juicio-por-corrupcion-dominicana-118x79.jpg 118w, https:\/\/primermomento.com\/wp-content\/uploads\/2017\/06\/juicio-por-corrupcion-dominicana-479x319.jpg 479w, https:\/\/primermomento.com\/wp-content\/uploads\/2017\/06\/juicio-por-corrupcion-dominicana.jpg 580w\" sizes=\"auto, (max-width: 300px) 100vw, 300px\" \/>No solo ha sido el proceso con m\u00e1s cobertura medi\u00e1tica de los \u00faltimos tiempos, sino adem\u00e1s el \u00fanico que simult\u00e1neamente involucr\u00f3 a un ministro en ejercicio, tres legisladores, varios exfuncionarios y afecta a los dos partidos mayoritarios.<\/p>\n<div class=\"fullNewsFulltext\">\n<p>Pero si todo ello recibi\u00f3 destaque lo m\u00e1s importante fue la sentencia decidida por el juez Francisco Ortega, quien dict\u00f3 prisi\u00f3n preventiva para casi todos los acusados de recibir sobornos de Odebrecht en el pa\u00eds.<\/p>\n<p>Seg\u00fan la sentencia, emitida el mi\u00e9rcoles, el empresario \u00c1ngel Rond\u00f3n, acusado de distribuir los sobornos, recibi\u00f3 un a\u00f1o de prisi\u00f3n preventiva en la penitenciar\u00eda de La Victoria.<\/p>\n<p>En tanto V\u00edctor D\u00edaz R\u00faa y Conrad Pittaluga, recibieron nueve meses; Andr\u00e9s Bautista, el ministro Tem\u00edstocles Mont\u00e1s y Ruddy Gonz\u00e1lez, seis meses; y C\u00e9sar S\u00e1nchez y M\u00e1ximo D\u00b4Oleo tres meses de preventiva, todos en la c\u00e1rcel de Najayo.<\/p>\n<p>De igual forma quedaron bajo arresto domiciliario por espacio de nueve meses Radham\u00e9s Segura y Roberto Rodr\u00edguez, a quienes se les tuvo en cuenta sus problemas de salud.<\/p>\n<p>En tanto a los senadores Tommy Gal\u00e1n y Julio C\u00e9sar Valent\u00edn y el diputado Alfredo Pacheco, amparados por inmunidad parlamentaria, se les impuso fianza y prohibici\u00f3n de salir del pa\u00eds.<\/p>\n<p>Lo nuevo, despu\u00e9s de la sentencia del juez, ha sido la sustituci\u00f3n de Mont\u00e1s por Nelson Toca Sim\u00f3 como ministro de Industria, Comercio y Mipymes.<\/p>\n<p>En tanto a Segura y Rodr\u00edguez los trasladaron a sus respectivas residencias para que cumplan la resoluci\u00f3n del juez especial Ortega.<\/p>\n<p>Sin embargo, el magistrado rechaz\u00f3 los certificados m\u00e9dicos presentados luego por S\u00e1nchez y Gonz\u00e1lez por no cumplir los requerimientos de ley y seguir\u00e1n a Najayo.<\/p>\n<p>El grueso de los detenidos permanec\u00eda este s\u00e1bado en la c\u00e1rcel del Palacio de Justicia por demoras en la llegada de su orden de traslado, algo que se vincula a la remodelaci\u00f3n de las celdas que ocupar\u00e1n en las prisiones.<\/p>\n<p>Seg\u00fan trascendi\u00f3, entre de los privilegios que tendr\u00e1n los nuevos ocupantes de Najayo y La Victoria aparecen: aire acondicionado, televisores, neveras, estufas, camas y hasta computadoras y celulares.<\/p>\n<p>El sacerdote Fray Santiago lanz\u00f3 cr\u00edticas al procurador general Jean Alain Rodr\u00edguez, por el hecho de que, a su juicio, los acusados de corrupci\u00f3n en el caso Odebrecht son llevados a c\u00e1rceles acondicionadas, como si se tratara de hoteles.<\/p>\n<p>&#8216;Este privilegio puede crear des\u00f3rdenes en los recintos, al ver los dem\u00e1s el favoritismo con que son tratados los reos de Odebrecht, alert\u00f3 el sacerdote.<\/p>\n<p>Tambi\u00e9n la Juventud Duartiana hizo una demostraci\u00f3n p\u00fablica en la que su vocero \u00c1ngel Garc\u00eda manifest\u00f3 preocupaci\u00f3n por las comodidades y arreglos en las celdas de los pol\u00edticos presos por el caso de los sobornos Odebrecht.<\/p>\n<p>&#8216;Primero el remozamiento de las celdas y ahora nos enteramos de los lujos que les permitir\u00e1n tener en las c\u00e1rceles. Eso env\u00eda un mensaje negativo a la poblaci\u00f3n. Dice que la justicia seguir\u00e1 privilegiando a delincuentes de cuello blanco&#8217;, alert\u00f3.<\/p>\n<p>En opini\u00f3n de Garc\u00eda, la Procuradur\u00eda actua descaradamente frente a la poblaci\u00f3n cuando acondiciona la c\u00e1rcel para beneficiar a enriquecidos con dinero del erario y lo \u00fanico que falta es darles una piscina para estar en un resort cinco estrellas.<\/p>\n<\/div>\n<div class=\"fullNewsFulltext\"><\/div>\n<div class=\"fullNewsFulltext\" style=\"text-align: right;\"><span style=\"color: #ff0000;\"><em>PL<\/em><\/span><\/div>\n","protected":false},"excerpt":{"rendered":"<p>SANTO DOMINGO, Rep\u00fablica Dominicana.- El juicio contra promotores y receptores de sobornos distribuidos por la empresa constructora brasile\u00f1a Odebrecht acapar\u00f3 la atenci\u00f3n de los dominicanos durante la semana concluida. No solo ha sido el proceso con m\u00e1s cobertura medi\u00e1tica de los \u00faltimos tiempos, sino adem\u00e1s el \u00fanico que simult\u00e1neamente involucr\u00f3 a un ministro en ejercicio, [&hellip;]<\/p>\n","protected":false},"author":1,"featured_media":0,"comment_status":"open","ping_status":"open","sticky":false,"template":"","format":"standard","meta":{"_bbp_topic_count":0,"_bbp_reply_count":0,"_bbp_total_topic_count":0,"_bbp_total_reply_count":0,"_bbp_voice_count":0,"_bbp_anonymous_reply_count":0,"_bbp_topic_count_hidden":0,"_bbp_reply_count_hidden":0,"_bbp_forum_subforum_count":0,"footnotes":""},"categories":[30,60],"tags":[],"class_list":{"0":"post-290991","1":"post","2":"type-post","3":"status-publish","4":"format-standard","6":"category-actualidad","7":"category-titulares-del-dia"},"_links":{"self":[{"href":"https:\/\/primermomento.com\/index.php?rest_route=\/wp\/v2\/posts\/290991","targetHints":{"allow":["GET"]}}],"collection":[{"href":"https:\/\/primermomento.com\/index.php?rest_route=\/wp\/v2\/posts"}],"about":[{"href":"https:\/\/primermomento.com\/index.php?rest_route=\/wp\/v2\/types\/post"}],"author":[{"embeddable":true,"href":"https:\/\/primermomento.com\/index.php?rest_route=\/wp\/v2\/users\/1"}],"replies":[{"embeddable":true,"href":"https:\/\/primermomento.com\/index.php?rest_route=%2Fwp%2Fv2%2Fcomments&post=290991"}],"version-history":[{"count":0,"href":"https:\/\/primermomento.com\/index.php?rest_route=\/wp\/v2\/posts\/290991\/revisions"}],"wp:attachment":[{"href":"https:\/\/primermomento.com\/index.php?rest_route=%2Fwp%2Fv2%2Fmedia&parent=290991"}],"wp:term":[{"taxonomy":"category","embeddable":true,"href":"https:\/\/primermomento.com\/index.php?rest_route=%2Fwp%2Fv2%2Fcategories&post=290991"},{"taxonomy":"post_tag","embeddable":true,"href":"https:\/\/primermomento.com\/index.php?rest_route=%2Fwp%2Fv2%2Ftags&post=290991"}],"curies":[{"name":"wp","href":"https:\/\/api.w.org\/{rel}","templated":true}]}}