{"id":291013,"date":"2017-06-11T10:18:22","date_gmt":"2017-06-11T14:18:22","guid":{"rendered":"http:\/\/primermomento.com\/?p=291013"},"modified":"2017-06-11T10:22:35","modified_gmt":"2017-06-11T14:22:35","slug":"jeff-sessions-accede-a-testificar-ante-comite-de-inteligencia-del-senado","status":"publish","type":"post","link":"https:\/\/primermomento.com\/?p=291013","title":{"rendered":"Jeff Sessions accede a testificar ante Comit\u00e9 de Inteligencia del Senado"},"content":{"rendered":"<div class=\"wsw\">\n<p>WASHINGTON, Distrito de Columbia.- El fiscal general de Estados Unidos, Jeff Sessions accedi\u00f3 a testificar ante el Comit\u00e9 de Inteligencia del Senado el martes como parte de las investigaciones sobre la intervenci\u00f3n rusa durante las elecciones de 2016.<\/p>\n<figure id=\"attachment_291014\" aria-describedby=\"caption-attachment-291014\" style=\"width: 300px\" class=\"wp-caption alignleft\"><img loading=\"lazy\" decoding=\"async\" class=\"size-medium wp-image-291014\" src=\"http:\/\/primermomento.com\/wp-content\/uploads\/2017\/06\/Jeff-Sessions-y-senado-300x169.jpg\" alt=\"\" width=\"300\" height=\"169\" srcset=\"https:\/\/primermomento.com\/wp-content\/uploads\/2017\/06\/Jeff-Sessions-y-senado-300x169.jpg 300w, https:\/\/primermomento.com\/wp-content\/uploads\/2017\/06\/Jeff-Sessions-y-senado-768x432.jpg 768w, https:\/\/primermomento.com\/wp-content\/uploads\/2017\/06\/Jeff-Sessions-y-senado-478x270.jpg 478w, https:\/\/primermomento.com\/wp-content\/uploads\/2017\/06\/Jeff-Sessions-y-senado-500x281.jpg 500w, https:\/\/primermomento.com\/wp-content\/uploads\/2017\/06\/Jeff-Sessions-y-senado-280x157.jpg 280w, https:\/\/primermomento.com\/wp-content\/uploads\/2017\/06\/Jeff-Sessions-y-senado-638x359.jpg 638w, https:\/\/primermomento.com\/wp-content\/uploads\/2017\/06\/Jeff-Sessions-y-senado-118x66.jpg 118w, https:\/\/primermomento.com\/wp-content\/uploads\/2017\/06\/Jeff-Sessions-y-senado-479x269.jpg 479w, https:\/\/primermomento.com\/wp-content\/uploads\/2017\/06\/Jeff-Sessions-y-senado.jpg 1023w\" sizes=\"auto, (max-width: 300px) 100vw, 300px\" \/><figcaption id=\"caption-attachment-291014\" class=\"wp-caption-text\">Se desconoce si el fiscal general, Jeff Sessions, testificar\u00e1 en audiencia p\u00fablica o en reuni\u00f3n a puerta cerrada con los miembros del Comit\u00e9 de Inteligencia.<\/figcaption><\/figure>\n<p>A Sessions se le cuestiona por haber contactado al embajador ruso en EE.UU. durante la campa\u00f1a presidencial. Todav\u00eda no est\u00e1 claro si Jeff Sessions testificar\u00e1 en audiencia p\u00fablica o si lo har\u00e1 a puerta cerrada.<\/p>\n<p>Cabe destacar que el secretario de Justicia, anunci\u00f3 en marzo que se hac\u00eda a un lado de la investigaci\u00f3n federal sobre los contactos de Rusia con la campa\u00f1a presidencial de Donald Trump al hacerse p\u00fablico que Sessions se reuni\u00f3 dos veces el a\u00f1o pasado con el embajador ruso en EEUU. Sessions hab\u00eda se\u00f1alado durante su audiencia de confirmaci\u00f3n al puesto en enero que no se hab\u00eda reunido con los rusos durante la campa\u00f1a.<\/p>\n<p>Sessions ha sido perseguido por preguntas sobre posibles encuentros adicionales con el embajador, Sergey Kislyak. Los dem\u00f3cratas del Senado han planteado dudas sobre las personas que se reunieron en un evento de pol\u00edtica exterior de abril de 2016 en el Hotel Mayflower en Washington. El Departamento de Justicia ha dicho que mientras Sessions estaba all\u00ed, para un discurso de Trump, no hubo reuniones ni encuentros privados.<\/p>\n<p>El ex director del FBI, James Comey plante\u00f3 preguntas adicionales durante su esperado testimonio el pasado jueves, al decir que el FBI esperaba que Sessions se recusara semanas antes de que realmente lo hiciera sin dar m\u00e1s detalles.<\/p>\n<p>En una carta enviada el s\u00e1bado al senador republicano Richard Shelby de Alabama, Sessions dijo que \u00e9l hab\u00eda sido citado para discutir el presupuesto del departamento de Justicia ante los sub comit\u00e9s de Apropiaciones de la C\u00e1mara y del Senado, pero que era claro que algunos miembros se enfocar\u00edan en interrogarlo sobre la investigaci\u00f3n rusa.<\/p>\n<p>Sessions indic\u00f3 que su decision de aceptar la invitaci\u00f3n para dar testimonio ante el Comit\u00e9 de Inteligencia se debi\u00f3 en parte al testimonio de Comey.<\/p>\n<p>El fiscal general escribi\u00f3 que \u00abes importante que tenga la oportunidad de abordar estos asuntos en el foro apropiado\u00bb. Adem\u00e1s dijo que el Subprocurador Rod Rosenstein podr\u00eda comparecer ante los subcomit\u00e9s.<\/p>\n<p>Testificar sobre el presupuesto del departamento de Justicia ante el Congreso es una parte cr\u00edticas de las funciones del fiscal general. El hecho que delegue esa tarea muestran que la investigaci\u00f3n rusa lo estaban distrayendo de sus obligaciones principales.<\/p>\n<\/div>\n<p style=\"text-align: right;\"><span style=\"color: #ff0000;\"><em>VOANEWS<\/em><\/span><\/p>\n","protected":false},"excerpt":{"rendered":"<p>WASHINGTON, Distrito de Columbia.- El fiscal general de Estados Unidos, Jeff Sessions accedi\u00f3 a testificar ante el Comit\u00e9 de Inteligencia del Senado el martes como parte de las investigaciones sobre la intervenci\u00f3n rusa durante las elecciones de 2016. A Sessions se le cuestiona por haber contactado al embajador ruso en EE.UU. durante la campa\u00f1a presidencial. [&hellip;]<\/p>\n","protected":false},"author":1,"featured_media":0,"comment_status":"open","ping_status":"open","sticky":false,"template":"","format":"standard","meta":{"_bbp_topic_count":0,"_bbp_reply_count":0,"_bbp_total_topic_count":0,"_bbp_total_reply_count":0,"_bbp_voice_count":0,"_bbp_anonymous_reply_count":0,"_bbp_topic_count_hidden":0,"_bbp_reply_count_hidden":0,"_bbp_forum_subforum_count":0,"footnotes":""},"categories":[60,31],"tags":[],"class_list":{"0":"post-291013","1":"post","2":"type-post","3":"status-publish","4":"format-standard","6":"category-titulares-del-dia","7":"category-estados-unidos"},"_links":{"self":[{"href":"https:\/\/primermomento.com\/index.php?rest_route=\/wp\/v2\/posts\/291013","targetHints":{"allow":["GET"]}}],"collection":[{"href":"https:\/\/primermomento.com\/index.php?rest_route=\/wp\/v2\/posts"}],"about":[{"href":"https:\/\/primermomento.com\/index.php?rest_route=\/wp\/v2\/types\/post"}],"author":[{"embeddable":true,"href":"https:\/\/primermomento.com\/index.php?rest_route=\/wp\/v2\/users\/1"}],"replies":[{"embeddable":true,"href":"https:\/\/primermomento.com\/index.php?rest_route=%2Fwp%2Fv2%2Fcomments&post=291013"}],"version-history":[{"count":0,"href":"https:\/\/primermomento.com\/index.php?rest_route=\/wp\/v2\/posts\/291013\/revisions"}],"wp:attachment":[{"href":"https:\/\/primermomento.com\/index.php?rest_route=%2Fwp%2Fv2%2Fmedia&parent=291013"}],"wp:term":[{"taxonomy":"category","embeddable":true,"href":"https:\/\/primermomento.com\/index.php?rest_route=%2Fwp%2Fv2%2Fcategories&post=291013"},{"taxonomy":"post_tag","embeddable":true,"href":"https:\/\/primermomento.com\/index.php?rest_route=%2Fwp%2Fv2%2Ftags&post=291013"}],"curies":[{"name":"wp","href":"https:\/\/api.w.org\/{rel}","templated":true}]}}