{"id":291043,"date":"2017-06-11T05:41:05","date_gmt":"2017-06-11T09:41:05","guid":{"rendered":"http:\/\/primermomento.com\/?p=291043"},"modified":"2017-06-11T15:44:12","modified_gmt":"2017-06-11T19:44:12","slug":"291043","status":"publish","type":"post","link":"https:\/\/primermomento.com\/?p=291043","title":{"rendered":"Ese tambi\u00e9n es un ladr\u00f3n&#8230;"},"content":{"rendered":"<p>No me refiero al ratero com\u00fan que pulula por nuestros barrios robando baratijas, impulsado por el deseo de saciar un vicio. Ese tiene su estigma, se reconoce y tipifica como vulgar delincuente y ladr\u00f3n. Es la expresi\u00f3n m\u00e1s reducida, comparada con bichos despreciables que afectan el interior de una sociedad con c\u00e1rceles atestadas de esos elementos nocivos, y por dem\u00e1s repulsivos. Sin embargo, al igual que estos, pero con las agallas m\u00e1s grandes, encontramos en el mismo escenario social a un personaje similar, disfrazado de autoridad, con el aval de pertenencia a un partido pol\u00edtico, desprovisto de honestidad, y con un nivel desmedido de avaricia, que le lleva a saquear los bienes del pueblo, contando con la mano generosa de la justicia.<\/p>\n<figure id=\"attachment_272585\" aria-describedby=\"caption-attachment-272585\" style=\"width: 300px\" class=\"wp-caption alignnone\"><img loading=\"lazy\" decoding=\"async\" class=\"size-medium wp-image-272585\" src=\"http:\/\/primermomento.com\/wp-content\/uploads\/2016\/03\/Felix-Peguero1-300x225.jpg\" alt=\"\" width=\"300\" height=\"225\" \/><figcaption id=\"caption-attachment-272585\" class=\"wp-caption-text\">F\u00e9lix Peguero<\/figcaption><\/figure>\n<p><img loading=\"lazy\" decoding=\"async\" class=\"size-medium wp-image-291044 alignleft\" src=\"http:\/\/primermomento.com\/wp-content\/uploads\/2017\/06\/felix-peguero02-300x285.jpg\" alt=\"\" width=\"300\" height=\"285\" \/>Ese sujeto, al que sus actos se consideran \u00abindelicadezas\u00bb se lleva en las u\u00f1as los millones que hacen falta para resolver problemas en los hospitales p\u00fablicos, en la educaci\u00f3n, en la agricultura y en \u00e1reas sensibles de la sociedad. Pero, &#8230;oh cosas del destino! Cuando esos privilegiados ciudadanos -por una \u00abchepa\u00bb son apresados- comienzan a aflorar los signos m\u00e1s degradantes de la inequidad humana: algunos sacan a relucir enfermedades que antes ocultaban, para que la condena impuesta sea la prisi\u00f3n domiciliaria. Otros acondicionan sus celdas llen\u00e1ndolas de enseres y electrodom\u00e9sticos, propios de un hotel de lujo, y hasta exigen plantas generadoras de energ\u00eda el\u00e9ctrica para que sea m\u00e1s placentera su estad\u00eda. Nadie duda del servilismo puesto al servicio de los virtuosos ciudadanos, conocidos por lo bajo como ladrones de cuello blanco. Es decir, el mensaje alienante que se va generando en la poblaci\u00f3n es que hay que robar mucho para recibir, en caso de ser apresado, un trato privilegiado. Los ejemplos salen sobrando, ya que cuando un \u00abpeje gordo\u00bb debe ser encerrado, hasta proceden a reparar la celda, cosa que contrasta con la realidad de miles de reclusos que sobreviven en celdas inmundas, expuestos a contraer todo tipo de enfermedades.<\/p>\n<p>Pero no pretendemos hacer un enfoque sobre la disparidad humana, tampoco acerca de la inequidad social, porque el prop\u00f3sito es m\u00e1s simple: se trata de abogar porque los corruptos que han ca\u00eddo por la fuerza del esc\u00e1ndalo internacional conocido como el caso ODEBRECHT, conjuntamente con la condena en prisi\u00f3n, se les conmine a devolver hasta el \u00faltimo centavo robado. Ese ser\u00eda el peor castigo, ya que si se quedan con los millones robados, en poco tiempo los veremos por Par\u00eds, Suiza o cualquier rinc\u00f3n del planeta, burl\u00e1ndose de los incautos ciudadanos. Que vayan a la c\u00e1rcel, sin privilegios y con los bienes mal habidos incautados, ser\u00eda lo m\u00e1s justo para frenar la epidemia de corrupci\u00f3n que padece el Estado dominicano. Qu\u00e9 opina usted?<\/p>\n<p style=\"text-align: right;\"><span style=\"color: #ff0000;\">F\u00e9lix Peguero<\/span><br \/>\n<em><span style=\"color: #ff0000;\">Periodista<\/span><\/em><\/p>\n","protected":false},"excerpt":{"rendered":"<p>No me refiero al ratero com\u00fan que pulula por nuestros barrios robando baratijas, impulsado por el deseo de saciar un vicio. Ese tiene su estigma, se reconoce y tipifica como vulgar delincuente y ladr\u00f3n. Es la expresi\u00f3n m\u00e1s reducida, comparada con bichos despreciables que afectan el interior de una sociedad con c\u00e1rceles atestadas de esos [&hellip;]<\/p>\n","protected":false},"author":1,"featured_media":0,"comment_status":"open","ping_status":"open","sticky":false,"template":"","format":"standard","meta":{"_bbp_topic_count":0,"_bbp_reply_count":0,"_bbp_total_topic_count":0,"_bbp_total_reply_count":0,"_bbp_voice_count":0,"_bbp_anonymous_reply_count":0,"_bbp_topic_count_hidden":0,"_bbp_reply_count_hidden":0,"_bbp_forum_subforum_count":0,"footnotes":""},"categories":[33],"tags":[],"class_list":{"0":"post-291043","1":"post","2":"type-post","3":"status-publish","4":"format-standard","6":"category-opinion"},"_links":{"self":[{"href":"https:\/\/primermomento.com\/index.php?rest_route=\/wp\/v2\/posts\/291043","targetHints":{"allow":["GET"]}}],"collection":[{"href":"https:\/\/primermomento.com\/index.php?rest_route=\/wp\/v2\/posts"}],"about":[{"href":"https:\/\/primermomento.com\/index.php?rest_route=\/wp\/v2\/types\/post"}],"author":[{"embeddable":true,"href":"https:\/\/primermomento.com\/index.php?rest_route=\/wp\/v2\/users\/1"}],"replies":[{"embeddable":true,"href":"https:\/\/primermomento.com\/index.php?rest_route=%2Fwp%2Fv2%2Fcomments&post=291043"}],"version-history":[{"count":0,"href":"https:\/\/primermomento.com\/index.php?rest_route=\/wp\/v2\/posts\/291043\/revisions"}],"wp:attachment":[{"href":"https:\/\/primermomento.com\/index.php?rest_route=%2Fwp%2Fv2%2Fmedia&parent=291043"}],"wp:term":[{"taxonomy":"category","embeddable":true,"href":"https:\/\/primermomento.com\/index.php?rest_route=%2Fwp%2Fv2%2Fcategories&post=291043"},{"taxonomy":"post_tag","embeddable":true,"href":"https:\/\/primermomento.com\/index.php?rest_route=%2Fwp%2Fv2%2Ftags&post=291043"}],"curies":[{"name":"wp","href":"https:\/\/api.w.org\/{rel}","templated":true}]}}