{"id":291076,"date":"2017-06-12T14:11:36","date_gmt":"2017-06-12T18:11:36","guid":{"rendered":"http:\/\/primermomento.com\/?p=291076"},"modified":"2017-06-12T14:11:36","modified_gmt":"2017-06-12T18:11:36","slug":"piquetean-consulado-dominicano-por-caso-de-corrupcion-e-impunidad-en-rd","status":"publish","type":"post","link":"https:\/\/primermomento.com\/?p=291076","title":{"rendered":"Piquetean Consulado dominicano por caso de corrupci\u00f3n e impunidad en RD"},"content":{"rendered":"<div id=\"m_1418102958552541447yui_3_16_0_1_1497237317977_18171\"><span id=\"m_1418102958552541447yui_3_16_0_1_1497237317977_18174\"><span id=\"m_1418102958552541447yui_3_16_0_1_1497237317977_18175\" lang=\"ES-US\">NUEVA YORK, Nueva York.- <\/span><\/span><span id=\"m_1418102958552541447yui_3_16_0_1_1497237317977_18176\" lang=\"ES-US\">Decenas de miembros del \u201cMovimiento Verde\u201d piquetearon el consulado dominicano en esta ciudad por los casos de corrupci\u00f3n e impunidad que se vienen registrando en la Rep\u00fablica Dominicana.<u><\/u><u><\/u><\/span><\/div>\n<div id=\"m_1418102958552541447yui_3_16_0_1_1497237317977_18178\"><span id=\"m_1418102958552541447yui_3_16_0_1_1497237317977_18179\" lang=\"ES-US\">\u00a0<u><\/u><u><\/u><\/span><\/div>\n<div id=\"m_1418102958552541447yui_3_16_0_1_1497237317977_18181\"><span id=\"m_1418102958552541447yui_3_16_0_1_1497237317977_18182\" lang=\"ES-US\"><img loading=\"lazy\" decoding=\"async\" class=\"size-medium wp-image-291077 alignleft\" src=\"http:\/\/primermomento.com\/wp-content\/uploads\/2017\/06\/odebrecht-ny1-300x143.jpg\" alt=\"\" width=\"300\" height=\"143\" srcset=\"https:\/\/primermomento.com\/wp-content\/uploads\/2017\/06\/odebrecht-ny1-300x143.jpg 300w, https:\/\/primermomento.com\/wp-content\/uploads\/2017\/06\/odebrecht-ny1-500x239.jpg 500w, https:\/\/primermomento.com\/wp-content\/uploads\/2017\/06\/odebrecht-ny1-280x134.jpg 280w, https:\/\/primermomento.com\/wp-content\/uploads\/2017\/06\/odebrecht-ny1-638x305.jpg 638w, https:\/\/primermomento.com\/wp-content\/uploads\/2017\/06\/odebrecht-ny1-118x56.jpg 118w, https:\/\/primermomento.com\/wp-content\/uploads\/2017\/06\/odebrecht-ny1-479x229.jpg 479w, https:\/\/primermomento.com\/wp-content\/uploads\/2017\/06\/odebrecht-ny1.jpg 661w\" sizes=\"auto, (max-width: 300px) 100vw, 300px\" \/>Asimismo reclamaron que sea completada la lista de los sobornados por Odebrecht, porque \u201cno son todos los que est\u00e1n, ni est\u00e1n todos los que son\u201d.<u><\/u><u><\/u><\/span><\/div>\n<div id=\"m_1418102958552541447yui_3_16_0_1_1497237317977_18184\"><span id=\"m_1418102958552541447yui_3_16_0_1_1497237317977_18185\" lang=\"ES-US\"><u><\/u>\u00a0<u><\/u><\/span><\/div>\n<div id=\"m_1418102958552541447yui_3_16_0_1_1497237317977_18187\"><span id=\"m_1418102958552541447yui_3_16_0_1_1497237317977_18188\" lang=\"ES-US\">La protesta fue realizada a las 12 del mediod\u00eda del pasado s\u00e1bado frente al edificio 1501 de Broadway, entre las calles 43 y 44 en down town Manhattan, donde funciona la sede consular, y all\u00ed lanzaron consignas contra el presidente Danilo Medina, los ex presidentes Leonel Fern\u00e1ndez e Hip\u00f3lito Mej\u00eda.<u><\/u><u><\/u><\/span><\/div>\n<div id=\"m_1418102958552541447yui_3_16_0_1_1497237317977_18190\"><span id=\"m_1418102958552541447yui_3_16_0_1_1497237317977_18191\" lang=\"ES-US\"><u><\/u>\u00a0<u><\/u><\/span><\/div>\n<div id=\"m_1418102958552541447yui_3_16_0_1_1497237317977_18193\"><span id=\"m_1418102958552541447yui_3_16_0_1_1497237317977_18194\" lang=\"ES-US\">Fue notoria la presencia de dirigentes del movimiento en la RD, entre ellos el ex general Rafael Percival y la dirigente Yadira Marte.<u><\/u><u><\/u><\/span><\/div>\n<div id=\"m_1418102958552541447yui_3_16_0_1_1497237317977_18196\"><span id=\"m_1418102958552541447yui_3_16_0_1_1497237317977_18197\" lang=\"ES-US\">\u00a0<u><\/u><u><\/u><\/span><\/div>\n<div id=\"m_1418102958552541447yui_3_16_0_1_1497237317977_18199\"><span id=\"m_1418102958552541447yui_3_16_0_1_1497237317977_18200\" lang=\"ES-US\">Una comisi\u00f3n del colectivo, \u00a0encabezada por Wiliam Guerrero, Rosy Garc\u00eda, M\u00f3nica Zapata, Jairo Guerra y Eddy S\u00e1nchez, este \u00faltimo se identific\u00f3 como Eddy Mart\u00ednez, fue recibida por el c\u00f3nsul Carlos Castillo, a quien le entregaron un documento con los puntos que motivaban su manifestaci\u00f3n.\u00a0<u><\/u><u><\/u><\/span><\/div>\n<div id=\"m_1418102958552541447yui_3_16_0_1_1497237317977_18202\"><span id=\"m_1418102958552541447yui_3_16_0_1_1497237317977_18203\" lang=\"ES-US\"><u><\/u>\u00a0<u><\/u><\/span><\/div>\n<div id=\"m_1418102958552541447yui_3_16_0_1_1497237317977_18205\"><span id=\"m_1418102958552541447yui_3_16_0_1_1497237317977_18206\" lang=\"ES-US\">Guerrero, sirviendo de vocero,<\/span><span id=\"m_1418102958552541447yui_3_16_0_1_1497237317977_18207\"><span id=\"m_1418102958552541447yui_3_16_0_1_1497237317977_18208\" lang=\"ES-US\">\u00a0<\/span><\/span><span id=\"m_1418102958552541447yui_3_16_0_1_1497237317977_18209\" lang=\"ES\">demand\u00f3 que metan preso los corruptos por Odebrecht y Punta Catalina. Luego intervino Zapata, quien solicit\u00f3 a Castillo la rebaja de los pasaportes y otros documentos.<\/span><span id=\"m_1418102958552541447yui_3_16_0_1_1497237317977_18210\" lang=\"ES-US\"><u><\/u><u><\/u><\/span><\/div>\n<div id=\"m_1418102958552541447yui_3_16_0_1_1497237317977_18212\"><span id=\"m_1418102958552541447yui_3_16_0_1_1497237317977_18213\" lang=\"ES\">\u00a0<\/span><span id=\"m_1418102958552541447yui_3_16_0_1_1497237317977_18214\" lang=\"ES-US\"><u><\/u><u><\/u><\/span><\/div>\n<div id=\"m_1418102958552541447yui_3_16_0_1_1497237317977_18216\"><span id=\"m_1418102958552541447yui_3_16_0_1_1497237317977_18217\" lang=\"ES\">El funcionario consular les contest\u00f3, \u201chay que dejarle espacio a la justicia para que haga su trabajo, y como el mismo presidente Medina ha dicho, en su gobierno no hay vacas sagradas, y no interviene porque \u201cLa Justicia\u201d es un poder independiente del Estado. Hay que esperar que termine el proceso para establecer un juicio de fondo\u00bb.<\/span><span id=\"m_1418102958552541447yui_3_16_0_1_1497237317977_18218\" lang=\"ES-US\"><u><\/u><u><\/u><\/span><\/div>\n<div id=\"m_1418102958552541447yui_3_16_0_1_1497237317977_18220\"><span id=\"m_1418102958552541447yui_3_16_0_1_1497237317977_18221\" lang=\"ES\">\u00a0<\/span><span id=\"m_1418102958552541447yui_3_16_0_1_1497237317977_18222\" lang=\"ES-US\"><u><\/u><u><\/u><\/span><\/div>\n<div id=\"m_1418102958552541447yui_3_16_0_1_1497237317977_18224\"><span id=\"m_1418102958552541447yui_3_16_0_1_1497237317977_18225\" lang=\"ES\">En cuanto al precio del pasaporte dijo que es el m\u00e1s econ\u00f3mico de todos los consulados criollos en el exterior, y que espera el resultado de un estudio que envi\u00f3 a las altas instancias gubernamentales en RD para determinar realmente su costo.<\/span><span id=\"m_1418102958552541447yui_3_16_0_1_1497237317977_18226\" lang=\"ES-US\"><u><\/u><u><\/u><\/span><\/div>\n<div id=\"m_1418102958552541447yui_3_16_0_1_1497237317977_18228\"><span id=\"m_1418102958552541447yui_3_16_0_1_1497237317977_18229\" lang=\"ES-US\">\u00a0<u><\/u><u><\/u><\/span><\/div>\n<div id=\"m_1418102958552541447yui_3_16_0_1_1497237317977_18231\"><span id=\"m_1418102958552541447yui_3_16_0_1_1497237317977_18232\" lang=\"ES-US\">Adem\u00e1s, sugiri\u00f3 a los integrantes del movimiento, que se preocupen tambi\u00e9n por los problemas que aquejan a los dominicanos de la di\u00e1spora como son la vivienda y la salud, entre otros casos.<u><\/u><u><\/u><\/span><\/div>\n<div id=\"m_1418102958552541447yui_3_16_0_1_1497237317977_18234\"><span id=\"m_1418102958552541447yui_3_16_0_1_1497237317977_18235\" lang=\"ES-US\"><u><\/u>\u00a0<u><\/u><\/span><\/div>\n<div id=\"m_1418102958552541447yui_3_16_0_1_1497237317977_18237\"><span id=\"m_1418102958552541447yui_3_16_0_1_1497237317977_18238\" lang=\"ES-US\">Signific\u00f3 que los dominicanos del Alto Manhattan est\u00e1n en un proceso de desalojo y nadie ha ido a defenderlos, con excepci\u00f3n del Consulado.<u><\/u><u><\/u><\/span><\/div>\n<div id=\"m_1418102958552541447yui_3_16_0_1_1497237317977_18240\"><span id=\"m_1418102958552541447yui_3_16_0_1_1497237317977_18241\" lang=\"ES-US\"><u><\/u>\u00a0<\/span><\/div>\n<div style=\"text-align: right;\"><span style=\"color: #ff0000;\">Ram\u00f3n Mercedes<\/span><\/div>\n","protected":false},"excerpt":{"rendered":"<p>NUEVA YORK, Nueva York.- Decenas de miembros del \u201cMovimiento Verde\u201d piquetearon el consulado dominicano en esta ciudad por los casos de corrupci\u00f3n e impunidad que se vienen registrando en la Rep\u00fablica Dominicana. \u00a0 Asimismo reclamaron que sea completada la lista de los sobornados por Odebrecht, porque \u201cno son todos los que est\u00e1n, ni est\u00e1n todos [&hellip;]<\/p>\n","protected":false},"author":1,"featured_media":0,"comment_status":"open","ping_status":"open","sticky":false,"template":"","format":"standard","meta":{"_bbp_topic_count":0,"_bbp_reply_count":0,"_bbp_total_topic_count":0,"_bbp_total_reply_count":0,"_bbp_voice_count":0,"_bbp_anonymous_reply_count":0,"_bbp_topic_count_hidden":0,"_bbp_reply_count_hidden":0,"_bbp_forum_subforum_count":0,"footnotes":""},"categories":[60,31],"tags":[],"class_list":{"0":"post-291076","1":"post","2":"type-post","3":"status-publish","4":"format-standard","6":"category-titulares-del-dia","7":"category-estados-unidos"},"_links":{"self":[{"href":"https:\/\/primermomento.com\/index.php?rest_route=\/wp\/v2\/posts\/291076","targetHints":{"allow":["GET"]}}],"collection":[{"href":"https:\/\/primermomento.com\/index.php?rest_route=\/wp\/v2\/posts"}],"about":[{"href":"https:\/\/primermomento.com\/index.php?rest_route=\/wp\/v2\/types\/post"}],"author":[{"embeddable":true,"href":"https:\/\/primermomento.com\/index.php?rest_route=\/wp\/v2\/users\/1"}],"replies":[{"embeddable":true,"href":"https:\/\/primermomento.com\/index.php?rest_route=%2Fwp%2Fv2%2Fcomments&post=291076"}],"version-history":[{"count":0,"href":"https:\/\/primermomento.com\/index.php?rest_route=\/wp\/v2\/posts\/291076\/revisions"}],"wp:attachment":[{"href":"https:\/\/primermomento.com\/index.php?rest_route=%2Fwp%2Fv2%2Fmedia&parent=291076"}],"wp:term":[{"taxonomy":"category","embeddable":true,"href":"https:\/\/primermomento.com\/index.php?rest_route=%2Fwp%2Fv2%2Fcategories&post=291076"},{"taxonomy":"post_tag","embeddable":true,"href":"https:\/\/primermomento.com\/index.php?rest_route=%2Fwp%2Fv2%2Ftags&post=291076"}],"curies":[{"name":"wp","href":"https:\/\/api.w.org\/{rel}","templated":true}]}}