{"id":291091,"date":"2017-06-12T14:05:34","date_gmt":"2017-06-12T18:05:34","guid":{"rendered":"http:\/\/primermomento.com\/?p=291091"},"modified":"2017-06-12T18:12:18","modified_gmt":"2017-06-12T22:12:18","slug":"gobierno-califica-de-partidista-demanda-contra-presidente-trump","status":"publish","type":"post","link":"https:\/\/primermomento.com\/?p=291091","title":{"rendered":"Gobierno califica de partidista demanda contra presidente Trump"},"content":{"rendered":"<div class=\"fullNewsIntrotext\">WASHINGTON, Distrito de Columbia.- El gobierno de Estados Unidos consider\u00f3 que la demanda interpuesta hoy contra el presidente Donald Trump por los fiscales generales de la capital estadounidense y Maryland est\u00e1 impulsada por pol\u00edticas partidistas.<\/div>\n<div><\/div>\n<div class=\"fullNewsFulltext\">\n<figure id=\"attachment_291092\" aria-describedby=\"caption-attachment-291092\" style=\"width: 300px\" class=\"wp-caption alignleft\"><img loading=\"lazy\" decoding=\"async\" class=\"size-medium wp-image-291092\" src=\"http:\/\/primermomento.com\/wp-content\/uploads\/2017\/06\/Sean-Spicer2-300x169.jpg\" alt=\"\" width=\"300\" height=\"169\" srcset=\"https:\/\/primermomento.com\/wp-content\/uploads\/2017\/06\/Sean-Spicer2-300x169.jpg 300w, https:\/\/primermomento.com\/wp-content\/uploads\/2017\/06\/Sean-Spicer2-478x270.jpg 478w, https:\/\/primermomento.com\/wp-content\/uploads\/2017\/06\/Sean-Spicer2-500x281.jpg 500w, https:\/\/primermomento.com\/wp-content\/uploads\/2017\/06\/Sean-Spicer2-280x158.jpg 280w, https:\/\/primermomento.com\/wp-content\/uploads\/2017\/06\/Sean-Spicer2-638x359.jpg 638w, https:\/\/primermomento.com\/wp-content\/uploads\/2017\/06\/Sean-Spicer2-118x66.jpg 118w, https:\/\/primermomento.com\/wp-content\/uploads\/2017\/06\/Sean-Spicer2-479x269.jpg 479w, https:\/\/primermomento.com\/wp-content\/uploads\/2017\/06\/Sean-Spicer2.jpg 640w\" sizes=\"auto, (max-width: 300px) 100vw, 300px\" \/><figcaption id=\"caption-attachment-291092\" class=\"wp-caption-text\">Sean Spicer.<\/figcaption><\/figure>\n<p>Durante su habitual encuentro con los medios, el secretario de prensa de la Casa Blanca, Sean Spicer, neg\u00f3 que el jefe de Estado haya violado la Constituci\u00f3n, como sugiere la acci\u00f3n legal que denuncia al mandatario por recibir pagos de gobiernos extranjeros.<\/p>\n<p>No es dif\u00edcil concluir que la pol\u00edtica partidista puede ser una de las motivaciones, agreg\u00f3 el vocero sobre el paso dado por el fiscal general del Distrito de Columbia, Karl A. Racine, y su hom\u00f3logo de Maryland, Brian Frosh, ambos dem\u00f3cratas.<\/p>\n<p>Seg\u00fan la demanda, aunque el jefe de Estado anunci\u00f3 que ceder\u00eda el liderazgo y la administraci\u00f3n de la Organizaci\u00f3n Trump a sus hijos, tal plan no incluye renunciar a la propiedad de sus negocios o establecer un fideicomiso ciego.<\/p>\n<p>El continuo inter\u00e9s del mandatario en un imperio empresarial global lo hace profundamente enredado con una legi\u00f3n de actores gubernamentales for\u00e1neos y nacionales, viola la Constituci\u00f3n y pone en tela de juicio el imperio de la ley y la integridad del sistema pol\u00edtico del pa\u00eds, expresa el documento.<\/p>\n<p>Spicer apunt\u00f3 que la Casa Blanca se mover\u00e1 para desestimar el caso, y agreg\u00f3 que los funcionarios de administraciones anteriores han tenido negocios similares a los de Trump.<\/p>\n<p>Por su parte, Lindsay Jancek, portavoz del Comit\u00e9 Nacional Republicano, expres\u00f3 que la acci\u00f3n presentada contra el gobernante es absurda.<\/p>\n<p>A decir de la vocera, el mandatario se ha comprometido &#8216;a completar la transparencia y el cumplimiento de la ley&#8217; y esta demanda representa el tipo de partidismo que los votantes de todo el pa\u00eds desprecian.<\/p>\n<p>El pueblo estadounidense eligi\u00f3 a Trump y que es hora de que los dem\u00f3cratas &#8216;terminen sus esfuerzos para deslegitimar su presidencia&#8217;, agreg\u00f3.<\/p>\n<p>De acuerdo con Racine, la decisi\u00f3n de presentar esta demanda se debi\u00f3 a que los controles y balances tradicionales est\u00e1n fallando.<\/p>\n<p>En tanto, Frosh manifest\u00f3 que no tiene precedentes que el pueblo estadounidense se pregunte d\u00eda tras d\u00eda si se toman medidas para beneficiar a Estados Unidos o para favorecer a Donald Trump.<\/p>\n<p>Para sustentar su caso los demandantes mencionaron las formas en que se han visto afectadas negativamente las \u00e1reas del DC y Maryland por la apertura del Hotel Trump Internacional el a\u00f1o pasado cerca de la Casa Blanca.<\/p>\n<p>De acuerdo con el diario The Washington Post, esa instalaci\u00f3n ha inclinado el campo de juego en la industria de viajes y entretenimiento de la ciudad a favor de la empresa del presidente, al menos cuando se trata de los gobiernos for\u00e1neos que utilizan espacios en la capital de la naci\u00f3n.<\/p>\n<\/div>\n<div><\/div>\n<div style=\"text-align: right;\"><span style=\"color: #ff0000;\"><em>PL<\/em><\/span><\/div>\n","protected":false},"excerpt":{"rendered":"<p>WASHINGTON, Distrito de Columbia.- El gobierno de Estados Unidos consider\u00f3 que la demanda interpuesta hoy contra el presidente Donald Trump por los fiscales generales de la capital estadounidense y Maryland est\u00e1 impulsada por pol\u00edticas partidistas. Durante su habitual encuentro con los medios, el secretario de prensa de la Casa Blanca, Sean Spicer, neg\u00f3 que el [&hellip;]<\/p>\n","protected":false},"author":1,"featured_media":0,"comment_status":"open","ping_status":"open","sticky":false,"template":"","format":"standard","meta":{"_bbp_topic_count":0,"_bbp_reply_count":0,"_bbp_total_topic_count":0,"_bbp_total_reply_count":0,"_bbp_voice_count":0,"_bbp_anonymous_reply_count":0,"_bbp_topic_count_hidden":0,"_bbp_reply_count_hidden":0,"_bbp_forum_subforum_count":0,"footnotes":""},"categories":[60,31],"tags":[],"class_list":{"0":"post-291091","1":"post","2":"type-post","3":"status-publish","4":"format-standard","6":"category-titulares-del-dia","7":"category-estados-unidos"},"_links":{"self":[{"href":"https:\/\/primermomento.com\/index.php?rest_route=\/wp\/v2\/posts\/291091","targetHints":{"allow":["GET"]}}],"collection":[{"href":"https:\/\/primermomento.com\/index.php?rest_route=\/wp\/v2\/posts"}],"about":[{"href":"https:\/\/primermomento.com\/index.php?rest_route=\/wp\/v2\/types\/post"}],"author":[{"embeddable":true,"href":"https:\/\/primermomento.com\/index.php?rest_route=\/wp\/v2\/users\/1"}],"replies":[{"embeddable":true,"href":"https:\/\/primermomento.com\/index.php?rest_route=%2Fwp%2Fv2%2Fcomments&post=291091"}],"version-history":[{"count":0,"href":"https:\/\/primermomento.com\/index.php?rest_route=\/wp\/v2\/posts\/291091\/revisions"}],"wp:attachment":[{"href":"https:\/\/primermomento.com\/index.php?rest_route=%2Fwp%2Fv2%2Fmedia&parent=291091"}],"wp:term":[{"taxonomy":"category","embeddable":true,"href":"https:\/\/primermomento.com\/index.php?rest_route=%2Fwp%2Fv2%2Fcategories&post=291091"},{"taxonomy":"post_tag","embeddable":true,"href":"https:\/\/primermomento.com\/index.php?rest_route=%2Fwp%2Fv2%2Ftags&post=291091"}],"curies":[{"name":"wp","href":"https:\/\/api.w.org\/{rel}","templated":true}]}}