{"id":291095,"date":"2017-06-13T14:11:36","date_gmt":"2017-06-13T18:11:36","guid":{"rendered":"http:\/\/primermomento.com\/?p=291095"},"modified":"2017-06-13T14:11:36","modified_gmt":"2017-06-13T18:11:36","slug":"vicesecretario-de-justicia-dice-no-despedira-a-fiscal-especial-sin-razon","status":"publish","type":"post","link":"https:\/\/primermomento.com\/?p=291095","title":{"rendered":"Vicesecretario de Justicia dice no despedir\u00e1 a fiscal especial \u00absin raz\u00f3n\u00bb"},"content":{"rendered":"<div class=\"wsw\">\n<p>WASHINGTON, Distrito de Columbia.- El vicesecretario de Justicia de Estados Unidos Rob Rosenstein dijo al Congreso que el fiscal especial que \u00e9l nombr\u00f3 para investigar la presunta interferencia rusa en las elecciones presidenciales de 2016 y la posible colaboraci\u00f3n con la campa\u00f1a de Donald Trump, tendr\u00e1 \u00abtoda la independencia\u00bb que necesite.<\/p>\n<figure id=\"attachment_291096\" aria-describedby=\"caption-attachment-291096\" style=\"width: 300px\" class=\"wp-caption alignright\"><img loading=\"lazy\" decoding=\"async\" class=\"size-medium wp-image-291096\" src=\"http:\/\/primermomento.com\/wp-content\/uploads\/2017\/06\/vicesecretario-de-justicia-eeuu-300x169.jpg\" alt=\"\" width=\"300\" height=\"169\" srcset=\"https:\/\/primermomento.com\/wp-content\/uploads\/2017\/06\/vicesecretario-de-justicia-eeuu-300x169.jpg 300w, https:\/\/primermomento.com\/wp-content\/uploads\/2017\/06\/vicesecretario-de-justicia-eeuu-768x432.jpg 768w, https:\/\/primermomento.com\/wp-content\/uploads\/2017\/06\/vicesecretario-de-justicia-eeuu-478x270.jpg 478w, https:\/\/primermomento.com\/wp-content\/uploads\/2017\/06\/vicesecretario-de-justicia-eeuu-500x281.jpg 500w, https:\/\/primermomento.com\/wp-content\/uploads\/2017\/06\/vicesecretario-de-justicia-eeuu-280x157.jpg 280w, https:\/\/primermomento.com\/wp-content\/uploads\/2017\/06\/vicesecretario-de-justicia-eeuu-638x359.jpg 638w, https:\/\/primermomento.com\/wp-content\/uploads\/2017\/06\/vicesecretario-de-justicia-eeuu-118x66.jpg 118w, https:\/\/primermomento.com\/wp-content\/uploads\/2017\/06\/vicesecretario-de-justicia-eeuu-479x269.jpg 479w, https:\/\/primermomento.com\/wp-content\/uploads\/2017\/06\/vicesecretario-de-justicia-eeuu.jpg 1023w\" sizes=\"auto, (max-width: 300px) 100vw, 300px\" \/><figcaption id=\"caption-attachment-291096\" class=\"wp-caption-text\">El vicesecretario de Justicia Rod Rosenstein dijo en la Subcomisi\u00f3n de Asignaciones del Senado que solo \u00e9l tiene autoridad para despedir al fiscal especial que nombr\u00f3 para investigar la intereferencia rusa en las elecciones de 2016. Junio 13, 2017.<\/figcaption><\/figure>\n<p>\u00abEl director Mueller tendr\u00e1 toda la independencia que necesite para llevar a cabo la investigaci\u00f3n en forma adecuada\u00bb, dijo Rosenstein a la Subcomisi\u00f3n de Asignaciones del Senado, refiri\u00e9ndose al fiscal especial Robert Mueller.<\/p>\n<p>Rosenstein, quien es el \u00fanico que puede despedir al fiscal Mueller porque el Secretario de Justicia Jeff Sessions se apart\u00f3 de todos los asuntos relacionados con la investigaci\u00f3n de Rusia, indic\u00f3 al panel del Senado que no ha visto evidencia de una buena raz\u00f3n para despedir a Mueller, quien dijo que opera independientemente del Departamento de Justicia en su investigaci\u00f3n.<\/p>\n<p>El vicesecretario de Justicia afirm\u00f3 el martes en la audiencia en el Senado que si el presidente Donald Trump le ordenara despedir al fiscal especial, \u00e9l solo cumplir\u00eda la orden si esta fuera \u00ablegal y apropiada\u00bb.<\/p>\n<p>Las preguntas a Rosenstein estaban relacionadas con comentarios hechos el lunes por Christopher Ruddy, presidente ejecutivo de Newsmax Media y amigo de Trump, quien afirm\u00f3 en una entrevista de televisi\u00f3n que Trump podr\u00eda despedir al fiscal Mueller.<\/p>\n<p>El presidente de la C\u00e1mara de Representantes Paul Ryan, republicano por Wisconsin, dijo este martes a periodistas que tiene confianza en Mueller y calific\u00f3 de \u00abrumores\u00bb las sugerencias de que Trump podr\u00eda despedir al fiscal especial.<\/p>\n<p style=\"text-align: right;\"><span style=\"color: #ff0000;\"><em>VOANEWS<\/em><\/span><\/p>\n<\/div>\n","protected":false},"excerpt":{"rendered":"<p>WASHINGTON, Distrito de Columbia.- El vicesecretario de Justicia de Estados Unidos Rob Rosenstein dijo al Congreso que el fiscal especial que \u00e9l nombr\u00f3 para investigar la presunta interferencia rusa en las elecciones presidenciales de 2016 y la posible colaboraci\u00f3n con la campa\u00f1a de Donald Trump, tendr\u00e1 \u00abtoda la independencia\u00bb que necesite. \u00abEl director Mueller tendr\u00e1 [&hellip;]<\/p>\n","protected":false},"author":1,"featured_media":0,"comment_status":"open","ping_status":"open","sticky":false,"template":"","format":"standard","meta":{"_bbp_topic_count":0,"_bbp_reply_count":0,"_bbp_total_topic_count":0,"_bbp_total_reply_count":0,"_bbp_voice_count":0,"_bbp_anonymous_reply_count":0,"_bbp_topic_count_hidden":0,"_bbp_reply_count_hidden":0,"_bbp_forum_subforum_count":0,"footnotes":""},"categories":[60,31],"tags":[],"class_list":{"0":"post-291095","1":"post","2":"type-post","3":"status-publish","4":"format-standard","6":"category-titulares-del-dia","7":"category-estados-unidos"},"_links":{"self":[{"href":"https:\/\/primermomento.com\/index.php?rest_route=\/wp\/v2\/posts\/291095","targetHints":{"allow":["GET"]}}],"collection":[{"href":"https:\/\/primermomento.com\/index.php?rest_route=\/wp\/v2\/posts"}],"about":[{"href":"https:\/\/primermomento.com\/index.php?rest_route=\/wp\/v2\/types\/post"}],"author":[{"embeddable":true,"href":"https:\/\/primermomento.com\/index.php?rest_route=\/wp\/v2\/users\/1"}],"replies":[{"embeddable":true,"href":"https:\/\/primermomento.com\/index.php?rest_route=%2Fwp%2Fv2%2Fcomments&post=291095"}],"version-history":[{"count":0,"href":"https:\/\/primermomento.com\/index.php?rest_route=\/wp\/v2\/posts\/291095\/revisions"}],"wp:attachment":[{"href":"https:\/\/primermomento.com\/index.php?rest_route=%2Fwp%2Fv2%2Fmedia&parent=291095"}],"wp:term":[{"taxonomy":"category","embeddable":true,"href":"https:\/\/primermomento.com\/index.php?rest_route=%2Fwp%2Fv2%2Fcategories&post=291095"},{"taxonomy":"post_tag","embeddable":true,"href":"https:\/\/primermomento.com\/index.php?rest_route=%2Fwp%2Fv2%2Ftags&post=291095"}],"curies":[{"name":"wp","href":"https:\/\/api.w.org\/{rel}","templated":true}]}}