{"id":291098,"date":"2017-06-13T13:11:55","date_gmt":"2017-06-13T17:11:55","guid":{"rendered":"http:\/\/primermomento.com\/?p=291098"},"modified":"2017-06-13T14:14:37","modified_gmt":"2017-06-13T18:14:37","slug":"la-fed-anunciaria-nuevo-aumento-de-tasas-de-interes-referencial","status":"publish","type":"post","link":"https:\/\/primermomento.com\/?p=291098","title":{"rendered":"La FED anunciar\u00eda nuevo aumento de tasas de inter\u00e9s referencial"},"content":{"rendered":"<p>WASHINGTON, Distrito de Columbia.- Se espera que la Reserva Federal de Estados Unidos suba su tipo de inter\u00e9s referencial esta semana tras un fortalecimiento del mercado laboral y podr\u00eda ofrecer m\u00e1s detalles sobre sus planes para reducir la cartera de bonos que amas\u00f3 para avivar la recuperaci\u00f3n de la econom\u00eda.<\/p>\n<figure id=\"attachment_291099\" aria-describedby=\"caption-attachment-291099\" style=\"width: 300px\" class=\"wp-caption alignright\"><img loading=\"lazy\" decoding=\"async\" class=\"size-medium wp-image-291099\" src=\"http:\/\/primermomento.com\/wp-content\/uploads\/2017\/06\/presidenta-de-la-fed-300x169.jpg\" alt=\"\" width=\"300\" height=\"169\" srcset=\"https:\/\/primermomento.com\/wp-content\/uploads\/2017\/06\/presidenta-de-la-fed-300x169.jpg 300w, https:\/\/primermomento.com\/wp-content\/uploads\/2017\/06\/presidenta-de-la-fed-768x432.jpg 768w, https:\/\/primermomento.com\/wp-content\/uploads\/2017\/06\/presidenta-de-la-fed-478x270.jpg 478w, https:\/\/primermomento.com\/wp-content\/uploads\/2017\/06\/presidenta-de-la-fed-500x281.jpg 500w, https:\/\/primermomento.com\/wp-content\/uploads\/2017\/06\/presidenta-de-la-fed-280x157.jpg 280w, https:\/\/primermomento.com\/wp-content\/uploads\/2017\/06\/presidenta-de-la-fed-638x359.jpg 638w, https:\/\/primermomento.com\/wp-content\/uploads\/2017\/06\/presidenta-de-la-fed-118x66.jpg 118w, https:\/\/primermomento.com\/wp-content\/uploads\/2017\/06\/presidenta-de-la-fed-479x269.jpg 479w, https:\/\/primermomento.com\/wp-content\/uploads\/2017\/06\/presidenta-de-la-fed.jpg 1023w\" sizes=\"auto, (max-width: 300px) 100vw, 300px\" \/><figcaption id=\"caption-attachment-291099\" class=\"wp-caption-text\">Janet Yellen es la presidenta de la Reserva Federal de Estados Unidos.<\/figcaption><\/figure>\n<p>El banco central dar\u00e1 a conocer su decisi\u00f3n a las 1800 GMT del mi\u00e9rcoles al concluir su reuni\u00f3n de pol\u00edtica monetaria de dos d\u00edas. La presidenta de la Fed, Janet Yellen, ofrecer\u00e1 una rueda de prensa a las 1830 GMT.<\/p>\n<p>\u00abLa expectativa de una subida de los tipos de inter\u00e9s (&#8230;) se mantiene ampliamente, y ha sido reforzada por la ronda m\u00e1s reciente de comunicaciones de la Fed\u00bb, dijo Michael Feroli, economista de JP Morgan.<\/p>\n<p>Economistas encuestados por Reuters esperan de manera abrumadora que la Fed eleve su tipo de referencia a un rango objetivo de entre el 1,00 y el 1,25 por ciento esta semana.<\/p>\n<p>La Fed inici\u00f3 su primer ciclo de ajuste en m\u00e1s de una d\u00e9cada en diciembre de 2015. Un aumento de un cuarto de punto porcentual en el precio del dinero el mi\u00e9rcoles ser\u00eda el segundo este a\u00f1o tras una medida similar en marzo.<\/p>\n<p>Desde entonces, la tasa de desempleo ha ca\u00eddo a un m\u00ednimo de en 16 a\u00f1os del 4,3 por ciento y el crecimiento econ\u00f3mico parece haber recuperado fuerza tras un mediocre primer trimestre.<\/p>\n<p>Sin embargo, otros indicadores de la salud de la econom\u00eda han sido m\u00e1s dispares. La medida preferida de la Fed de la inflaci\u00f3n subyacente se ha ralentizado a un 1,5 por ciento desde un 1,8 por ciento antes del 2017.<\/p>\n<p>Tambi\u00e9n hay dudas sobre el tama\u00f1o y el alcance del est\u00edmulo fiscal que el Gobierno del presidente Donald Trump podr\u00eda inyectar en la econom\u00eda estadounidense, ya que sus promesas sobre reforma tributaria, desmantelamiento de la regulaci\u00f3n financiera y gastos de infraestructura enfrentan obst\u00e1culos en el Congreso.<\/p>\n<p style=\"text-align: right;\"><span style=\"color: #ff0000;\"><em>Reuters<\/em><\/span><\/p>\n<p>&nbsp;<\/p>\n","protected":false},"excerpt":{"rendered":"<p>WASHINGTON, Distrito de Columbia.- Se espera que la Reserva Federal de Estados Unidos suba su tipo de inter\u00e9s referencial esta semana tras un fortalecimiento del mercado laboral y podr\u00eda ofrecer m\u00e1s detalles sobre sus planes para reducir la cartera de bonos que amas\u00f3 para avivar la recuperaci\u00f3n de la econom\u00eda. El banco central dar\u00e1 a [&hellip;]<\/p>\n","protected":false},"author":1,"featured_media":0,"comment_status":"open","ping_status":"open","sticky":false,"template":"","format":"standard","meta":{"_bbp_topic_count":0,"_bbp_reply_count":0,"_bbp_total_topic_count":0,"_bbp_total_reply_count":0,"_bbp_voice_count":0,"_bbp_anonymous_reply_count":0,"_bbp_topic_count_hidden":0,"_bbp_reply_count_hidden":0,"_bbp_forum_subforum_count":0,"footnotes":""},"categories":[35,60],"tags":[],"class_list":{"0":"post-291098","1":"post","2":"type-post","3":"status-publish","4":"format-standard","6":"category-economia","7":"category-titulares-del-dia"},"_links":{"self":[{"href":"https:\/\/primermomento.com\/index.php?rest_route=\/wp\/v2\/posts\/291098","targetHints":{"allow":["GET"]}}],"collection":[{"href":"https:\/\/primermomento.com\/index.php?rest_route=\/wp\/v2\/posts"}],"about":[{"href":"https:\/\/primermomento.com\/index.php?rest_route=\/wp\/v2\/types\/post"}],"author":[{"embeddable":true,"href":"https:\/\/primermomento.com\/index.php?rest_route=\/wp\/v2\/users\/1"}],"replies":[{"embeddable":true,"href":"https:\/\/primermomento.com\/index.php?rest_route=%2Fwp%2Fv2%2Fcomments&post=291098"}],"version-history":[{"count":0,"href":"https:\/\/primermomento.com\/index.php?rest_route=\/wp\/v2\/posts\/291098\/revisions"}],"wp:attachment":[{"href":"https:\/\/primermomento.com\/index.php?rest_route=%2Fwp%2Fv2%2Fmedia&parent=291098"}],"wp:term":[{"taxonomy":"category","embeddable":true,"href":"https:\/\/primermomento.com\/index.php?rest_route=%2Fwp%2Fv2%2Fcategories&post=291098"},{"taxonomy":"post_tag","embeddable":true,"href":"https:\/\/primermomento.com\/index.php?rest_route=%2Fwp%2Fv2%2Ftags&post=291098"}],"curies":[{"name":"wp","href":"https:\/\/api.w.org\/{rel}","templated":true}]}}