{"id":291101,"date":"2017-06-13T14:17:38","date_gmt":"2017-06-13T18:17:38","guid":{"rendered":"http:\/\/primermomento.com\/?p=291101"},"modified":"2017-06-13T16:53:25","modified_gmt":"2017-06-13T20:53:25","slug":"ex-presidente-de-panama-ricardo-martinelli-arrestado-en-miami","status":"publish","type":"post","link":"https:\/\/primermomento.com\/?p=291101","title":{"rendered":"Expresidente de Panam\u00e1 Ricardo Martinelli arrestado en Miami"},"content":{"rendered":"<p>MIAMI, Florida.- Las autoridades estadounidenses arrestaron el lunes al expresidente paname\u00f1o Ricardo Martinelli con base en una orden de extradici\u00f3n emitida por su pa\u00eds.<\/p>\n<figure id=\"attachment_291102\" aria-describedby=\"caption-attachment-291102\" style=\"width: 300px\" class=\"wp-caption alignleft\"><img loading=\"lazy\" decoding=\"async\" class=\"size-medium wp-image-291102\" src=\"http:\/\/primermomento.com\/wp-content\/uploads\/2017\/06\/expresidente-Martinelli-300x169.jpg\" alt=\"\" width=\"300\" height=\"169\" srcset=\"https:\/\/primermomento.com\/wp-content\/uploads\/2017\/06\/expresidente-Martinelli-300x169.jpg 300w, https:\/\/primermomento.com\/wp-content\/uploads\/2017\/06\/expresidente-Martinelli-768x432.jpg 768w, https:\/\/primermomento.com\/wp-content\/uploads\/2017\/06\/expresidente-Martinelli-478x270.jpg 478w, https:\/\/primermomento.com\/wp-content\/uploads\/2017\/06\/expresidente-Martinelli-500x281.jpg 500w, https:\/\/primermomento.com\/wp-content\/uploads\/2017\/06\/expresidente-Martinelli-280x157.jpg 280w, https:\/\/primermomento.com\/wp-content\/uploads\/2017\/06\/expresidente-Martinelli-638x359.jpg 638w, https:\/\/primermomento.com\/wp-content\/uploads\/2017\/06\/expresidente-Martinelli-118x66.jpg 118w, https:\/\/primermomento.com\/wp-content\/uploads\/2017\/06\/expresidente-Martinelli-479x269.jpg 479w, https:\/\/primermomento.com\/wp-content\/uploads\/2017\/06\/expresidente-Martinelli.jpg 1023w\" sizes=\"auto, (max-width: 300px) 100vw, 300px\" \/><figcaption id=\"caption-attachment-291102\" class=\"wp-caption-text\">El exl\u00edder paname\u00f1o est\u00e1 acusado de utilizar fondos p\u00fablicos para espiar ilegalmente a m\u00e1s de 150 adversarios pol\u00edticos en su pa\u00eds durante su mandato como presidente de 2009 a 2014.<\/figcaption><\/figure>\n<p>Martinelli fue detenido sin incidentes cerca de su casa en Coral Gables el lunes por la noche y qued\u00f3 bajo custodia en un centro de detenci\u00f3n federal en Miami, seg\u00fan dijo Manny Puri, jefe adjunto de la oficina del distrito de la agencia en Miami,<\/p>\n<p>El exl\u00edder paname\u00f1o est\u00e1 acusado de utilizar fondos p\u00fablicos para espiar ilegalmente a m\u00e1s de 150 adversarios pol\u00edticos en su pa\u00eds durante su mandato como presidente de 2009 a 2014.<\/p>\n<p>\u00abEstados Unidos es una democracia donde s\u00ed se respetan las leyes y los derechos ciudadanos. La defensa del expresidente Martinelli va a ejercer los derechos y garant\u00edas que le consagra el Estado de Derecho\u00bb, dijo en un comunicado el portavoz de Martinelli, Luis Eduardo Camacho.<\/p>\n<p>Martinelli, un magnate de los supermercados, encabez\u00f3 un auge de la infraestructura y el crecimiento econ\u00f3mico m\u00e1s r\u00e1pido de Am\u00e9rica Latina en los \u00faltimos a\u00f1os, pero su administraci\u00f3n fue empa\u00f1ada por las acusaciones de corrupci\u00f3n.<\/p>\n<p>En respuesta a la solicitud de extradici\u00f3n de Panam\u00e1 el a\u00f1o pasado, Martinelli critic\u00f3 al gobierno actual de su pa\u00eds y se describi\u00f3 como v\u00edctima de una caza de brujas motivada pol\u00edticamente.<\/p>\n<p>Se prev\u00e9 que Martinelli comparezca ante un juez para una audiencia de extradici\u00f3n.<\/p>\n<p>El expresidente ha negado haber violado la ley y asevera que el caso es una persecuci\u00f3n pol\u00edtica de su sucesor.<\/p>\n<p>En febrero, los fiscales en Panam\u00e1 dijeron adem\u00e1s que solicitaron ayuda internacional para detener a dos de sus hijos en relaci\u00f3n a una presunta confabulaci\u00f3n para lavar dinero de sobornos de la constructora brasile\u00f1a Odebrecht.<\/p>\n<p style=\"text-align: right;\"><span style=\"color: #ff0000;\"><em>VOANEWS<\/em><\/span><\/p>\n","protected":false},"excerpt":{"rendered":"<p>MIAMI, Florida.- Las autoridades estadounidenses arrestaron el lunes al expresidente paname\u00f1o Ricardo Martinelli con base en una orden de extradici\u00f3n emitida por su pa\u00eds. Martinelli fue detenido sin incidentes cerca de su casa en Coral Gables el lunes por la noche y qued\u00f3 bajo custodia en un centro de detenci\u00f3n federal en Miami, seg\u00fan dijo [&hellip;]<\/p>\n","protected":false},"author":1,"featured_media":0,"comment_status":"open","ping_status":"open","sticky":false,"template":"","format":"standard","meta":{"_bbp_topic_count":0,"_bbp_reply_count":0,"_bbp_total_topic_count":0,"_bbp_total_reply_count":0,"_bbp_voice_count":0,"_bbp_anonymous_reply_count":0,"_bbp_topic_count_hidden":0,"_bbp_reply_count_hidden":0,"_bbp_forum_subforum_count":0,"footnotes":""},"categories":[60,32],"tags":[],"class_list":["post-291101","post","type-post","status-publish","format-standard","category-titulares-del-dia","category-lo-ultimo"],"_links":{"self":[{"href":"https:\/\/primermomento.com\/index.php?rest_route=\/wp\/v2\/posts\/291101","targetHints":{"allow":["GET"]}}],"collection":[{"href":"https:\/\/primermomento.com\/index.php?rest_route=\/wp\/v2\/posts"}],"about":[{"href":"https:\/\/primermomento.com\/index.php?rest_route=\/wp\/v2\/types\/post"}],"author":[{"embeddable":true,"href":"https:\/\/primermomento.com\/index.php?rest_route=\/wp\/v2\/users\/1"}],"replies":[{"embeddable":true,"href":"https:\/\/primermomento.com\/index.php?rest_route=%2Fwp%2Fv2%2Fcomments&post=291101"}],"version-history":[{"count":0,"href":"https:\/\/primermomento.com\/index.php?rest_route=\/wp\/v2\/posts\/291101\/revisions"}],"wp:attachment":[{"href":"https:\/\/primermomento.com\/index.php?rest_route=%2Fwp%2Fv2%2Fmedia&parent=291101"}],"wp:term":[{"taxonomy":"category","embeddable":true,"href":"https:\/\/primermomento.com\/index.php?rest_route=%2Fwp%2Fv2%2Fcategories&post=291101"},{"taxonomy":"post_tag","embeddable":true,"href":"https:\/\/primermomento.com\/index.php?rest_route=%2Fwp%2Fv2%2Ftags&post=291101"}],"curies":[{"name":"wp","href":"https:\/\/api.w.org\/{rel}","templated":true}]}}