{"id":291104,"date":"2017-06-13T12:28:25","date_gmt":"2017-06-13T16:28:25","guid":{"rendered":"http:\/\/primermomento.com\/?p=291104"},"modified":"2017-06-13T14:30:45","modified_gmt":"2017-06-13T18:30:45","slug":"trump-ataca-a-tribunal-por-mantener-bloqueado-su-veto-de-viajes","status":"publish","type":"post","link":"https:\/\/primermomento.com\/?p=291104","title":{"rendered":"Trump ataca a tribunal por mantener bloqueado su veto de viajes"},"content":{"rendered":"<div class=\"fullNewsIntrotext\">WASHINGTON, Distrito de Columbia.- El presidente de Estados Unidos, Donald Trump, atac\u00f3 nuevamente hoy a la Corte de Apelaciones del Noveno Circuito tras su decisi\u00f3n de mantener bloqueado el veto de viajes que desea establecer el mandatario.<\/div>\n<div><\/div>\n<div class=\"fullNewsFulltext\"><img loading=\"lazy\" decoding=\"async\" class=\"size-medium wp-image-291105 alignleft\" src=\"http:\/\/primermomento.com\/wp-content\/uploads\/2017\/06\/trump-y-viajes-300x200.jpg\" alt=\"\" width=\"300\" height=\"200\" srcset=\"https:\/\/primermomento.com\/wp-content\/uploads\/2017\/06\/trump-y-viajes-300x200.jpg 300w, https:\/\/primermomento.com\/wp-content\/uploads\/2017\/06\/trump-y-viajes-73x50.jpg 73w, https:\/\/primermomento.com\/wp-content\/uploads\/2017\/06\/trump-y-viajes-500x333.jpg 500w, https:\/\/primermomento.com\/wp-content\/uploads\/2017\/06\/trump-y-viajes-280x186.jpg 280w, https:\/\/primermomento.com\/wp-content\/uploads\/2017\/06\/trump-y-viajes-60x40.jpg 60w, https:\/\/primermomento.com\/wp-content\/uploads\/2017\/06\/trump-y-viajes-638x425.jpg 638w, https:\/\/primermomento.com\/wp-content\/uploads\/2017\/06\/trump-y-viajes-118x79.jpg 118w, https:\/\/primermomento.com\/wp-content\/uploads\/2017\/06\/trump-y-viajes-479x319.jpg 479w, https:\/\/primermomento.com\/wp-content\/uploads\/2017\/06\/trump-y-viajes.jpg 748w\" sizes=\"auto, (max-width: 300px) 100vw, 300px\" \/>Bueno, como se esperaba, el Noveno Circuito lo hizo de nuevo, escribi\u00f3 el gobernante en su cuenta de la red social Twitter sobre la sentencia anunciada ayer por el tribunal con sede en San Francisco, California.<\/p>\n<p>De acuerdo con el jefe de Estado, la instancia judicial fall\u00f3 en contra de su prohibici\u00f3n en un momento muy peligroso en la historia del pa\u00eds.<\/p>\n<p>En su tuit el republicano agreg\u00f3 las siglas SC, en referencia a la Corte Suprema, \u00f3rgano ante el cual se llev\u00f3 ya el tema del veto de viajes despu\u00e9s de que la de apelaciones del Cuarto Circuito tambi\u00e9n decidiera en contra de la orden ejecutiva a finales de mayo.<\/p>\n<p>Ayer el tribunal ubicado en San Francisco consider\u00f3 que el presidente excedi\u00f3 el alcance de su autoridad al firmar el decreto del pasado 6 de marzo, versi\u00f3n de una prohibici\u00f3n de viajes previa que se fren\u00f3 en las cortes.<\/p>\n<p>Tal decreto pretende prohibir por 90 d\u00edas la llegada a este pa\u00eds de nacionales de Siria, Ir\u00e1n, Yemen, Somalia, Libia y Sud\u00e1n, y quiere evitar por cuatro meses el arribo de refugiados de cualquier origen.<\/p>\n<p>Con su fallo de este lunes, los tres miembros del panel de apelaciones confirmaron en gran medida la sentencia del juez de Haw\u00e1i Derrick Watson, quien consider\u00f3 que las disposiciones b\u00e1sicas de la orden violaban probablemente la Constituci\u00f3n al ser discriminatorias contra los musulmanes.<\/p>\n<p>El Gobierno defiende la medida como una cuesti\u00f3n de seguridad nacional, pero quienes se oponen a ella la consideran un esquema poco velado de vetar a esas personas, sobre todo luego de que Trump prometiera en su campa\u00f1a un cierre total y completo de la entrada de musulmanes-<\/p>\n<p>La publicaci\u00f3n de hoy no es la \u00fanica arremetida del jefe de Estado contra el Noveno Circuito, instancia que el 9 de febrero pasado apoy\u00f3 la postura de un juez de Seattle e imposibilit\u00f3 que entrara en vigor la orden ejecutiva original.<\/p>\n<p>En abril el gobernante lleg\u00f3 a decir que hab\u00eda considerado la disoluci\u00f3n de esa Corte de Apelaciones y que exist\u00eda mucha gente que tambi\u00e9n quer\u00eda dar ese paso.<\/p>\n<p>Adem\u00e1s de defender su pol\u00e9mica prohibici\u00f3n, el mandatario se refiri\u00f3 esta ma\u00f1ana al que parece ser uno de sus temas preferidos, lo que \u00e9l califica como &#8216;noticias falsas&#8217;.<\/p>\n<p>Las noticias falsas se encuentran en un m\u00e1ximo hist\u00f3rico. &#8216;\u00bfD\u00f3nde est\u00e1 su disculpa hacia m\u00ed por todas las historias incorrectas?,&#8217; manifest\u00f3.<\/p>\n<p>Seg\u00fan Trump, los medios de comunicaci\u00f3n de ese tipo de informaciones nunca hab\u00edan estado tan equivocados o tan sucios. &#8216;Historias incorrectas a prop\u00f3sito y fuentes falsas para cumplir con su agenda de odio. \u00a1Triste!&#8217;, apunt\u00f3.<\/p><\/div>\n<div><\/div>\n<div style=\"text-align: right;\"><em><span style=\"color: #ff0000;\">PL<\/span><\/em><\/div>\n","protected":false},"excerpt":{"rendered":"<p>WASHINGTON, Distrito de Columbia.- El presidente de Estados Unidos, Donald Trump, atac\u00f3 nuevamente hoy a la Corte de Apelaciones del Noveno Circuito tras su decisi\u00f3n de mantener bloqueado el veto de viajes que desea establecer el mandatario. Bueno, como se esperaba, el Noveno Circuito lo hizo de nuevo, escribi\u00f3 el gobernante en su cuenta de [&hellip;]<\/p>\n","protected":false},"author":1,"featured_media":0,"comment_status":"open","ping_status":"open","sticky":false,"template":"","format":"standard","meta":{"_bbp_topic_count":0,"_bbp_reply_count":0,"_bbp_total_topic_count":0,"_bbp_total_reply_count":0,"_bbp_voice_count":0,"_bbp_anonymous_reply_count":0,"_bbp_topic_count_hidden":0,"_bbp_reply_count_hidden":0,"_bbp_forum_subforum_count":0,"footnotes":""},"categories":[60,31],"tags":[],"class_list":{"0":"post-291104","1":"post","2":"type-post","3":"status-publish","4":"format-standard","6":"category-titulares-del-dia","7":"category-estados-unidos"},"_links":{"self":[{"href":"https:\/\/primermomento.com\/index.php?rest_route=\/wp\/v2\/posts\/291104","targetHints":{"allow":["GET"]}}],"collection":[{"href":"https:\/\/primermomento.com\/index.php?rest_route=\/wp\/v2\/posts"}],"about":[{"href":"https:\/\/primermomento.com\/index.php?rest_route=\/wp\/v2\/types\/post"}],"author":[{"embeddable":true,"href":"https:\/\/primermomento.com\/index.php?rest_route=\/wp\/v2\/users\/1"}],"replies":[{"embeddable":true,"href":"https:\/\/primermomento.com\/index.php?rest_route=%2Fwp%2Fv2%2Fcomments&post=291104"}],"version-history":[{"count":0,"href":"https:\/\/primermomento.com\/index.php?rest_route=\/wp\/v2\/posts\/291104\/revisions"}],"wp:attachment":[{"href":"https:\/\/primermomento.com\/index.php?rest_route=%2Fwp%2Fv2%2Fmedia&parent=291104"}],"wp:term":[{"taxonomy":"category","embeddable":true,"href":"https:\/\/primermomento.com\/index.php?rest_route=%2Fwp%2Fv2%2Fcategories&post=291104"},{"taxonomy":"post_tag","embeddable":true,"href":"https:\/\/primermomento.com\/index.php?rest_route=%2Fwp%2Fv2%2Ftags&post=291104"}],"curies":[{"name":"wp","href":"https:\/\/api.w.org\/{rel}","templated":true}]}}