{"id":291127,"date":"2017-06-13T10:53:01","date_gmt":"2017-06-13T14:53:01","guid":{"rendered":"http:\/\/primermomento.com\/?p=291127"},"modified":"2017-06-13T14:55:52","modified_gmt":"2017-06-13T18:55:52","slug":"crece-indignacion-por-agresion-policial-a-joven-dominicano","status":"publish","type":"post","link":"https:\/\/primermomento.com\/?p=291127","title":{"rendered":"Crece indignaci\u00f3n por agresi\u00f3n policial a joven dominicano"},"content":{"rendered":"<div id=\"m_8284127067145613233yui_3_16_0_1_1497316930949_22796\"><span id=\"m_8284127067145613233yui_3_16_0_1_1497316930949_22799\" lang=\"ES-US\">NUEVA YORK, Nueva York.- Sigue creciendo la indignaci\u00f3n entre la comunidad dominicana en Estados Unidos por la inhumana y salvaje agresi\u00f3n policial de la que fue objeto\u00a0en Nueva Jersey la semana pasada\u00a0el criollo Miguel F\u00e9liz, de 28 a\u00f1os.<u><\/u><u><\/u><\/span><\/div>\n<div id=\"m_8284127067145613233yui_3_16_0_1_1497316930949_22801\"><span id=\"m_8284127067145613233yui_3_16_0_1_1497316930949_22802\" lang=\"ES-US\"><u><\/u>\u00a0<u><\/u><\/span><\/div>\n<div id=\"m_8284127067145613233yui_3_16_0_1_1497316930949_22804\"><span id=\"m_8284127067145613233yui_3_16_0_1_1497316930949_22805\" lang=\"ES-US\"><img loading=\"lazy\" decoding=\"async\" class=\"size-medium wp-image-291128 alignleft\" src=\"http:\/\/primermomento.com\/wp-content\/uploads\/2017\/06\/agresion-joven-dominicano-300x178.jpg\" alt=\"\" width=\"300\" height=\"178\" srcset=\"https:\/\/primermomento.com\/wp-content\/uploads\/2017\/06\/agresion-joven-dominicano-300x178.jpg 300w, https:\/\/primermomento.com\/wp-content\/uploads\/2017\/06\/agresion-joven-dominicano-110x66.jpg 110w, https:\/\/primermomento.com\/wp-content\/uploads\/2017\/06\/agresion-joven-dominicano-500x297.jpg 500w, https:\/\/primermomento.com\/wp-content\/uploads\/2017\/06\/agresion-joven-dominicano-280x166.jpg 280w, https:\/\/primermomento.com\/wp-content\/uploads\/2017\/06\/agresion-joven-dominicano-118x70.jpg 118w, https:\/\/primermomento.com\/wp-content\/uploads\/2017\/06\/agresion-joven-dominicano-479x284.jpg 479w, https:\/\/primermomento.com\/wp-content\/uploads\/2017\/06\/agresion-joven-dominicano.jpg 519w\" sizes=\"auto, (max-width: 300px) 100vw, 300px\" \/>En un video que le ha dado la vuelta al mundo se puede ver a un grupo de polic\u00edas pateando, abofeteando y arrastrando el cuerpo de Feliz, cuando se \u201crevolcaba\u201d prendido en llamas.<u><\/u><u><\/u><\/span><\/div>\n<div id=\"m_8284127067145613233yui_3_16_0_1_1497316930949_22807\"><span id=\"m_8284127067145613233yui_3_16_0_1_1497316930949_22808\" lang=\"ES-US\"><u><\/u>\u00a0<u><\/u><\/span><\/div>\n<div id=\"m_8284127067145613233yui_3_16_0_1_1497316930949_22810\"><span id=\"m_8284127067145613233yui_3_16_0_1_1497316930949_22811\" lang=\"ES-US\">Su veh\u00edculo fue chocado por otro que era perseguido por los uniformados, incendi\u00e1ndose ambos. Los agentes lo confundieron con el perseguido.<u><\/u><u><\/u><\/span><\/div>\n<div id=\"m_8284127067145613233yui_3_16_0_1_1497316930949_22813\"><span id=\"m_8284127067145613233yui_3_16_0_1_1497316930949_22814\" lang=\"ES-US\"><u><\/u>\u00a0<u><\/u><\/span><\/div>\n<div id=\"m_8284127067145613233yui_3_16_0_1_1497316930949_22816\"><span id=\"m_8284127067145613233yui_3_16_0_1_1497316930949_22817\" lang=\"ES-US\">Las condenas contra la salvaje acci\u00f3n de los siete polic\u00edas de Jersey City han sido hechas por diferentes v\u00edas a este reportero por quisqueyanos residentes en Nueva Jersey, Connecticut, Pensilvania, Washington DC, Maryland, Massachusetts, Providencia, Michigan, Ohio, Orlando, y Florida, entre otras partes.<u><\/u><u><\/u><\/span><\/div>\n<div id=\"m_8284127067145613233yui_3_16_0_1_1497316930949_22819\"><span id=\"m_8284127067145613233yui_3_16_0_1_1497316930949_22820\" lang=\"ES-US\"><u><\/u>\u00a0<u><\/u><\/span><\/div>\n<div id=\"m_8284127067145613233yui_3_16_0_1_1497316930949_22822\"><span id=\"m_8284127067145613233yui_3_16_0_1_1497316930949_22823\" lang=\"ES-US\">La mayor\u00eda coinciden en que deben ser expulsados de la instituci\u00f3n y traducirlo a la justicia, porque ni a un animal se le hace lo que hicieron los polic\u00edas.<u><\/u><u><\/u><\/span><\/div>\n<div id=\"m_8284127067145613233yui_3_16_0_1_1497316930949_22825\"><span id=\"m_8284127067145613233yui_3_16_0_1_1497316930949_22826\" lang=\"ES-US\"><u><\/u>\u00a0<u><\/u><\/span><\/div>\n<div id=\"m_8284127067145613233yui_3_16_0_1_1497316930949_22828\"><span id=\"m_8284127067145613233yui_3_16_0_1_1497316930949_22829\" lang=\"ES-US\">El dominicano ha quedado en tan malas condiciones que debe ser sometido a por lo menos seis operaciones, practic\u00e1ndole algunas en el\u00a0hospital Saint Barnabas Medical Center en Livingston, donde se encuentra grave.<u><\/u><u><\/u><\/span><\/div>\n<div id=\"m_8284127067145613233yui_3_16_0_1_1497316930949_22831\"><span id=\"m_8284127067145613233yui_3_16_0_1_1497316930949_22832\" lang=\"ES-US\"><u><\/u>\u00a0<u><\/u><\/span><\/div>\n<div id=\"m_8284127067145613233yui_3_16_0_1_1497316930949_22834\"><span id=\"m_8284127067145613233yui_3_16_0_1_1497316930949_22835\" lang=\"ES-US\">Este lunes el alcalde de la ciudad, Steven Fulop, anunci\u00f3 que los agentes, teniente Keith Ludwing, y los agentes D. Khan, Eric Kosinski y Francisco Rodr\u00edguez fueron suspendidos sin pago. Se ha informado extraoficialmente que Rodr\u00edguez es dominicano.<u><\/u><u><\/u><\/span><\/div>\n<div id=\"m_8284127067145613233yui_3_16_0_1_1497316930949_22837\"><span id=\"m_8284127067145613233yui_3_16_0_1_1497316930949_22838\" lang=\"ES-US\">\u00a0<u><\/u><u><\/u><\/span><\/div>\n<div id=\"m_8284127067145613233yui_3_16_0_1_1497316930949_22840\"><span id=\"m_8284127067145613233yui_3_16_0_1_1497316930949_22841\" lang=\"ES-US\">Este es el primer paso y todos deben ser responsables, inform\u00f3 el ejecutivo municipal.<\/span><\/div>\n<div><\/div>\n<div style=\"text-align: right;\"><span style=\"color: #ff0000;\">Ram\u00f3n Mercedes<\/span><\/div>\n","protected":false},"excerpt":{"rendered":"<p>NUEVA YORK, Nueva York.- Sigue creciendo la indignaci\u00f3n entre la comunidad dominicana en Estados Unidos por la inhumana y salvaje agresi\u00f3n policial de la que fue objeto\u00a0en Nueva Jersey la semana pasada\u00a0el criollo Miguel F\u00e9liz, de 28 a\u00f1os. \u00a0 En un video que le ha dado la vuelta al mundo se puede ver a un [&hellip;]<\/p>\n","protected":false},"author":1,"featured_media":0,"comment_status":"open","ping_status":"open","sticky":false,"template":"","format":"standard","meta":{"_bbp_topic_count":0,"_bbp_reply_count":0,"_bbp_total_topic_count":0,"_bbp_total_reply_count":0,"_bbp_voice_count":0,"_bbp_anonymous_reply_count":0,"_bbp_topic_count_hidden":0,"_bbp_reply_count_hidden":0,"_bbp_forum_subforum_count":0,"footnotes":""},"categories":[30,60],"tags":[],"class_list":["post-291127","post","type-post","status-publish","format-standard","category-actualidad","category-titulares-del-dia"],"_links":{"self":[{"href":"https:\/\/primermomento.com\/index.php?rest_route=\/wp\/v2\/posts\/291127","targetHints":{"allow":["GET"]}}],"collection":[{"href":"https:\/\/primermomento.com\/index.php?rest_route=\/wp\/v2\/posts"}],"about":[{"href":"https:\/\/primermomento.com\/index.php?rest_route=\/wp\/v2\/types\/post"}],"author":[{"embeddable":true,"href":"https:\/\/primermomento.com\/index.php?rest_route=\/wp\/v2\/users\/1"}],"replies":[{"embeddable":true,"href":"https:\/\/primermomento.com\/index.php?rest_route=%2Fwp%2Fv2%2Fcomments&post=291127"}],"version-history":[{"count":0,"href":"https:\/\/primermomento.com\/index.php?rest_route=\/wp\/v2\/posts\/291127\/revisions"}],"wp:attachment":[{"href":"https:\/\/primermomento.com\/index.php?rest_route=%2Fwp%2Fv2%2Fmedia&parent=291127"}],"wp:term":[{"taxonomy":"category","embeddable":true,"href":"https:\/\/primermomento.com\/index.php?rest_route=%2Fwp%2Fv2%2Fcategories&post=291127"},{"taxonomy":"post_tag","embeddable":true,"href":"https:\/\/primermomento.com\/index.php?rest_route=%2Fwp%2Fv2%2Ftags&post=291127"}],"curies":[{"name":"wp","href":"https:\/\/api.w.org\/{rel}","templated":true}]}}