{"id":291145,"date":"2017-06-15T09:28:35","date_gmt":"2017-06-15T13:28:35","guid":{"rendered":"http:\/\/primermomento.com\/?p=291145"},"modified":"2017-06-15T11:48:35","modified_gmt":"2017-06-15T15:48:35","slug":"bani-lanzan-libro-diario-de-campana-de-maximo-gomez","status":"publish","type":"post","link":"https:\/\/primermomento.com\/?p=291145","title":{"rendered":"BAN\u00cd | Lanzan libro Diario de Campa\u00f1a de M\u00e1ximo G\u00f3mez"},"content":{"rendered":"<p>BAN\u00cd, Rep\u00fablica Dominicana.- Con una significada asistencia, en el Centro Cultural Perell\u00f3, fue puesto en circulaci\u00f3n el libro Diario de Campa\u00f1a de M\u00e1ximo G\u00f3mez, patrocinado por la Fundaci\u00f3n que lleva su mismo nombre.<\/p>\n<figure id=\"attachment_291146\" aria-describedby=\"caption-attachment-291146\" style=\"width: 300px\" class=\"wp-caption alignright\"><img loading=\"lazy\" decoding=\"async\" class=\"size-medium wp-image-291146\" src=\"http:\/\/primermomento.com\/wp-content\/uploads\/2017\/06\/Ivan-Pe\u00f1a-300x225.jpg\" alt=\"\" width=\"300\" height=\"225\" srcset=\"https:\/\/primermomento.com\/wp-content\/uploads\/2017\/06\/Ivan-Pe\u00f1a-300x225.jpg 300w, https:\/\/primermomento.com\/wp-content\/uploads\/2017\/06\/Ivan-Pe\u00f1a-768x576.jpg 768w, https:\/\/primermomento.com\/wp-content\/uploads\/2017\/06\/Ivan-Pe\u00f1a-1024x768.jpg 1024w, https:\/\/primermomento.com\/wp-content\/uploads\/2017\/06\/Ivan-Pe\u00f1a-120x90.jpg 120w, https:\/\/primermomento.com\/wp-content\/uploads\/2017\/06\/Ivan-Pe\u00f1a-500x375.jpg 500w, https:\/\/primermomento.com\/wp-content\/uploads\/2017\/06\/Ivan-Pe\u00f1a-280x210.jpg 280w, https:\/\/primermomento.com\/wp-content\/uploads\/2017\/06\/Ivan-Pe\u00f1a-638x479.jpg 638w, https:\/\/primermomento.com\/wp-content\/uploads\/2017\/06\/Ivan-Pe\u00f1a-118x89.jpg 118w, https:\/\/primermomento.com\/wp-content\/uploads\/2017\/06\/Ivan-Pe\u00f1a-479x359.jpg 479w\" sizes=\"auto, (max-width: 300px) 100vw, 300px\" \/><figcaption id=\"caption-attachment-291146\" class=\"wp-caption-text\">Iv\u00e1n Pe\u00f1a B\u00e1ez, presidente de la Fundaci\u00f3n M\u00e1ximo G\u00f3mez. Foto | Primer Momento.<\/figcaption><\/figure>\n<p>Iv\u00e1n Pe\u00f1a B\u00e1ez, presidente de la citada instituci\u00f3n, fijo que la obra es, sin lugar a dudas, el texto fundamental del General\u00edsimo, donde hace constar sus anotaciones del 1868 al 1898.<\/p>\n<p>Pe\u00f1a B\u00e1ez record\u00f3 que esas memorias y cuentas revelan los m\u00e1s \u00edntimos pensamientos de de M\u00e1ximo G\u00f3mez, describe sus acciones militares, su visi\u00f3n sobre la guerra, sus criterios sobre la forma de gobierno de la nueva rep\u00fablica, su vida familiar, sus tristezas y desenga\u00f1os.<\/p>\n<figure id=\"attachment_291147\" aria-describedby=\"caption-attachment-291147\" style=\"width: 300px\" class=\"wp-caption alignleft\"><img loading=\"lazy\" decoding=\"async\" class=\"size-medium wp-image-291147\" src=\"http:\/\/primermomento.com\/wp-content\/uploads\/2017\/06\/IMG_5757-Sergio-German-Medrano-300x225.jpg\" alt=\"\" width=\"300\" height=\"225\" srcset=\"https:\/\/primermomento.com\/wp-content\/uploads\/2017\/06\/IMG_5757-Sergio-German-Medrano-300x225.jpg 300w, https:\/\/primermomento.com\/wp-content\/uploads\/2017\/06\/IMG_5757-Sergio-German-Medrano-768x576.jpg 768w, https:\/\/primermomento.com\/wp-content\/uploads\/2017\/06\/IMG_5757-Sergio-German-Medrano-1024x768.jpg 1024w, https:\/\/primermomento.com\/wp-content\/uploads\/2017\/06\/IMG_5757-Sergio-German-Medrano-120x90.jpg 120w, https:\/\/primermomento.com\/wp-content\/uploads\/2017\/06\/IMG_5757-Sergio-German-Medrano-500x375.jpg 500w, https:\/\/primermomento.com\/wp-content\/uploads\/2017\/06\/IMG_5757-Sergio-German-Medrano-280x210.jpg 280w, https:\/\/primermomento.com\/wp-content\/uploads\/2017\/06\/IMG_5757-Sergio-German-Medrano-638x479.jpg 638w, https:\/\/primermomento.com\/wp-content\/uploads\/2017\/06\/IMG_5757-Sergio-German-Medrano-118x89.jpg 118w, https:\/\/primermomento.com\/wp-content\/uploads\/2017\/06\/IMG_5757-Sergio-German-Medrano-479x359.jpg 479w\" sizes=\"auto, (max-width: 300px) 100vw, 300px\" \/><figcaption id=\"caption-attachment-291147\" class=\"wp-caption-text\">Sergio Germ\u00e1n Medrano. Foto | Primer Momento.<\/figcaption><\/figure>\n<p>Los doctores Sergio Germ\u00e1n Medrano y Luis Manuel Peguero presentaron el libro que es vendido al p\u00fablico a 500 pesos en la Expo Mango 2017 que tiene lugar en la plazoleta del Ayuntamiento de Ban\u00ed.<\/p>\n<p>Tanto Germ\u00e1n Medrano como Peguero hicieron un esbozo hist\u00f3rico de lo que fue la vida y obra de M\u00e1ximo G\u00f3mez.<\/p>\n<p>A la actividad asistieron la gobernadora de la provincia Peravia, Nelly Melo de Guerrero y la vicealcaldesa del municipio de Ban\u00ed, Virtudes Gonz\u00e1lez, entre otros invitados especiales.<\/p>\n<p style=\"text-align: right;\"><span style=\"color: #ff0000;\">Primer<\/span>Momento<\/p>\n<p>&nbsp;<\/p>\n","protected":false},"excerpt":{"rendered":"<p>BAN\u00cd, Rep\u00fablica Dominicana.- Con una significada asistencia, en el Centro Cultural Perell\u00f3, fue puesto en circulaci\u00f3n el libro Diario de Campa\u00f1a de M\u00e1ximo G\u00f3mez, patrocinado por la Fundaci\u00f3n que lleva su mismo nombre. Iv\u00e1n Pe\u00f1a B\u00e1ez, presidente de la citada instituci\u00f3n, fijo que la obra es, sin lugar a dudas, el texto fundamental del General\u00edsimo, [&hellip;]<\/p>\n","protected":false},"author":1,"featured_media":0,"comment_status":"open","ping_status":"open","sticky":false,"template":"","format":"standard","meta":{"_bbp_topic_count":0,"_bbp_reply_count":0,"_bbp_total_topic_count":0,"_bbp_total_reply_count":0,"_bbp_voice_count":0,"_bbp_anonymous_reply_count":0,"_bbp_topic_count_hidden":0,"_bbp_reply_count_hidden":0,"_bbp_forum_subforum_count":0,"footnotes":""},"categories":[30,60],"tags":[],"class_list":["post-291145","post","type-post","status-publish","format-standard","category-actualidad","category-titulares-del-dia"],"_links":{"self":[{"href":"https:\/\/primermomento.com\/index.php?rest_route=\/wp\/v2\/posts\/291145","targetHints":{"allow":["GET"]}}],"collection":[{"href":"https:\/\/primermomento.com\/index.php?rest_route=\/wp\/v2\/posts"}],"about":[{"href":"https:\/\/primermomento.com\/index.php?rest_route=\/wp\/v2\/types\/post"}],"author":[{"embeddable":true,"href":"https:\/\/primermomento.com\/index.php?rest_route=\/wp\/v2\/users\/1"}],"replies":[{"embeddable":true,"href":"https:\/\/primermomento.com\/index.php?rest_route=%2Fwp%2Fv2%2Fcomments&post=291145"}],"version-history":[{"count":0,"href":"https:\/\/primermomento.com\/index.php?rest_route=\/wp\/v2\/posts\/291145\/revisions"}],"wp:attachment":[{"href":"https:\/\/primermomento.com\/index.php?rest_route=%2Fwp%2Fv2%2Fmedia&parent=291145"}],"wp:term":[{"taxonomy":"category","embeddable":true,"href":"https:\/\/primermomento.com\/index.php?rest_route=%2Fwp%2Fv2%2Fcategories&post=291145"},{"taxonomy":"post_tag","embeddable":true,"href":"https:\/\/primermomento.com\/index.php?rest_route=%2Fwp%2Fv2%2Ftags&post=291145"}],"curies":[{"name":"wp","href":"https:\/\/api.w.org\/{rel}","templated":true}]}}