{"id":291150,"date":"2017-06-15T06:50:26","date_gmt":"2017-06-15T10:50:26","guid":{"rendered":"http:\/\/primermomento.com\/?p=291150"},"modified":"2017-06-15T11:52:42","modified_gmt":"2017-06-15T15:52:42","slug":"reportes-fiscal-investiga-posible-obstruccion-de-trump-a-la-justicia","status":"publish","type":"post","link":"https:\/\/primermomento.com\/?p=291150","title":{"rendered":"REPORTES | Fiscal investiga posible obstrucci\u00f3n de Trump a la justicia"},"content":{"rendered":"<p>WASHINGTON, Distrito de Columbia.- El fiscal especial que investiga la injerencia rusa en la campa\u00f1a presidencial de 2016 y los posibles v\u00ednculos con la campa\u00f1a del presidente Donald Trump ha expandido su pesquisa para incluir la posibilidad de que el presidente haya obstruido la justicia al despedir al director del FBI, James Comey.<\/p>\n<figure id=\"attachment_291151\" aria-describedby=\"caption-attachment-291151\" style=\"width: 300px\" class=\"wp-caption alignleft\"><img loading=\"lazy\" decoding=\"async\" class=\"size-medium wp-image-291151\" src=\"http:\/\/primermomento.com\/wp-content\/uploads\/2017\/06\/trump-con-guardaespaldas-300x169.jpg\" alt=\"\" width=\"300\" height=\"169\" srcset=\"https:\/\/primermomento.com\/wp-content\/uploads\/2017\/06\/trump-con-guardaespaldas-300x169.jpg 300w, https:\/\/primermomento.com\/wp-content\/uploads\/2017\/06\/trump-con-guardaespaldas-768x432.jpg 768w, https:\/\/primermomento.com\/wp-content\/uploads\/2017\/06\/trump-con-guardaespaldas-478x270.jpg 478w, https:\/\/primermomento.com\/wp-content\/uploads\/2017\/06\/trump-con-guardaespaldas-500x281.jpg 500w, https:\/\/primermomento.com\/wp-content\/uploads\/2017\/06\/trump-con-guardaespaldas-280x157.jpg 280w, https:\/\/primermomento.com\/wp-content\/uploads\/2017\/06\/trump-con-guardaespaldas-638x359.jpg 638w, https:\/\/primermomento.com\/wp-content\/uploads\/2017\/06\/trump-con-guardaespaldas-118x66.jpg 118w, https:\/\/primermomento.com\/wp-content\/uploads\/2017\/06\/trump-con-guardaespaldas-479x269.jpg 479w, https:\/\/primermomento.com\/wp-content\/uploads\/2017\/06\/trump-con-guardaespaldas.jpg 1023w\" sizes=\"auto, (max-width: 300px) 100vw, 300px\" \/><figcaption id=\"caption-attachment-291151\" class=\"wp-caption-text\">El presidente Trump junto a su guardaespaldas Keith Schiller (izquierda) y agentes del Servicio Secreto.<\/figcaption><\/figure>\n<p>La revelaci\u00f3n surgi\u00f3 la noche del mi\u00e9rcoles en art\u00edculos publicados por <em>The Washington Pos<\/em>t, <em>The New York Times<\/em> y <em>The Wall Street Journal<\/em>, basados en informaci\u00f3n de personas al tanto de la investigaci\u00f3n.<\/p>\n<p>Los peri\u00f3dicos dijeron que el fiscal especial Robert Mueller tiene previsto entrevistar a tres funcionarios del gobierno de Trump que no estuvieron involucrados en la campa\u00f1a: Dan Coats, director de Inteligencia Nacional; Michael Rogers, jefe de la Agencia de Seguridad Nacional (NSA) y Richard Ledgett, ex subdirector de la NSA.<\/p>\n<p>De acuerdo al <em>Post<\/em> y el <em>Wall Street Journal<\/em>, Ledgett escribi\u00f3 un memo describiendo una llamada telef\u00f3nica que Trump hizo a Coats en la que el presidente le pide que diga p\u00fablicamente que su campa\u00f1a no se confabul\u00f3 con Rusia.<\/p>\n<p>El <em>Post<\/em> asegura que Trump hizo un pedido similar en otra llamada diferente a Rogers.<\/p>\n<p><span style=\"color: #ff0000;\"><em>VOANEWS<\/em><\/span><\/p>\n","protected":false},"excerpt":{"rendered":"<p>WASHINGTON, Distrito de Columbia.- El fiscal especial que investiga la injerencia rusa en la campa\u00f1a presidencial de 2016 y los posibles v\u00ednculos con la campa\u00f1a del presidente Donald Trump ha expandido su pesquisa para incluir la posibilidad de que el presidente haya obstruido la justicia al despedir al director del FBI, James Comey. La revelaci\u00f3n [&hellip;]<\/p>\n","protected":false},"author":1,"featured_media":0,"comment_status":"open","ping_status":"open","sticky":false,"template":"","format":"standard","meta":{"_bbp_topic_count":0,"_bbp_reply_count":0,"_bbp_total_topic_count":0,"_bbp_total_reply_count":0,"_bbp_voice_count":0,"_bbp_anonymous_reply_count":0,"_bbp_topic_count_hidden":0,"_bbp_reply_count_hidden":0,"_bbp_forum_subforum_count":0,"footnotes":""},"categories":[60,31],"tags":[],"class_list":{"0":"post-291150","1":"post","2":"type-post","3":"status-publish","4":"format-standard","6":"category-titulares-del-dia","7":"category-estados-unidos"},"_links":{"self":[{"href":"https:\/\/primermomento.com\/index.php?rest_route=\/wp\/v2\/posts\/291150","targetHints":{"allow":["GET"]}}],"collection":[{"href":"https:\/\/primermomento.com\/index.php?rest_route=\/wp\/v2\/posts"}],"about":[{"href":"https:\/\/primermomento.com\/index.php?rest_route=\/wp\/v2\/types\/post"}],"author":[{"embeddable":true,"href":"https:\/\/primermomento.com\/index.php?rest_route=\/wp\/v2\/users\/1"}],"replies":[{"embeddable":true,"href":"https:\/\/primermomento.com\/index.php?rest_route=%2Fwp%2Fv2%2Fcomments&post=291150"}],"version-history":[{"count":0,"href":"https:\/\/primermomento.com\/index.php?rest_route=\/wp\/v2\/posts\/291150\/revisions"}],"wp:attachment":[{"href":"https:\/\/primermomento.com\/index.php?rest_route=%2Fwp%2Fv2%2Fmedia&parent=291150"}],"wp:term":[{"taxonomy":"category","embeddable":true,"href":"https:\/\/primermomento.com\/index.php?rest_route=%2Fwp%2Fv2%2Fcategories&post=291150"},{"taxonomy":"post_tag","embeddable":true,"href":"https:\/\/primermomento.com\/index.php?rest_route=%2Fwp%2Fv2%2Ftags&post=291150"}],"curies":[{"name":"wp","href":"https:\/\/api.w.org\/{rel}","templated":true}]}}