{"id":291153,"date":"2017-06-15T08:52:52","date_gmt":"2017-06-15T12:52:52","guid":{"rendered":"http:\/\/primermomento.com\/?p=291153"},"modified":"2017-06-15T11:55:49","modified_gmt":"2017-06-15T15:55:49","slug":"tillerson-dice-una-america-central-mas-segura-sera-muy-util-para-eeuu","status":"publish","type":"post","link":"https:\/\/primermomento.com\/?p=291153","title":{"rendered":"Tillerson dice una Am\u00e9rica Central m\u00e1s segura ser\u00e1 muy \u00fatil para EEUU"},"content":{"rendered":"<p>WASHINGTON, Distrito de Columbia.- El secretario de Estado de Estados Unidos, Rex Tillerson, dirigi\u00f3 un mensaje de bienvenida durante la inauguraci\u00f3n de la Conferencia sobre la Prosperidad y la Seguridad en Centroam\u00e9rica.<\/p>\n<figure id=\"attachment_291154\" aria-describedby=\"caption-attachment-291154\" style=\"width: 300px\" class=\"wp-caption alignleft\"><img loading=\"lazy\" decoding=\"async\" class=\"size-medium wp-image-291154\" src=\"http:\/\/primermomento.com\/wp-content\/uploads\/2017\/06\/secretario-de-estado-eeuu-300x169.jpg\" alt=\"\" width=\"300\" height=\"169\" srcset=\"https:\/\/primermomento.com\/wp-content\/uploads\/2017\/06\/secretario-de-estado-eeuu-300x169.jpg 300w, https:\/\/primermomento.com\/wp-content\/uploads\/2017\/06\/secretario-de-estado-eeuu-768x432.jpg 768w, https:\/\/primermomento.com\/wp-content\/uploads\/2017\/06\/secretario-de-estado-eeuu-478x270.jpg 478w, https:\/\/primermomento.com\/wp-content\/uploads\/2017\/06\/secretario-de-estado-eeuu-500x281.jpg 500w, https:\/\/primermomento.com\/wp-content\/uploads\/2017\/06\/secretario-de-estado-eeuu-280x157.jpg 280w, https:\/\/primermomento.com\/wp-content\/uploads\/2017\/06\/secretario-de-estado-eeuu-638x359.jpg 638w, https:\/\/primermomento.com\/wp-content\/uploads\/2017\/06\/secretario-de-estado-eeuu-118x66.jpg 118w, https:\/\/primermomento.com\/wp-content\/uploads\/2017\/06\/secretario-de-estado-eeuu-479x269.jpg 479w, https:\/\/primermomento.com\/wp-content\/uploads\/2017\/06\/secretario-de-estado-eeuu.jpg 1023w\" sizes=\"auto, (max-width: 300px) 100vw, 300px\" \/><figcaption id=\"caption-attachment-291154\" class=\"wp-caption-text\">Rex Tillerson se\u00f1al\u00f3 que ser\u00e1 el secretario de Seguridad Nacional, John Kelly, quien abordar\u00e1 m\u00e1s a fondo el plan de seguridad en Centroam\u00e9rica durante su intervenci\u00f3n el viernes 16 de junio.<\/figcaption><\/figure>\n<p>Tillerson indic\u00f3 que \u201cfomentar la prosperidad en Am\u00e9rica Central es un componente fundamental\u201d en el esfuerzo estadounidense para reforzar la seguridad nacional, proteger las fronteras y los intereses econ\u00f3micos de EE.UU.<\/p>\n<p>\u201cLo que sucede en el Tri\u00e1ngulo del Norte afecta directamente la seguridad y los intereses econ\u00f3micos de EE.UU. y de otros paises de la regi\u00f3n. Una America Central m\u00e1s segura y m\u00e1s pr\u00f3spera ser\u00e1 muy \u00fatil para poner coto a la inmigraci\u00f3n peligrosa e ilegal, vencer a las pandillas y el narcotr\u00e1fico, as\u00ed como a poner fin a la corrupci\u00f3n de las econom\u00edas\u201d, expres\u00f3 Tillerson.<\/p>\n<p>La conferencia, a la que asisten l\u00edderes gubernamentales y empresariales de Estados Unidos, M\u00e9xico y Centroam\u00e9rica, abordar\u00e1 los retos en seguridad, gobernabilidad y econ\u00f3micos en el Tri\u00e1ngulo Norte que forman El Salvador, Guatemala y Honduras.<\/p>\n<p>Durante el encuentro de apertura participaron los presidentes de Honduras, Juan Orlando Hern\u00e1ndez y el de Guatemala, Jimmy Morales.<\/p>\n<p style=\"text-align: right;\"><span style=\"color: #ff0000;\"><em>VOANEWS<\/em><\/span><\/p>\n","protected":false},"excerpt":{"rendered":"<p>WASHINGTON, Distrito de Columbia.- El secretario de Estado de Estados Unidos, Rex Tillerson, dirigi\u00f3 un mensaje de bienvenida durante la inauguraci\u00f3n de la Conferencia sobre la Prosperidad y la Seguridad en Centroam\u00e9rica. Tillerson indic\u00f3 que \u201cfomentar la prosperidad en Am\u00e9rica Central es un componente fundamental\u201d en el esfuerzo estadounidense para reforzar la seguridad nacional, proteger [&hellip;]<\/p>\n","protected":false},"author":1,"featured_media":0,"comment_status":"open","ping_status":"open","sticky":false,"template":"","format":"standard","meta":{"_bbp_topic_count":0,"_bbp_reply_count":0,"_bbp_total_topic_count":0,"_bbp_total_reply_count":0,"_bbp_voice_count":0,"_bbp_anonymous_reply_count":0,"_bbp_topic_count_hidden":0,"_bbp_reply_count_hidden":0,"_bbp_forum_subforum_count":0,"footnotes":""},"categories":[60,31],"tags":[],"class_list":{"0":"post-291153","1":"post","2":"type-post","3":"status-publish","4":"format-standard","6":"category-titulares-del-dia","7":"category-estados-unidos"},"_links":{"self":[{"href":"https:\/\/primermomento.com\/index.php?rest_route=\/wp\/v2\/posts\/291153","targetHints":{"allow":["GET"]}}],"collection":[{"href":"https:\/\/primermomento.com\/index.php?rest_route=\/wp\/v2\/posts"}],"about":[{"href":"https:\/\/primermomento.com\/index.php?rest_route=\/wp\/v2\/types\/post"}],"author":[{"embeddable":true,"href":"https:\/\/primermomento.com\/index.php?rest_route=\/wp\/v2\/users\/1"}],"replies":[{"embeddable":true,"href":"https:\/\/primermomento.com\/index.php?rest_route=%2Fwp%2Fv2%2Fcomments&post=291153"}],"version-history":[{"count":0,"href":"https:\/\/primermomento.com\/index.php?rest_route=\/wp\/v2\/posts\/291153\/revisions"}],"wp:attachment":[{"href":"https:\/\/primermomento.com\/index.php?rest_route=%2Fwp%2Fv2%2Fmedia&parent=291153"}],"wp:term":[{"taxonomy":"category","embeddable":true,"href":"https:\/\/primermomento.com\/index.php?rest_route=%2Fwp%2Fv2%2Fcategories&post=291153"},{"taxonomy":"post_tag","embeddable":true,"href":"https:\/\/primermomento.com\/index.php?rest_route=%2Fwp%2Fv2%2Ftags&post=291153"}],"curies":[{"name":"wp","href":"https:\/\/api.w.org\/{rel}","templated":true}]}}