{"id":291158,"date":"2017-06-15T09:45:30","date_gmt":"2017-06-15T13:45:30","guid":{"rendered":"http:\/\/primermomento.com\/?p=291158"},"modified":"2017-06-15T12:51:19","modified_gmt":"2017-06-15T16:51:19","slug":"bani-concejal-participo-en-escuela-de-gestion-municipal-excelente","status":"publish","type":"post","link":"https:\/\/primermomento.com\/?p=291158","title":{"rendered":"BANI | Concejal particip\u00f3 en Escuela de Gesti\u00f3n Municipal Excelente"},"content":{"rendered":"<p>BAN\u00cd, Rep\u00fablica Dominicana.- Veintiocho alcaldes y regidores de once pa\u00edses latinoamericanos fueron seleccionados y becados para participar en la tercera edici\u00f3n de la Escuela de Gesti\u00f3n Municipal Excelente.<\/p>\n<figure id=\"attachment_291159\" aria-describedby=\"caption-attachment-291159\" style=\"width: 300px\" class=\"wp-caption alignleft\"><img loading=\"lazy\" decoding=\"async\" class=\"size-medium wp-image-291159\" src=\"http:\/\/primermomento.com\/wp-content\/uploads\/2017\/06\/Luis-Baez-y-certificado-300x200.jpg\" alt=\"\" width=\"300\" height=\"200\" \/><figcaption id=\"caption-attachment-291159\" class=\"wp-caption-text\">Luis B\u00e1ez cuando recibi\u00f3 el certificado de participaci\u00f3n en la tercera edici\u00f3n de la Escuela de Gesti\u00f3n Municipal Excelente.<\/figcaption><\/figure>\n<p>\u00abConocimos las experiencias exitosas que est\u00e1 desarrollando el Ayuntamiento de Alcobendas\u00bb, dijo el concejal (PRM) por el municipio de Ban\u00ed.<\/p>\n<p>La iniciativa tuvo como principal objetivo compartir el modelo de gesti\u00f3n de Alcobendas que le ha hecho merecedor de ser el \u00fanico Ayuntamiento de Espa\u00f1a con el m\u00e1ximo galard\u00f3n a la excelencia (EFQM Excellence Award).<\/p>\n<p>Los participantes en esta Escuela de Gesti\u00f3n visitaron los servicios e instalaciones municipales y conocieron de forma profunda la planificaci\u00f3n estrat\u00e9gica y presupuestaria.<\/p>\n<p>Asimismo, se informaron de los programas de bienestar social, pol\u00edtica cultural, limpieza y recogida de residuos s\u00f3lidos, parques p\u00fablicos, modelo de polic\u00eda local, gesti\u00f3n del deporte y comunicaci\u00f3n municipal.<\/p>\n<p style=\"text-align: right;\"><span style=\"color: #ff0000;\">Primer<\/span>Momento<\/p>\n<p>&nbsp;<\/p>\n","protected":false},"excerpt":{"rendered":"<p>BAN\u00cd, Rep\u00fablica Dominicana.- Veintiocho alcaldes y regidores de once pa\u00edses latinoamericanos fueron seleccionados y becados para participar en la tercera edici\u00f3n de la Escuela de Gesti\u00f3n Municipal Excelente. \u00abConocimos las experiencias exitosas que est\u00e1 desarrollando el Ayuntamiento de Alcobendas\u00bb, dijo el concejal (PRM) por el municipio de Ban\u00ed. La iniciativa tuvo como principal objetivo compartir [&hellip;]<\/p>\n","protected":false},"author":1,"featured_media":0,"comment_status":"open","ping_status":"open","sticky":false,"template":"","format":"standard","meta":{"_bbp_topic_count":0,"_bbp_reply_count":0,"_bbp_total_topic_count":0,"_bbp_total_reply_count":0,"_bbp_voice_count":0,"_bbp_anonymous_reply_count":0,"_bbp_topic_count_hidden":0,"_bbp_reply_count_hidden":0,"_bbp_forum_subforum_count":0,"footnotes":""},"categories":[60,32],"tags":[],"class_list":["post-291158","post","type-post","status-publish","format-standard","category-titulares-del-dia","category-lo-ultimo"],"_links":{"self":[{"href":"https:\/\/primermomento.com\/index.php?rest_route=\/wp\/v2\/posts\/291158","targetHints":{"allow":["GET"]}}],"collection":[{"href":"https:\/\/primermomento.com\/index.php?rest_route=\/wp\/v2\/posts"}],"about":[{"href":"https:\/\/primermomento.com\/index.php?rest_route=\/wp\/v2\/types\/post"}],"author":[{"embeddable":true,"href":"https:\/\/primermomento.com\/index.php?rest_route=\/wp\/v2\/users\/1"}],"replies":[{"embeddable":true,"href":"https:\/\/primermomento.com\/index.php?rest_route=%2Fwp%2Fv2%2Fcomments&post=291158"}],"version-history":[{"count":0,"href":"https:\/\/primermomento.com\/index.php?rest_route=\/wp\/v2\/posts\/291158\/revisions"}],"wp:attachment":[{"href":"https:\/\/primermomento.com\/index.php?rest_route=%2Fwp%2Fv2%2Fmedia&parent=291158"}],"wp:term":[{"taxonomy":"category","embeddable":true,"href":"https:\/\/primermomento.com\/index.php?rest_route=%2Fwp%2Fv2%2Fcategories&post=291158"},{"taxonomy":"post_tag","embeddable":true,"href":"https:\/\/primermomento.com\/index.php?rest_route=%2Fwp%2Fv2%2Ftags&post=291158"}],"curies":[{"name":"wp","href":"https:\/\/api.w.org\/{rel}","templated":true}]}}