{"id":291185,"date":"2017-06-17T11:22:06","date_gmt":"2017-06-17T15:22:06","guid":{"rendered":"http:\/\/primermomento.com\/?p=291185"},"modified":"2017-06-17T11:22:06","modified_gmt":"2017-06-17T15:22:06","slug":"bani-abinader-dice-ley-de-partidos-salvara-democracia","status":"publish","type":"post","link":"https:\/\/primermomento.com\/?p=291185","title":{"rendered":"BAN\u00cd | Abinader dice Ley de Partidos salvar\u00e1 democracia"},"content":{"rendered":"<p>BAN\u00cd, Rep\u00fablica Dominicana.- El excandidato presidencial por el Partido Revolucionario Moderno, Luis Abinader, reiter\u00f3 su organizaci\u00f3n ha fijado ya una posici\u00f3n sobre el sonado caso Odebrecht, la lucha contra la corrupci\u00f3n y la impunidad.<\/p>\n<figure id=\"attachment_291186\" aria-describedby=\"caption-attachment-291186\" style=\"width: 300px\" class=\"wp-caption alignleft\"><img loading=\"lazy\" decoding=\"async\" class=\"size-medium wp-image-291186\" src=\"http:\/\/primermomento.com\/wp-content\/uploads\/2017\/06\/Luis-Abinader8-300x225.jpg\" alt=\"\" width=\"300\" height=\"225\" srcset=\"https:\/\/primermomento.com\/wp-content\/uploads\/2017\/06\/Luis-Abinader8-300x225.jpg 300w, https:\/\/primermomento.com\/wp-content\/uploads\/2017\/06\/Luis-Abinader8-120x90.jpg 120w, https:\/\/primermomento.com\/wp-content\/uploads\/2017\/06\/Luis-Abinader8-500x375.jpg 500w, https:\/\/primermomento.com\/wp-content\/uploads\/2017\/06\/Luis-Abinader8-280x210.jpg 280w, https:\/\/primermomento.com\/wp-content\/uploads\/2017\/06\/Luis-Abinader8-638x479.jpg 638w, https:\/\/primermomento.com\/wp-content\/uploads\/2017\/06\/Luis-Abinader8-118x89.jpg 118w, https:\/\/primermomento.com\/wp-content\/uploads\/2017\/06\/Luis-Abinader8-479x359.jpg 479w, https:\/\/primermomento.com\/wp-content\/uploads\/2017\/06\/Luis-Abinader8.jpg 640w\" sizes=\"auto, (max-width: 300px) 100vw, 300px\" \/><figcaption id=\"caption-attachment-291186\" class=\"wp-caption-text\">Luis Abinader. Foto | PrimerMomento.<\/figcaption><\/figure>\n<p>Al preguntarle sobre si asumir\u00eda la inocencia de sus compa\u00f1eros de partido arrestados por sobornos, Abinader recalc\u00f3 hay que esperar a ver cu\u00e1l va a ser el dictamen de la C\u00e1mara Penal de la Corte Suprema de Justicia del pa\u00eds.<\/p>\n<p>Consultado sobre una posible reforma constitucional en el pa\u00eds para independizar el Poder Judicial, Abinader dijo que en un art\u00edculo de opini\u00f3n publicado por un diario nacional sostuvo que es necesario crear la figura del fiscal especial o independiente para que en los casos de corrupci\u00f3n p\u00fablica no intervenga el Poder Ejecutivo.<\/p>\n<p>En relaci\u00f3n al proyecto de ley de partidos pol\u00edticas y a una eventual reforma electoral, el l\u00edder opositor expres\u00f3 que la probable legislaci\u00f3n ha avanzado tanto que ya existe un consenso para que sean aprobados en el Congreso Nacional.<\/p>\n<p>Abinader considera que la crisis en que est\u00e1n sumergidos los partidos pol\u00edticos ha obligado a los legisladores a pensar y aprobar ambas legislaciones para salvar el sistema democr\u00e1tico.<\/p>\n<p>Luis Abinader estuvo visitando la Expo Mango 2017 que se celebra en la plazoleta del Ayuntamiento y en el parque central de Ban\u00ed entre los d\u00edas 14 y 18 de junio.<\/p>\n<p style=\"text-align: right;\"><span style=\"color: #ff0000;\">Primer<\/span>Momento<\/p>\n<p>&nbsp;<\/p>\n","protected":false},"excerpt":{"rendered":"<p>BAN\u00cd, Rep\u00fablica Dominicana.- El excandidato presidencial por el Partido Revolucionario Moderno, Luis Abinader, reiter\u00f3 su organizaci\u00f3n ha fijado ya una posici\u00f3n sobre el sonado caso Odebrecht, la lucha contra la corrupci\u00f3n y la impunidad. Al preguntarle sobre si asumir\u00eda la inocencia de sus compa\u00f1eros de partido arrestados por sobornos, Abinader recalc\u00f3 hay que esperar a [&hellip;]<\/p>\n","protected":false},"author":1,"featured_media":0,"comment_status":"open","ping_status":"open","sticky":false,"template":"","format":"standard","meta":{"_bbp_topic_count":0,"_bbp_reply_count":0,"_bbp_total_topic_count":0,"_bbp_total_reply_count":0,"_bbp_voice_count":0,"_bbp_anonymous_reply_count":0,"_bbp_topic_count_hidden":0,"_bbp_reply_count_hidden":0,"_bbp_forum_subforum_count":0,"footnotes":""},"categories":[30,60],"tags":[],"class_list":["post-291185","post","type-post","status-publish","format-standard","category-actualidad","category-titulares-del-dia"],"_links":{"self":[{"href":"https:\/\/primermomento.com\/index.php?rest_route=\/wp\/v2\/posts\/291185","targetHints":{"allow":["GET"]}}],"collection":[{"href":"https:\/\/primermomento.com\/index.php?rest_route=\/wp\/v2\/posts"}],"about":[{"href":"https:\/\/primermomento.com\/index.php?rest_route=\/wp\/v2\/types\/post"}],"author":[{"embeddable":true,"href":"https:\/\/primermomento.com\/index.php?rest_route=\/wp\/v2\/users\/1"}],"replies":[{"embeddable":true,"href":"https:\/\/primermomento.com\/index.php?rest_route=%2Fwp%2Fv2%2Fcomments&post=291185"}],"version-history":[{"count":0,"href":"https:\/\/primermomento.com\/index.php?rest_route=\/wp\/v2\/posts\/291185\/revisions"}],"wp:attachment":[{"href":"https:\/\/primermomento.com\/index.php?rest_route=%2Fwp%2Fv2%2Fmedia&parent=291185"}],"wp:term":[{"taxonomy":"category","embeddable":true,"href":"https:\/\/primermomento.com\/index.php?rest_route=%2Fwp%2Fv2%2Fcategories&post=291185"},{"taxonomy":"post_tag","embeddable":true,"href":"https:\/\/primermomento.com\/index.php?rest_route=%2Fwp%2Fv2%2Ftags&post=291185"}],"curies":[{"name":"wp","href":"https:\/\/api.w.org\/{rel}","templated":true}]}}