{"id":291359,"date":"2017-06-21T03:37:28","date_gmt":"2017-06-21T07:37:28","guid":{"rendered":"http:\/\/primermomento.com\/?p=291359"},"modified":"2017-06-21T19:41:32","modified_gmt":"2017-06-21T23:41:32","slug":"danilo-medina-hora-cero","status":"publish","type":"post","link":"https:\/\/primermomento.com\/?p=291359","title":{"rendered":"Danilo Medina hora CERO"},"content":{"rendered":"<p>Ahora si tenemos en nuestras manos todo lo concerniente a la corrupci\u00f3n del pa\u00eds, especialmente del grupo de Danilo y Leonel Fern\u00e1ndez, &#8211; casi estamos cantando VICTORIA.<\/p>\n<p><img loading=\"lazy\" decoding=\"async\" class=\"size-full wp-image-287129 alignleft\" src=\"http:\/\/primermomento.com\/wp-content\/uploads\/2017\/02\/Roman-Polanco131.jpg\" alt=\"\" width=\"188\" height=\"188\" srcset=\"https:\/\/primermomento.com\/wp-content\/uploads\/2017\/02\/Roman-Polanco131.jpg 188w, https:\/\/primermomento.com\/wp-content\/uploads\/2017\/02\/Roman-Polanco131-150x150.jpg 150w, https:\/\/primermomento.com\/wp-content\/uploads\/2017\/02\/Roman-Polanco131-50x50.jpg 50w, https:\/\/primermomento.com\/wp-content\/uploads\/2017\/02\/Roman-Polanco131-118x118.jpg 118w, https:\/\/primermomento.com\/wp-content\/uploads\/2017\/02\/Roman-Polanco131-30x30.jpg 30w\" sizes=\"auto, (max-width: 188px) 100vw, 188px\" \/>Todos los dominicanos estamos saboreando el primer triunfo popular desde la emergente Revoluci\u00f3n de abril 65; ahora contamos con m\u00e1s recursos de comunicaci\u00f3n personal y una Marcha Verde de pueblo que facilitar\u00eda todo el elemento log\u00edstico para salvar la patria, estamos en un momento hist\u00f3rico que no podemos perder, como se hizo cuando las elecciones de Danilo. Todos sab\u00edamos que Danilo nos enga\u00f1\u00f3 con Joao Santana y Roberto Rosario, pero jugaron con la inteligencia nuestra y no pudimos pasarles factura. La Junta Central Electoral no recibi\u00f3 la presi\u00f3n necesaria y le dejamos que las abortadas elecciones celebradas criaran esta situaci\u00f3n a que hemos llegado.<\/p>\n<p>En estos momentos varias organizaciones civiles han declarado la guerra del honor a Danilo Medina y su equipo de corruptos. Ya est\u00e1 bueno de vagabunder\u00edas y promesas fantasiosas, entendimos que debemos actuar y no dejar para ma\u00f1ana lo que tenemos que hacer hoy por la patria.<\/p>\n<p>En las pr\u00f3ximas horas daremos a conocer, mediante comunicado de prensa, nuestro apoyo contundente a ese desahogo del pa\u00eds.<br \/>\nComo ser humano, no comprendo el comportamiento de algunos personajes de nuestra sociedad, es il\u00f3gico que tenemos que contar con individuos o agente representativo, dentro del marco de la l\u00f3gica social, que burlan el quehacer. Gente que se aparta de la sociedad y se convierte en ende conductor de desgracia que influye con una naturaleza distinta a la colectiva.<\/p>\n<p>En estos individuos no existe una motivaci\u00f3n colectiva, solo rima el inter\u00e9s personal aliado a su aprobaci\u00f3n. Nunca se motivan por una convivencia unificadora social entre personas no aliadas. Muchos, est\u00e1n condicionados por un sentimiento de simpat\u00eda, que le arrebata otro en el compartir de acciones sobre la base de efectos y afectos de su propio grupo. Dejan de lado el termino filos\u00f3fico que dice: por mas ego\u00edsta que seas, alg\u00fan principio debes tener para interesarte por alguien fuera del grupo. Ni siquiera aparece en estos individuos un placer de contemplar la felicidad en otros. En ellos el ego\u00edsmo no establece l\u00edmites.<\/p>\n<p>Existe una motivaci\u00f3n humana de inter\u00e9s personal que no limita la construcci\u00f3n de una sociedad en armon\u00eda. Yo me identifico como un ser especial de una sociedad reciclada.<\/p>\n<p style=\"text-align: right;\"><span style=\"color: #ff0000;\">Rom\u00e1n Polanco<\/span><br \/>\n<span style=\"color: #ff0000;\"><em>Articulista<\/em><\/span><\/p>\n<p>&nbsp;<\/p>\n<p>&nbsp;<\/p>\n","protected":false},"excerpt":{"rendered":"<p>Ahora si tenemos en nuestras manos todo lo concerniente a la corrupci\u00f3n del pa\u00eds, especialmente del grupo de Danilo y Leonel Fern\u00e1ndez, &#8211; casi estamos cantando VICTORIA. Todos los dominicanos estamos saboreando el primer triunfo popular desde la emergente Revoluci\u00f3n de abril 65; ahora contamos con m\u00e1s recursos de comunicaci\u00f3n personal y una Marcha Verde [&hellip;]<\/p>\n","protected":false},"author":1,"featured_media":0,"comment_status":"open","ping_status":"open","sticky":false,"template":"","format":"standard","meta":{"_bbp_topic_count":0,"_bbp_reply_count":0,"_bbp_total_topic_count":0,"_bbp_total_reply_count":0,"_bbp_voice_count":0,"_bbp_anonymous_reply_count":0,"_bbp_topic_count_hidden":0,"_bbp_reply_count_hidden":0,"_bbp_forum_subforum_count":0,"footnotes":""},"categories":[33],"tags":[],"class_list":{"0":"post-291359","1":"post","2":"type-post","3":"status-publish","4":"format-standard","6":"category-opinion"},"_links":{"self":[{"href":"https:\/\/primermomento.com\/index.php?rest_route=\/wp\/v2\/posts\/291359","targetHints":{"allow":["GET"]}}],"collection":[{"href":"https:\/\/primermomento.com\/index.php?rest_route=\/wp\/v2\/posts"}],"about":[{"href":"https:\/\/primermomento.com\/index.php?rest_route=\/wp\/v2\/types\/post"}],"author":[{"embeddable":true,"href":"https:\/\/primermomento.com\/index.php?rest_route=\/wp\/v2\/users\/1"}],"replies":[{"embeddable":true,"href":"https:\/\/primermomento.com\/index.php?rest_route=%2Fwp%2Fv2%2Fcomments&post=291359"}],"version-history":[{"count":0,"href":"https:\/\/primermomento.com\/index.php?rest_route=\/wp\/v2\/posts\/291359\/revisions"}],"wp:attachment":[{"href":"https:\/\/primermomento.com\/index.php?rest_route=%2Fwp%2Fv2%2Fmedia&parent=291359"}],"wp:term":[{"taxonomy":"category","embeddable":true,"href":"https:\/\/primermomento.com\/index.php?rest_route=%2Fwp%2Fv2%2Fcategories&post=291359"},{"taxonomy":"post_tag","embeddable":true,"href":"https:\/\/primermomento.com\/index.php?rest_route=%2Fwp%2Fv2%2Ftags&post=291359"}],"curies":[{"name":"wp","href":"https:\/\/api.w.org\/{rel}","templated":true}]}}