{"id":291552,"date":"2017-06-27T05:51:06","date_gmt":"2017-06-27T09:51:06","guid":{"rendered":"http:\/\/primermomento.com\/?p=291552"},"modified":"2017-06-27T07:14:12","modified_gmt":"2017-06-27T11:14:12","slug":"bani-exdiputada-afirma-nuevo-impuesto-llevaria-911-a-la-provincia","status":"publish","type":"post","link":"https:\/\/primermomento.com\/?p=291552","title":{"rendered":"BAN\u00cd | Exdiputada afirma nuevo impuesto instalar\u00eda 911 en la provincia Peravia"},"content":{"rendered":"<p>BAN\u00cd, Rep\u00fablica Dominicana.- La exlegisladora Liseloth Arias se pronunci\u00f3 en favor de un gravamen a las telecomunicaciones porque eso vendr\u00eda a beneficiar a la provincia Peravia con la instalaci\u00f3n del 911 o l\u00ednea de emergencia. Al mismo tiempo, Arias respald\u00f3 un impuesto a las bebidas gaseosas porque evitar\u00eda la obesidad entre los j\u00f3venes.<\/p>\n<figure id=\"attachment_291553\" aria-describedby=\"caption-attachment-291553\" style=\"width: 300px\" class=\"wp-caption alignleft\"><img loading=\"lazy\" decoding=\"async\" class=\"size-medium wp-image-291553\" src=\"http:\/\/primermomento.com\/wp-content\/uploads\/2017\/06\/Liseloth-Arias-entrevistada-por-LDLS-300x225.jpg\" alt=\"\" width=\"300\" height=\"225\" srcset=\"https:\/\/primermomento.com\/wp-content\/uploads\/2017\/06\/Liseloth-Arias-entrevistada-por-LDLS-300x225.jpg 300w, https:\/\/primermomento.com\/wp-content\/uploads\/2017\/06\/Liseloth-Arias-entrevistada-por-LDLS-768x576.jpg 768w, https:\/\/primermomento.com\/wp-content\/uploads\/2017\/06\/Liseloth-Arias-entrevistada-por-LDLS-120x90.jpg 120w, https:\/\/primermomento.com\/wp-content\/uploads\/2017\/06\/Liseloth-Arias-entrevistada-por-LDLS-500x375.jpg 500w, https:\/\/primermomento.com\/wp-content\/uploads\/2017\/06\/Liseloth-Arias-entrevistada-por-LDLS-280x210.jpg 280w, https:\/\/primermomento.com\/wp-content\/uploads\/2017\/06\/Liseloth-Arias-entrevistada-por-LDLS-638x479.jpg 638w, https:\/\/primermomento.com\/wp-content\/uploads\/2017\/06\/Liseloth-Arias-entrevistada-por-LDLS-118x89.jpg 118w, https:\/\/primermomento.com\/wp-content\/uploads\/2017\/06\/Liseloth-Arias-entrevistada-por-LDLS-479x359.jpg 479w, https:\/\/primermomento.com\/wp-content\/uploads\/2017\/06\/Liseloth-Arias-entrevistada-por-LDLS.jpg 1013w\" sizes=\"auto, (max-width: 300px) 100vw, 300px\" \/><figcaption id=\"caption-attachment-291553\" class=\"wp-caption-text\">La licenciada Liseloth Arias cuando era entrevistada por el periodista Luis De Los Santos. Foto | Primer Momento.<\/figcaption><\/figure>\n<p>En una entrevista anterior, Arias se hab\u00eda opuesto a crear nuevos impuestos en el pa\u00eds, pero esta vez cambi\u00f3 de posici\u00f3n en momento en que se habla de una posible reforma fiscal.<\/p>\n<p><strong>UASD-BAN\u00cd<\/strong><\/p>\n<p>La exdiputada del gubernamental Partido de la Liberaci\u00f3n Dominicana por la provincia Peravia, aclar\u00f3 que el hecho de que la C\u00e1mara baja haya aprobado una resoluci\u00f3n que contemplar\u00eda una asignaci\u00f3n para la construcci\u00f3n de un edificio para el Centro UASD-Ban\u00ed no quiere decir que el Poder Ejecutivo se vea obligado a incluirlo en la Ley de Gastos P\u00fablicos.<\/p>\n<p>Arias, quien fue autora en la C\u00e1mara de Diputados de la propuesta de desafectaci\u00f3n de unos terrenos en Brisas de Guazuma del municipio de Ban\u00ed, donde se tiene previsto construir la ciudad universitaria, dijo eso tuvo que hacerse porque el lugar era un \u00e1rea verde. \u00abAll\u00ed tambi\u00e9n se construy\u00f3 una iglesia cat\u00f3lica\u00bb.<\/p>\n<p><strong>REGIDORES<\/strong><\/p>\n<p>La tambi\u00e9n proponente del proyecto de ley que cre\u00f3 la localidad de Matanzas como el tercer municipio de la provincia Peravia, no cree que sea necesario reducir el n\u00famero de regidores que tiene actualmente el Ayuntamiento de Ban\u00ed tras la nueva municipalidad.<\/p>\n<p><strong>GRANCERAS<\/strong><\/p>\n<p>La excongresista conden\u00f3 la depradaci\u00f3n del medio ambiente y los recursos naturales de la provincia Peravia, concretamente la extracci\u00f3n de materiales de construcci\u00f3n y la explotaci\u00f3n de granceras.<\/p>\n<p><strong>SOBORNOS<\/strong><\/p>\n<p>Cuando se le pregunt\u00f3 sobre el caso Odebrecht, los 14 imputados por los sobornos, y la posibilidad de que aparezcan m\u00e1s implicados en el esc\u00e1ndalo, la exdiputada sostuvo \u00abhay que asumir la presunci\u00f3n de la inocencia\u00bb.<\/p>\n<p>Dijo que apoya la lucha contra la corrupci\u00f3n y la impunidad, reconoce que el Movimiento Verde ha impactado, pero no le inquieta el crecimiento de esa marcha.<\/p>\n<p><strong>LEY DE PARTIDOS<\/strong><\/p>\n<p>Consider\u00f3 es inevitable la aprobaci\u00f3n de la ley de partidos pol\u00edticos porque vendr\u00eda a superar los problemas internos que tienen las organizaciones partidarias.<\/p>\n<p><strong>FISCAL INDEPENDIENTE<\/strong><\/p>\n<p>Como ella fue, adem\u00e1s, coautora de la ley que cre\u00f3 el Ministerio P\u00fablico, se le cuestion\u00f3 si apoyar\u00eda una eventual reforma constitucional que posibilitar\u00eda la creaci\u00f3n del fiscal especial o independiente para el combate de los casos de corrupci\u00f3n y la delincuencia pol\u00edtica, a lo que respondi\u00f3 \u00abno se pueden hacer enmiendas por conveniencias o asuntos coyunturales\u00bb.<\/p>\n<p><strong>REFER\u00c9NDUM<\/strong><\/p>\n<p>Sobre el refer\u00e9ndum revocatorio, uno de los art\u00edculos de la Constituci\u00f3n dominicana del a\u00f1o 2010, explic\u00f3 que no se puede aplicar a\u00fan porque no se ha aprobado una ley para su implementaci\u00f3n.<\/p>\n<p><strong>REELECCI\u00d3N<\/strong><\/p>\n<p>Al preguntarle si apoyar\u00eda una nueva repostulaci\u00f3n del presidente Danilo Medina para los comicios del a\u00f1o 2020, la miembro del Comit\u00e9 Central del oficialista Partido de la Liberaci\u00f3n Dominicana expres\u00f3 es muy prematuro para hablar de ese tema.<\/p>\n<p>La abogada, sic\u00f3loga y pol\u00edtica fue entrevistada en el programa dominical Primer Momento TV que se difunde los domingos de 1 a 2 pm por el canal 3 de Visi\u00f3n 3000.<\/p>\n<p style=\"text-align: right;\"><span style=\"color: #ff0000;\">Luis De Los Santos<\/span><br \/>\n<span style=\"color: #ff0000;\">Primer<\/span>Momento<\/p>\n","protected":false},"excerpt":{"rendered":"<p>BAN\u00cd, Rep\u00fablica Dominicana.- La exlegisladora Liseloth Arias se pronunci\u00f3 en favor de un gravamen a las telecomunicaciones porque eso vendr\u00eda a beneficiar a la provincia Peravia con la instalaci\u00f3n del 911 o l\u00ednea de emergencia. Al mismo tiempo, Arias respald\u00f3 un impuesto a las bebidas gaseosas porque evitar\u00eda la obesidad entre los j\u00f3venes. En una [&hellip;]<\/p>\n","protected":false},"author":1,"featured_media":0,"comment_status":"open","ping_status":"open","sticky":false,"template":"","format":"standard","meta":{"_bbp_topic_count":0,"_bbp_reply_count":0,"_bbp_total_topic_count":0,"_bbp_total_reply_count":0,"_bbp_voice_count":0,"_bbp_anonymous_reply_count":0,"_bbp_topic_count_hidden":0,"_bbp_reply_count_hidden":0,"_bbp_forum_subforum_count":0,"footnotes":""},"categories":[60,32],"tags":[],"class_list":["post-291552","post","type-post","status-publish","format-standard","category-titulares-del-dia","category-lo-ultimo"],"_links":{"self":[{"href":"https:\/\/primermomento.com\/index.php?rest_route=\/wp\/v2\/posts\/291552","targetHints":{"allow":["GET"]}}],"collection":[{"href":"https:\/\/primermomento.com\/index.php?rest_route=\/wp\/v2\/posts"}],"about":[{"href":"https:\/\/primermomento.com\/index.php?rest_route=\/wp\/v2\/types\/post"}],"author":[{"embeddable":true,"href":"https:\/\/primermomento.com\/index.php?rest_route=\/wp\/v2\/users\/1"}],"replies":[{"embeddable":true,"href":"https:\/\/primermomento.com\/index.php?rest_route=%2Fwp%2Fv2%2Fcomments&post=291552"}],"version-history":[{"count":0,"href":"https:\/\/primermomento.com\/index.php?rest_route=\/wp\/v2\/posts\/291552\/revisions"}],"wp:attachment":[{"href":"https:\/\/primermomento.com\/index.php?rest_route=%2Fwp%2Fv2%2Fmedia&parent=291552"}],"wp:term":[{"taxonomy":"category","embeddable":true,"href":"https:\/\/primermomento.com\/index.php?rest_route=%2Fwp%2Fv2%2Fcategories&post=291552"},{"taxonomy":"post_tag","embeddable":true,"href":"https:\/\/primermomento.com\/index.php?rest_route=%2Fwp%2Fv2%2Ftags&post=291552"}],"curies":[{"name":"wp","href":"https:\/\/api.w.org\/{rel}","templated":true}]}}