{"id":291562,"date":"2017-06-27T07:01:04","date_gmt":"2017-06-27T11:01:04","guid":{"rendered":"http:\/\/primermomento.com\/?p=291562"},"modified":"2017-06-27T19:15:46","modified_gmt":"2017-06-27T23:15:46","slug":"bani-buscaran-impugnar-decision-sobre-dietas-y-viaticos","status":"publish","type":"post","link":"https:\/\/primermomento.com\/?p=291562","title":{"rendered":"BAN\u00cd | Buscar\u00edan impugnar decisi\u00f3n sobre dietas y vi\u00e1ticos"},"content":{"rendered":"<p>BAN\u00cd, Rep\u00fablica Dominicana.- Aunque hayan actuado de acuerdo al art\u00edculo 90 de la ley 176-07 sobre dietas y vi\u00e1ticos para emitir una ordenanza en su propio beneficio, desde entonces los miembros del Concejo de Regidores han estado bajo escrutinio de muchos mun\u00edcipes en esta localidad.<\/p>\n<figure id=\"attachment_283663\" aria-describedby=\"caption-attachment-283663\" style=\"width: 300px\" class=\"wp-caption alignleft\"><img loading=\"lazy\" decoding=\"async\" class=\"size-medium wp-image-283663\" src=\"http:\/\/primermomento.com\/wp-content\/uploads\/2016\/11\/Hector-Moscat-300x225.jpg\" alt=\"\" width=\"300\" height=\"225\" srcset=\"https:\/\/primermomento.com\/wp-content\/uploads\/2016\/11\/Hector-Moscat-300x225.jpg 300w, https:\/\/primermomento.com\/wp-content\/uploads\/2016\/11\/Hector-Moscat-120x90.jpg 120w, https:\/\/primermomento.com\/wp-content\/uploads\/2016\/11\/Hector-Moscat-500x375.jpg 500w, https:\/\/primermomento.com\/wp-content\/uploads\/2016\/11\/Hector-Moscat-280x210.jpg 280w, https:\/\/primermomento.com\/wp-content\/uploads\/2016\/11\/Hector-Moscat-638x479.jpg 638w, https:\/\/primermomento.com\/wp-content\/uploads\/2016\/11\/Hector-Moscat-118x89.jpg 118w, https:\/\/primermomento.com\/wp-content\/uploads\/2016\/11\/Hector-Moscat-479x359.jpg 479w, https:\/\/primermomento.com\/wp-content\/uploads\/2016\/11\/Hector-Moscat.jpg 712w\" sizes=\"auto, (max-width: 300px) 100vw, 300px\" \/><figcaption id=\"caption-attachment-283663\" class=\"wp-caption-text\">H\u00e9ctor Moscat, presidente del Concejo de Regidores. Foto archivo | Primer Momento<\/figcaption><\/figure>\n<p>La andanada de cr\u00edtica por la red social de Facebook apunta a que la decisi\u00f3n de los ediles ser\u00eda en la pr\u00e1ctica como decretar un aumento salarial de 20 mil pesos al mes, pero el autor de la propuesta Diego Soto la justific\u00f3 bajo el argumento de que todos los funcionarios municipales tienen derecho a recibir compensaciones y vi\u00e1ticos por los gastos ocasionados en el ejercicio del cargo.<\/p>\n<p>Para las arcas del Ayuntamiento, ese incremento representa un extra de 260 mil pesos mensuales que no est\u00e1 contemplado en el actual presupuesto municipal, sin embargo la decisi\u00f3n del Concejo de Regidores obliga a la administraci\u00f3n del alcalde a buscar los recursos donde aparezcan para cumplir con esa resoluci\u00f3n.<\/p>\n<p>La medida es, obviamente, impopular y un edil, quien habl\u00f3 a condici\u00f3n de que no se revelara su nombre, amenaz\u00f3 con impugnarla o presentar una propuesta de revocaci\u00f3n en la pr\u00f3xima sesi\u00f3n del Concejo Municipal.<\/p>\n<p>Actualmente, el Ayuntamiento de Ban\u00ed maneja un presupuesto anual de alrededor de unos 200 millones de pesos. El 25% es para sueldos y salarios incluyendo el pago de pensiones. Esto es equivalente a 50 millones de pesos.<\/p>\n<p>De ese monto, se le paga al alcalde, vicealcaldesa y regidores un mill\u00f3n 95 mil pesos mensuales.<\/p>\n<p>El alcalde gana 92 mil pesos, la vicealcaldesa 54 mil pesos y los regidores perciben 53 mil pesos mensuales.<\/p>\n<p>Si se aplicara la medida de dietas y vi\u00e1ticos para los concejales, el pago anual para los 13 ediles, el alcalde y la vicealcaldesa ser\u00eda 14 millones 235 mil pesos, lo que representa el 28 por ciento del gasto de la n\u00f3mina del Ayuntamiento.<\/p>\n<p>No se ha hecho p\u00fablico si la Oficina del alcalde dispone de dietas y vi\u00e1ticos y cu\u00e1l es el monto de esa erogaci\u00f3n, ni tampoco se ha dicho si el jefe municipal maneja una cuenta a su discreci\u00f3n para gastos extras.<\/p>\n<p style=\"text-align: right;\"><span style=\"color: #ff0000;\">Luis De Los Santos<\/span><br \/>\n<span style=\"color: #ff0000;\">Primer<\/span>Momento<\/p>\n<p>&nbsp;<\/p>\n<p>&nbsp;<\/p>\n<p>&nbsp;<\/p>\n","protected":false},"excerpt":{"rendered":"<p>BAN\u00cd, Rep\u00fablica Dominicana.- Aunque hayan actuado de acuerdo al art\u00edculo 90 de la ley 176-07 sobre dietas y vi\u00e1ticos para emitir una ordenanza en su propio beneficio, desde entonces los miembros del Concejo de Regidores han estado bajo escrutinio de muchos mun\u00edcipes en esta localidad. La andanada de cr\u00edtica por la red social de Facebook [&hellip;]<\/p>\n","protected":false},"author":1,"featured_media":0,"comment_status":"open","ping_status":"open","sticky":false,"template":"","format":"standard","meta":{"_bbp_topic_count":0,"_bbp_reply_count":0,"_bbp_total_topic_count":0,"_bbp_total_reply_count":0,"_bbp_voice_count":0,"_bbp_anonymous_reply_count":0,"_bbp_topic_count_hidden":0,"_bbp_reply_count_hidden":0,"_bbp_forum_subforum_count":0,"footnotes":""},"categories":[30,60],"tags":[],"class_list":["post-291562","post","type-post","status-publish","format-standard","category-actualidad","category-titulares-del-dia"],"_links":{"self":[{"href":"https:\/\/primermomento.com\/index.php?rest_route=\/wp\/v2\/posts\/291562","targetHints":{"allow":["GET"]}}],"collection":[{"href":"https:\/\/primermomento.com\/index.php?rest_route=\/wp\/v2\/posts"}],"about":[{"href":"https:\/\/primermomento.com\/index.php?rest_route=\/wp\/v2\/types\/post"}],"author":[{"embeddable":true,"href":"https:\/\/primermomento.com\/index.php?rest_route=\/wp\/v2\/users\/1"}],"replies":[{"embeddable":true,"href":"https:\/\/primermomento.com\/index.php?rest_route=%2Fwp%2Fv2%2Fcomments&post=291562"}],"version-history":[{"count":0,"href":"https:\/\/primermomento.com\/index.php?rest_route=\/wp\/v2\/posts\/291562\/revisions"}],"wp:attachment":[{"href":"https:\/\/primermomento.com\/index.php?rest_route=%2Fwp%2Fv2%2Fmedia&parent=291562"}],"wp:term":[{"taxonomy":"category","embeddable":true,"href":"https:\/\/primermomento.com\/index.php?rest_route=%2Fwp%2Fv2%2Fcategories&post=291562"},{"taxonomy":"post_tag","embeddable":true,"href":"https:\/\/primermomento.com\/index.php?rest_route=%2Fwp%2Fv2%2Ftags&post=291562"}],"curies":[{"name":"wp","href":"https:\/\/api.w.org\/{rel}","templated":true}]}}