{"id":291575,"date":"2017-06-27T16:18:28","date_gmt":"2017-06-27T20:18:28","guid":{"rendered":"http:\/\/primermomento.com\/?p=291575"},"modified":"2017-06-27T16:18:28","modified_gmt":"2017-06-27T20:18:28","slug":"anuncian-candidatura-de-vargas-para-elecciones-dominicanas-del-2020","status":"publish","type":"post","link":"https:\/\/primermomento.com\/?p=291575","title":{"rendered":"Anuncian candidatura de Vargas para elecciones dominicanas del 2020"},"content":{"rendered":"<div class=\"fullNewsIntrotext\">SANTO DOMINGO, Rep\u00fablica Dominicana.- El canciller Miguel Vargas ser\u00e1 el candidato presidencial del Partido Revolucionario Dominicano (PRD) para las elecciones del 2020, anunci\u00f3 el director nacional ejecutivo de la organizaci\u00f3n, Carlos Gabriel Garc\u00eda, citado hoy por medios period\u00edsticos.<\/div>\n<div><\/div>\n<div class=\"fullNewsFulltext\">\n<figure id=\"attachment_288631\" aria-describedby=\"caption-attachment-288631\" style=\"width: 300px\" class=\"wp-caption alignright\"><img loading=\"lazy\" decoding=\"async\" class=\"size-medium wp-image-288631\" src=\"http:\/\/primermomento.com\/wp-content\/uploads\/2017\/03\/Miguel-Vargas-Maldonado1-300x200.jpg\" alt=\"\" width=\"300\" height=\"200\" srcset=\"https:\/\/primermomento.com\/wp-content\/uploads\/2017\/03\/Miguel-Vargas-Maldonado1-300x200.jpg 300w, https:\/\/primermomento.com\/wp-content\/uploads\/2017\/03\/Miguel-Vargas-Maldonado1-73x50.jpg 73w, https:\/\/primermomento.com\/wp-content\/uploads\/2017\/03\/Miguel-Vargas-Maldonado1-500x333.jpg 500w, https:\/\/primermomento.com\/wp-content\/uploads\/2017\/03\/Miguel-Vargas-Maldonado1-280x186.jpg 280w, https:\/\/primermomento.com\/wp-content\/uploads\/2017\/03\/Miguel-Vargas-Maldonado1-60x40.jpg 60w, https:\/\/primermomento.com\/wp-content\/uploads\/2017\/03\/Miguel-Vargas-Maldonado1-638x425.jpg 638w, https:\/\/primermomento.com\/wp-content\/uploads\/2017\/03\/Miguel-Vargas-Maldonado1-118x79.jpg 118w, https:\/\/primermomento.com\/wp-content\/uploads\/2017\/03\/Miguel-Vargas-Maldonado1-479x319.jpg 479w, https:\/\/primermomento.com\/wp-content\/uploads\/2017\/03\/Miguel-Vargas-Maldonado1.jpg 748w\" sizes=\"auto, (max-width: 300px) 100vw, 300px\" \/><figcaption id=\"caption-attachment-288631\" class=\"wp-caption-text\">Miguel Vargas Maldonado.<\/figcaption><\/figure>\n<p>Vargas ha demostrado como funcionario p\u00fablico que es un gerente y conoce los asuntos del Estado, a\u00f1adi\u00f3 Garc\u00eda quien tambi\u00e9n funge como viceministro de Relaciones Exteriores.<\/p>\n<p>Adem\u00e1s sostuvo que Vargas ha sido el dirigente pol\u00edtico dominicano m\u00e1s atacado en los \u00faltimos a\u00f1os, sin embargo, ninguno de sus opositores ha podido presentar una prueba que comprometa su honestidad personal. Seg\u00fan explic\u00f3, el PRD desde ahora aplica un ambicioso programa de reorganizaci\u00f3n en todo el pa\u00eds y las seccionales del exterior para poner sus estructuras en condiciones competitivas para las elecciones del 2020.<\/p>\n<p>Indic\u00f3 que Vargas encabez\u00f3 recientemente una reuni\u00f3n de la Comisi\u00f3n Pol\u00edtica, en la cual anunci\u00f3 que el partido entrar\u00e1 en las pr\u00f3ximas semanas en un proceso de dinamizaci\u00f3n que consolidar\u00e1 sus estructuras y le crear\u00e1 perspectivas electorales favorables.<\/p>\n<p>A\u00f1adi\u00f3 que por eso delegaciones de alto nivel del PRD realizar\u00e1n visitas a cada una de las provincias y se van a retomar las reuniones de las comisiones Presidencial, Ejecutiva y Pol\u00edtica, as\u00ed como la reorganizaci\u00f3n de todos los cuadros a nivel nacional.<\/p><\/div>\n<div><\/div>\n<div style=\"text-align: right;\"><span style=\"color: #ff0000;\"><em>PL<\/em><\/span><\/div>\n","protected":false},"excerpt":{"rendered":"<p>SANTO DOMINGO, Rep\u00fablica Dominicana.- El canciller Miguel Vargas ser\u00e1 el candidato presidencial del Partido Revolucionario Dominicano (PRD) para las elecciones del 2020, anunci\u00f3 el director nacional ejecutivo de la organizaci\u00f3n, Carlos Gabriel Garc\u00eda, citado hoy por medios period\u00edsticos. Vargas ha demostrado como funcionario p\u00fablico que es un gerente y conoce los asuntos del Estado, a\u00f1adi\u00f3 [&hellip;]<\/p>\n","protected":false},"author":1,"featured_media":0,"comment_status":"open","ping_status":"open","sticky":false,"template":"","format":"standard","meta":{"_bbp_topic_count":0,"_bbp_reply_count":0,"_bbp_total_topic_count":0,"_bbp_total_reply_count":0,"_bbp_voice_count":0,"_bbp_anonymous_reply_count":0,"_bbp_topic_count_hidden":0,"_bbp_reply_count_hidden":0,"_bbp_forum_subforum_count":0,"footnotes":""},"categories":[60,31],"tags":[],"class_list":{"0":"post-291575","1":"post","2":"type-post","3":"status-publish","4":"format-standard","6":"category-titulares-del-dia","7":"category-estados-unidos"},"_links":{"self":[{"href":"https:\/\/primermomento.com\/index.php?rest_route=\/wp\/v2\/posts\/291575","targetHints":{"allow":["GET"]}}],"collection":[{"href":"https:\/\/primermomento.com\/index.php?rest_route=\/wp\/v2\/posts"}],"about":[{"href":"https:\/\/primermomento.com\/index.php?rest_route=\/wp\/v2\/types\/post"}],"author":[{"embeddable":true,"href":"https:\/\/primermomento.com\/index.php?rest_route=\/wp\/v2\/users\/1"}],"replies":[{"embeddable":true,"href":"https:\/\/primermomento.com\/index.php?rest_route=%2Fwp%2Fv2%2Fcomments&post=291575"}],"version-history":[{"count":0,"href":"https:\/\/primermomento.com\/index.php?rest_route=\/wp\/v2\/posts\/291575\/revisions"}],"wp:attachment":[{"href":"https:\/\/primermomento.com\/index.php?rest_route=%2Fwp%2Fv2%2Fmedia&parent=291575"}],"wp:term":[{"taxonomy":"category","embeddable":true,"href":"https:\/\/primermomento.com\/index.php?rest_route=%2Fwp%2Fv2%2Fcategories&post=291575"},{"taxonomy":"post_tag","embeddable":true,"href":"https:\/\/primermomento.com\/index.php?rest_route=%2Fwp%2Fv2%2Ftags&post=291575"}],"curies":[{"name":"wp","href":"https:\/\/api.w.org\/{rel}","templated":true}]}}