{"id":291577,"date":"2017-06-27T16:22:15","date_gmt":"2017-06-27T20:22:15","guid":{"rendered":"http:\/\/primermomento.com\/?p=291577"},"modified":"2017-06-27T16:22:15","modified_gmt":"2017-06-27T20:22:15","slug":"gremios-del-sector-salud-reinician-protestas","status":"publish","type":"post","link":"https:\/\/primermomento.com\/?p=291577","title":{"rendered":"Gremios del sector salud reinician protestas"},"content":{"rendered":"<div class=\"fullNewsIntrotext\">SANTO DOMINGO, Rep\u00fablica Dominicana.- Los gremios dominicanos del sector salud reiniciaron hoy sus protestas despu\u00e9s de acusar al gobierno de incumplir los acuerdos suscritos con ellos en noviembre del 2016.<\/div>\n<div><\/div>\n<div class=\"fullNewsFulltext\"><img loading=\"lazy\" decoding=\"async\" class=\"size-medium wp-image-291578 alignright\" src=\"http:\/\/primermomento.com\/wp-content\/uploads\/2017\/06\/gremios-salud-300x199.jpeg\" alt=\"\" width=\"300\" height=\"199\" srcset=\"https:\/\/primermomento.com\/wp-content\/uploads\/2017\/06\/gremios-salud-300x199.jpeg 300w, https:\/\/primermomento.com\/wp-content\/uploads\/2017\/06\/gremios-salud-500x332.jpeg 500w, https:\/\/primermomento.com\/wp-content\/uploads\/2017\/06\/gremios-salud-280x186.jpeg 280w, https:\/\/primermomento.com\/wp-content\/uploads\/2017\/06\/gremios-salud-60x40.jpeg 60w, https:\/\/primermomento.com\/wp-content\/uploads\/2017\/06\/gremios-salud-638x423.jpeg 638w, https:\/\/primermomento.com\/wp-content\/uploads\/2017\/06\/gremios-salud-118x78.jpeg 118w, https:\/\/primermomento.com\/wp-content\/uploads\/2017\/06\/gremios-salud-479x318.jpeg 479w, https:\/\/primermomento.com\/wp-content\/uploads\/2017\/06\/gremios-salud-153x100.jpeg 153w, https:\/\/primermomento.com\/wp-content\/uploads\/2017\/06\/gremios-salud.jpeg 680w\" sizes=\"auto, (max-width: 300px) 100vw, 300px\" \/>Seg\u00fan los dirigentes gremiales Argentina Abreu, Virgilio Lebr\u00f3n y Julio C\u00e9sar Garc\u00eda, esos acuerdos solo se cumplen en la parte de las pensiones, pero no en lo relacionado con los aumentos de salarios y mejora de los hospitales.<\/p>\n<p>Indican que tampoco se han realizado cambios de designaciones, no se han repuesto las plazas vacantes, el personal contratado no ha sido nombrado debidamente y llueven las quejas por el mal trabajo de los hospitales.<\/p>\n<p>Agregaron que por parte del Gobierno no se evidencia la intenci\u00f3n de invertir el cinco por ciento del Producto Interno Bruto en el sector salud, como exigen los galenos, enfermeras y t\u00e9cnicos del sector.<\/p>\n<p>Es por todo ello que la Federaci\u00f3n Dominicana de Profesionales, T\u00e9cnicos y trabajadores de la salud, anuncia la decisi\u00f3n de unir sus fuerzas en procura de luchar por la mejor\u00eda de los servicios de la salud, a\u00f1adi\u00f3 Garc\u00eda a la prensa.<\/p><\/div>\n<div><\/div>\n<div style=\"text-align: right;\"><em><span style=\"color: #ff0000;\">PL<\/span><\/em><\/div>\n","protected":false},"excerpt":{"rendered":"<p>SANTO DOMINGO, Rep\u00fablica Dominicana.- Los gremios dominicanos del sector salud reiniciaron hoy sus protestas despu\u00e9s de acusar al gobierno de incumplir los acuerdos suscritos con ellos en noviembre del 2016. Seg\u00fan los dirigentes gremiales Argentina Abreu, Virgilio Lebr\u00f3n y Julio C\u00e9sar Garc\u00eda, esos acuerdos solo se cumplen en la parte de las pensiones, pero no [&hellip;]<\/p>\n","protected":false},"author":1,"featured_media":0,"comment_status":"open","ping_status":"open","sticky":false,"template":"","format":"standard","meta":{"_bbp_topic_count":0,"_bbp_reply_count":0,"_bbp_total_topic_count":0,"_bbp_total_reply_count":0,"_bbp_voice_count":0,"_bbp_anonymous_reply_count":0,"_bbp_topic_count_hidden":0,"_bbp_reply_count_hidden":0,"_bbp_forum_subforum_count":0,"footnotes":""},"categories":[30,60],"tags":[],"class_list":["post-291577","post","type-post","status-publish","format-standard","category-actualidad","category-titulares-del-dia"],"_links":{"self":[{"href":"https:\/\/primermomento.com\/index.php?rest_route=\/wp\/v2\/posts\/291577","targetHints":{"allow":["GET"]}}],"collection":[{"href":"https:\/\/primermomento.com\/index.php?rest_route=\/wp\/v2\/posts"}],"about":[{"href":"https:\/\/primermomento.com\/index.php?rest_route=\/wp\/v2\/types\/post"}],"author":[{"embeddable":true,"href":"https:\/\/primermomento.com\/index.php?rest_route=\/wp\/v2\/users\/1"}],"replies":[{"embeddable":true,"href":"https:\/\/primermomento.com\/index.php?rest_route=%2Fwp%2Fv2%2Fcomments&post=291577"}],"version-history":[{"count":0,"href":"https:\/\/primermomento.com\/index.php?rest_route=\/wp\/v2\/posts\/291577\/revisions"}],"wp:attachment":[{"href":"https:\/\/primermomento.com\/index.php?rest_route=%2Fwp%2Fv2%2Fmedia&parent=291577"}],"wp:term":[{"taxonomy":"category","embeddable":true,"href":"https:\/\/primermomento.com\/index.php?rest_route=%2Fwp%2Fv2%2Fcategories&post=291577"},{"taxonomy":"post_tag","embeddable":true,"href":"https:\/\/primermomento.com\/index.php?rest_route=%2Fwp%2Fv2%2Ftags&post=291577"}],"curies":[{"name":"wp","href":"https:\/\/api.w.org\/{rel}","templated":true}]}}