{"id":291589,"date":"2017-06-27T18:41:36","date_gmt":"2017-06-27T22:41:36","guid":{"rendered":"http:\/\/primermomento.com\/?p=291589"},"modified":"2017-06-27T21:45:28","modified_gmt":"2017-06-28T01:45:28","slug":"presidente-medina-lanza-plan-dominicana-limpia","status":"publish","type":"post","link":"https:\/\/primermomento.com\/?p=291589","title":{"rendered":"Presidente Medina lanza plan \u201cDominicana Limpia\u201d"},"content":{"rendered":"<p>SANTO DOMINGO, Rep\u00fablica Dominicana.- El Presidente de la Rep\u00fablica, Danilo Medina, anunci\u00f3 hoy el Plan Dominicana Limpia. Con este, busca ofrecer una soluci\u00f3n integral a los problemas generados por los residuos s\u00f3lidos.<\/p>\n<figure id=\"attachment_291607\" aria-describedby=\"caption-attachment-291607\" style=\"width: 300px\" class=\"wp-caption alignleft\"><img loading=\"lazy\" decoding=\"async\" class=\"size-medium wp-image-291607\" src=\"http:\/\/primermomento.com\/wp-content\/uploads\/2017\/06\/medina-lanza-plan-300x200.jpg\" alt=\"\" width=\"300\" height=\"200\" srcset=\"https:\/\/primermomento.com\/wp-content\/uploads\/2017\/06\/medina-lanza-plan-300x200.jpg 300w, https:\/\/primermomento.com\/wp-content\/uploads\/2017\/06\/medina-lanza-plan-768x512.jpg 768w, https:\/\/primermomento.com\/wp-content\/uploads\/2017\/06\/medina-lanza-plan-1024x683.jpg 1024w, https:\/\/primermomento.com\/wp-content\/uploads\/2017\/06\/medina-lanza-plan-73x50.jpg 73w, https:\/\/primermomento.com\/wp-content\/uploads\/2017\/06\/medina-lanza-plan-500x333.jpg 500w, https:\/\/primermomento.com\/wp-content\/uploads\/2017\/06\/medina-lanza-plan-280x187.jpg 280w, https:\/\/primermomento.com\/wp-content\/uploads\/2017\/06\/medina-lanza-plan-60x40.jpg 60w, https:\/\/primermomento.com\/wp-content\/uploads\/2017\/06\/medina-lanza-plan-638x425.jpg 638w, https:\/\/primermomento.com\/wp-content\/uploads\/2017\/06\/medina-lanza-plan-118x79.jpg 118w, https:\/\/primermomento.com\/wp-content\/uploads\/2017\/06\/medina-lanza-plan-479x319.jpg 479w, https:\/\/primermomento.com\/wp-content\/uploads\/2017\/06\/medina-lanza-plan.jpg 1200w\" sizes=\"auto, (max-width: 300px) 100vw, 300px\" \/><figcaption id=\"caption-attachment-291607\" class=\"wp-caption-text\"><br \/>Acompa\u00f1an al mandatario los ministros Jos\u00e9 Ram\u00f3n Peralta, Gustavo Montalvo, Francisco Dom\u00ednguez Brito y Carlos Amarante Baret. Foto: Presidencia RD.<\/figcaption><\/figure>\n<p>As\u00ed, se lograr\u00e1 mejorar la salud p\u00fablica y dignificar el aspecto de las comunidades del pa\u00eds.<\/p>\n<p>En un acto que cont\u00f3 con la presencia de m\u00e1s de 150 alcaldes, m\u00e1s de 230 directores de distritos municipales y 158 regidores, el Presidente afirm\u00f3 que el Plan prestar\u00e1 especial atenci\u00f3n a los tres principales productores de basura en el pa\u00eds: El Gran Santo Domingo, Santiago y la provincia La Altagracia. \u201cCon este objetivo, he designado una comisi\u00f3n que en un plazo de 90 d\u00edas deber\u00e1 presentar un plan de intervenci\u00f3n para estas tres importantes \u00e1reas del pa\u00eds.\u201d<\/p>\n<p>El Plan, adem\u00e1s, implica desde la educaci\u00f3n ciudadana, la recolecci\u00f3n y disposici\u00f3n final de los residuos s\u00f3lidos y el establecimiento de puntos limpios y centros de acopio, hasta la compra de equipos para los ayuntamientos, la intervenci\u00f3n de los vertederos y el reciclaje con un enfoque de las 3Rs: reducir, reutilizar y reciclar.<\/p>\n<p>\u201cEn concreto,\u201d expres\u00f3 el Presidente, \u201ccalculamos que hasta el 51 por ciento de la basura que se produce en el pa\u00eds se puede reciclar. Y con este reciclaje podemos obtener materiales de gran utilidad, como abono o combustible, y con ello generar recursos para el pa\u00eds.\u201d<\/p>\n<p>En este sentido, un aspecto fundamental del Plan Dominicana Limpia ser\u00e1 la educaci\u00f3n, desde la primaria, y la capacitaci\u00f3n y concienciaci\u00f3n de los j\u00f3venes y adultos.<\/p>\n<p>Seg\u00fan lo anunciado por el Presidente, el monto total invertido en los pr\u00f3ximos seis meses ser\u00e1 de 318 millones de pesos. Posteriormente el Gobierno va a aportar 500 millones de pesos, cada a\u00f1o, hasta el a\u00f1o 2020.<\/p>\n<p>El primer mandatario anunci\u00f3 que el tercer s\u00e1bado del mes de septiembre de cada a\u00f1o se celebrar\u00e1 el \u201cD\u00eda Nacional de la Limpieza\u201d, un d\u00eda de movilizaci\u00f3n nacional para generar conciencia y trabajar juntos por un pa\u00eds limpio y saludable.<\/p>\n<p>Medina concluy\u00f3 diciendo que Dominicana Limpia \u201ctiene muchas vertientes, est\u00e1 pensado de forma integral y cada uno de sus aspectos es positivo, para los dominicanos y para el medio ambiente\u201d.<\/p>\n<p>\u201cEn pocas palabras, este es un proyecto que nos har\u00e1 estar a\u00fan m\u00e1s orgullosos de nuestro pa\u00eds. Orgullosos de caminar por calles limpias, por playas cuidadas, por r\u00edos cristalinos.\u201d<\/p>\n<p>\u201cVamos a trabajar sin descanso para que este hogar com\u00fan, que es la Rep\u00fablica Dominicana, esta casa de todos, esta patria que nos une, se muestre resplandeciente y refleje nuestro amor por ella\u201d.<\/p>\n<p>El convenio de alianza p\u00fablico privada para la implementaci\u00f3n de dicho Plan fue firmado, en presencia del mandatario de la naci\u00f3n, por la Liga Municipal Dominicana (LMD), la Direcci\u00f3n General de Programas Especiales de la Presidencia (DIGEPEP), la Federaci\u00f3n Dominicana de Municipios (FEDOMU) y la Cervecer\u00eda Nacional Dominicana.<\/p>\n<p>En el evento, adem\u00e1s del Presidente de la Rep\u00fablica, tomaron la palabra Domingo Contreras, director de DIGEPEP; Johnny Jones, secretario de la Liga; Rafael Hidalgo, presidente de FEDOMU; Franklin Le\u00f3n, presidente de la Cervecer\u00eda Nacional Dominicana, y Francisco Dom\u00ednguez Brito, ministro de Medio Ambiente y Recursos Naturales.<\/p>\n<p>Al final del acto, el ministro de la Presidencia, Gustavo Montalvo, coment\u00f3 \u201cEste plan es un ejemplo m\u00e1s de c\u00f3mo el Gobierno sigue trabajando, en alianza con el sector privado y junto a los gobiernos locales, sean del partido que sean, para mejorar la vida de los dominicanos.\u201d<\/p>\n<p>El presidente Medina estuvo acompa\u00f1ado por los ministros Gustavo Montalvo, de la Presidencia; Jos\u00e9 Ram\u00f3n Peralta, Administrativo de la Presidencia; Francisco Dom\u00ednguez Brito, de Medio Ambiente y Recursos Naturales; Andr\u00e9s Navarro, de Educaci\u00f3n; Carlos Amarante Baret, de Interior y Polic\u00eda y Flavio Dar\u00edo Espinal, consultor jur\u00eddico del Poder Ejecutivo.<\/p>\n<p>Adem\u00e1s, Domingo Contreras, director de Programas Especiales de la Presidencia (DIGEPEP); Alfredo Mart\u00ednez, alcalde de Santo Domingo Este; Jhonny Jones, secretario de la Liga Municipal Dominicana; Rafael Hidalgo, presidente de la Federaci\u00f3n Dominicana de Municipios (FEDOMU); Ram\u00f3n Santos, presidente de la Federaci\u00f3n Dominicana de Distritos Municipales (FEDODIM); Franklin Le\u00f3n, presidente de la Cervecer\u00eda Nacional Dominicana, y Jorge Luis Bison\u00f3, coordinador de Dominicana Limpia.<\/p>\n<p style=\"text-align: right;\"><span style=\"color: #ff0000;\"><em>Direcci\u00f3n de Informaci\u00f3n y Comunicaciones Presidencia de la Rep\u00fablica<\/em><\/span><\/p>\n<p>&nbsp;<\/p>\n","protected":false},"excerpt":{"rendered":"<p>SANTO DOMINGO, Rep\u00fablica Dominicana.- El Presidente de la Rep\u00fablica, Danilo Medina, anunci\u00f3 hoy el Plan Dominicana Limpia. Con este, busca ofrecer una soluci\u00f3n integral a los problemas generados por los residuos s\u00f3lidos. As\u00ed, se lograr\u00e1 mejorar la salud p\u00fablica y dignificar el aspecto de las comunidades del pa\u00eds. En un acto que cont\u00f3 con la [&hellip;]<\/p>\n","protected":false},"author":1,"featured_media":0,"comment_status":"open","ping_status":"open","sticky":false,"template":"","format":"standard","meta":{"_bbp_topic_count":0,"_bbp_reply_count":0,"_bbp_total_topic_count":0,"_bbp_total_reply_count":0,"_bbp_voice_count":0,"_bbp_anonymous_reply_count":0,"_bbp_topic_count_hidden":0,"_bbp_reply_count_hidden":0,"_bbp_forum_subforum_count":0,"footnotes":""},"categories":[30,60],"tags":[],"class_list":["post-291589","post","type-post","status-publish","format-standard","category-actualidad","category-titulares-del-dia"],"_links":{"self":[{"href":"https:\/\/primermomento.com\/index.php?rest_route=\/wp\/v2\/posts\/291589","targetHints":{"allow":["GET"]}}],"collection":[{"href":"https:\/\/primermomento.com\/index.php?rest_route=\/wp\/v2\/posts"}],"about":[{"href":"https:\/\/primermomento.com\/index.php?rest_route=\/wp\/v2\/types\/post"}],"author":[{"embeddable":true,"href":"https:\/\/primermomento.com\/index.php?rest_route=\/wp\/v2\/users\/1"}],"replies":[{"embeddable":true,"href":"https:\/\/primermomento.com\/index.php?rest_route=%2Fwp%2Fv2%2Fcomments&post=291589"}],"version-history":[{"count":0,"href":"https:\/\/primermomento.com\/index.php?rest_route=\/wp\/v2\/posts\/291589\/revisions"}],"wp:attachment":[{"href":"https:\/\/primermomento.com\/index.php?rest_route=%2Fwp%2Fv2%2Fmedia&parent=291589"}],"wp:term":[{"taxonomy":"category","embeddable":true,"href":"https:\/\/primermomento.com\/index.php?rest_route=%2Fwp%2Fv2%2Fcategories&post=291589"},{"taxonomy":"post_tag","embeddable":true,"href":"https:\/\/primermomento.com\/index.php?rest_route=%2Fwp%2Fv2%2Ftags&post=291589"}],"curies":[{"name":"wp","href":"https:\/\/api.w.org\/{rel}","templated":true}]}}