{"id":291722,"date":"2017-07-05T05:18:54","date_gmt":"2017-07-05T09:18:54","guid":{"rendered":"http:\/\/primermomento.com\/?p=291722"},"modified":"2017-07-05T19:26:04","modified_gmt":"2017-07-05T23:26:04","slug":"del-sur-osas-de-familia","status":"publish","type":"post","link":"https:\/\/primermomento.com\/?p=291722","title":{"rendered":"Del sur | Cosas de familia"},"content":{"rendered":"<p><em>\u201cLos que para tener libertad de prensa <\/em><\/p>\n<p><em>y derechos constitucionales <\/em><\/p>\n<p><em>compraron diarios y radios y plantas de TV <\/em><\/p>\n<p><em>con todo y periodistas y locutores y camar\u00f3grafos <\/em><\/p>\n<p><em>y compraron la constituci\u00f3n pol\u00edtica con todo y <\/em><\/p>\n<p><em>Asamblea Legislativa y Corte Suprema de Justicia.\u201d<\/em><\/p>\n<p>Roque Dalton<\/p>\n<p>Aquilatar en todo su esplendor lo ocurrido el viernes con la presentaci\u00f3n p\u00fablica de los comisionados resulta imposible. \u00a0Ni Ad\u00e1n al morder la manzana tuvo las sensaciones a las que nos vimos expuestos frente al televisor y que pudimos adivinarles a los protagonistas, porque el corporal es un lenguaje que no acompa\u00f1a a las palabras cuando se utilizan para mentir.<\/p>\n<p><img loading=\"lazy\" decoding=\"async\" class=\"size-medium wp-image-280855 alignleft\" src=\"http:\/\/primermomento.com\/wp-content\/uploads\/2016\/09\/Guillermo-Cifuentes3-300x194.jpg\" alt=\"\" width=\"300\" height=\"194\" \/>El tema del nuevo Sistema Electoral est\u00e1 pendiente de ser abordado, pero hay un aspecto de la crisis que suele no considerarse y es el resplandor con que se nos muestra el funcionamiento del Sistema Pol\u00edtico, la historia reciente y los acuerdos evidentes entre los actores de siempre. Si bien la crisis se torna sin ninguna duda en una crisis notable, est\u00e1 muy lejos de ser una crisis de notables: ellos, los hijos del declarado padre de la democracia, siguen sin una gota de verg\u00fcenza haciendo lo de siempre. Los mayores y los descendientes de los mayores.<\/p>\n<p>La imagen de los comisionados que vimos en televisi\u00f3n deber\u00eda provocar una profunda revisi\u00f3n del m\u00e9todo del an\u00e1lisis pol\u00edtico, del estudio del lenguaje no verbal, del por qu\u00e9 aquello de <em>\u201cLa verdad nos har\u00e1 libres\u201d<\/em> es ahora parte de alg\u00fan evangelio ap\u00f3crifo.\u00a0 Aun m\u00e1s, ese espect\u00e1culo nos confronta a la urgencia de entender un nuevo g\u00e9nero literario que celebra el cumplimiento de la ley y a la vez indica que es necesario cambiarla. Ni hablar de c\u00f3mo se justifica y se defiende aquello de que al grande y poderoso no se le debe aplicar la ley puesto que exigir tal desm\u00e1n puede generar gastos. La impunidad es entonces, fuente de ahorro fiscal.<\/p>\n<p>Este servidor, luego de asegurarse de que estaba despierto y en estado de alerta, decidi\u00f3 dedicarse a organizador de una cadena de oraci\u00f3n para liberar a una familia dominicana -varias veces ungida con las delicias del poder desde Trujillo- de la <em>\u201ccontrarreacci\u00f3n\u201d<\/em> y de <em>\u201clas maldiciones tan grandes\u201d<\/em> ya expresadas en la traviesa condena de que el todopoderoso haya conseguido que a dos de sus miembros la lengua les funcione antes que el cerebro. Ni hablar del tratado de comunicaci\u00f3n verbal y corporal al que nos referimos m\u00e1s arriba: las gesticulaciones faciales con las que alguno de los comisionados enterr\u00f3 toda posibilidad de que la puesta en escena pudiera ser tomada en serio cuando se defendi\u00f3 la inocencia del colega que reside por estos d\u00edas en Najayo sospechoso de haber sido sobornado. El desmentido no dej\u00f3 lugar a dudas: aquello no era una Comisi\u00f3n, en realidad era una comunidad.<\/p>\n<p>Nos hemos propuesto ser positivos, as\u00ed que empecemos por reconocer el privilegio que \u00a0sentimos por la posibilidad de verlos tambi\u00e9n sin sonido. Ese ejercicio en primer lugar sirvi\u00f3 para recordar a Macron.\u00a0\u00a0 Luego las entra\u00f1as mismas de la duda me desafiaron y me pregunt\u00e9 qu\u00e9 suger\u00eda tama\u00f1o espect\u00e1culo ante la imposibilidad de cuestionar la condici\u00f3n de notables de quienes integran la comisi\u00f3n. Y es que lo de notables no puede ser puesto en duda: no son notables, son notabil\u00edsimos. Mirando la imagen frisada me lleg\u00f3 desde las profundidades de la historia y de los peri\u00f3dicos viejos una voz que incesantemente repet\u00eda \u00a0\u201c\u00a1Todos somos balagueristas!\u201d<\/p>\n<p>\u00bfSer\u00e1 que lo ocurrido es parte de la revoluci\u00f3n educativa? \u00bfSer\u00e1 que fuimos visitados sorpresivamente en nuestros hogares por el pasado, por ese grupo conformado por un cura empresario, un recluso (cuyo aporte al trabajo de la Comisi\u00f3n nadie puede poner en duda), por varios reconocidos empresarios y por sus empleados? Lo m\u00e1s concluyente de sus recomendaciones es subirle el valor al terreno donde se construye la planta a carb\u00f3n. Y dado el hecho de que sus conclusiones no tienen ning\u00fan valor institucional, ninguna importancia jur\u00eddica, ni son vinculantes con nada, solo ser\u00e1n utilizadas sin suerte, como un ensayo de consecuencias pol\u00edticas y como argumento vocinglero de radio, de televisi\u00f3n y hasta de columnas en los medios escritos.<\/p>\n<p>Las 285 p\u00e1ginas son tambi\u00e9n definitivas para poder entender, siendo el mundo tan grande, el por qu\u00e9 Odebrecht decidi\u00f3 localizar en esta media isla <em>\u201cLa Divisi\u00f3n de Operaciones Estructuradas <\/em>(que)<em> funcion\u00f3 efectivamente como un departamento de sobornos con Odebrecht y sus entidades relacionadas.\u201d<\/em><\/p>\n<p>No estar\u00e1 mal estudiar tambi\u00e9n el significado de las 2.500 horas\/hombre \u00bfser\u00e1 porque no hab\u00eda ninguna mujer comisionada? \u00bfY cu\u00e1ntas horas de esas se necesitar\u00e1n para decir la verdad? \u00bfO ser\u00e1 que se ha llegado al extremo nerudiano de que la verdad se ha endurecido hasta la mentira?<\/p>\n<p>Se equivocan los que hablan de que no se avanza pues han dejado claramente establecido que se avanza hacia donde casi nadie quiere moverse.<\/p>\n<p>Y como de lluvias de cuestionamientos se trata, vale preguntarse hoy \u00bfluego de ser abandonada por una pareja de empresarios cu\u00e1les son los verdaderos componentes de la \u201cMarcha Verde\u201d? \u00bfquienes son los verdes?\u00bfse pueden ver de otra manera? \u00a0\u00bfno ser\u00e1 que la masividad, el orden, la decencia de la Marcha Verde se debe precisamente\u00a0 a que algunos no est\u00e9n en ella? No est\u00e1n los viejos convocantes a las iniciativas democr\u00e1ticas siempre frustrantes con su instrumentaci\u00f3n de las organizaciones populares para negociar con el curita sus intereses, con tan poco inter\u00e9s nacional, con tan escaso sabor de pueblo y tan poco democr\u00e1tico.\u00a0 \u00bfO no<\/p>\n<p>es \u00e9se el sabor de todo lo que cocina FINJUS, ANJE, CONEP y ahora la antigua aliada de los verdes, la AIRD, con su profunda vocaci\u00f3n residencial palaciega?<\/p>\n<p>La historia contin\u00faa.\u00a0 Y si bien los deshonestos tienen derecho a creer que todav\u00eda quedan muchas alternativas, los <em>\u201ctalentos nacionales\u201d<\/em> deben saber que ya entregaron su alma al diablo, a los c\u00edvicos de siempre, a los del golpe de Estado, a los que se quedaron con todo y que sobreviven haciendo acuerdos con el tigueraje. \u00a0Esos mismos que cuando pasan la cuenta no son precisamente agradecidos ni democr\u00e1ticos. Si la marcha del 16 de julio vuelve a ser exitosa, les quedar\u00e1 solo el camino de la represi\u00f3n\u2026 y adivinen qui\u00e9nes ser\u00e1n los responsables.<\/p>\n<p>Hace unas semanas, refiri\u00e9ndome al reglamento del Consejo Nacional de la Magistratura, cuestionaba si <em>\u201calguien pudiera explicarle a este pa\u00eds con una hilacha de teor\u00eda pol\u00edtica qu\u00e9 hace el CONEP opinando sobre estos temas\u201d.\u00a0 <\/em>No esper\u00e1bamos una respuesta tan r\u00e1pida. Veamos lo ocurrido estas semanas: Los cabilderos del CONEP, o mejor todav\u00eda, \u201csu cabildero\u201d acab\u00f3 con el Consejo Nacional de la Magistratura por ser, en su opini\u00f3n, incompetentes sus integrantes, incluyendo al presidente que no estudi\u00f3 leyes.\u00a0 Ahora ese mismo CONEP promueve los candidatos del CONEP, que de seguro cumplen todos los requisitos exigidos en el formulario propuesto por&#8230; el CONEP. As\u00ed no se puede.\u00a0\u00a0\u00a0 La pregunta es instant\u00e1nea \u00bfqu\u00e9 significa para los <em>\u201cincompetentes\u201d<\/em> integrantes del Consejo de la Magistratura a la hora de elegir que un candidato haya sido propuesto por el CONEP.<\/p>\n<p>Anoto estas evidencias p\u00fablicas para mostrar que si algo tienen las crisis es que unen no solamente a los que anhelan el cambio, tambi\u00e9n se unen los que quieren impedirlo.\u00a0 La alianza pol\u00edtica empresarial que explica m\u00e1s de cincuenta a\u00f1os de falta de democracia, de poca institucionalidad ha quedado frente a todo el mundo sin posibilidad de enga\u00f1ar a nadie.<\/p>\n<p>Con todas sus desolaciones, los pol\u00edticos y pol\u00edticas que no est\u00e1n en el gobierno han estado mejor que sus eternos detractores c\u00edvicos.\u00a0 Salvo el <em>\u201ccandidato \u00fanico\u201d<\/em> -que tiene candidato <em>\u201cindependiente\u201d<\/em> para el Tribunal Supremo Electoral- todos y todas han estado mucho m\u00e1s avispados.<\/p>\n<p>Se hace evidente que todo est\u00e1 entrando a una nueva etapa, un nuevo per\u00edodo muy marcado por el hecho de que ya a los sectores m\u00e1s retardatarios no solo se les est\u00e1n acabando las razones, ya tampoco les quedan argumentos. No fueron suficientes las intervenciones telef\u00f3nicas y la mensajer\u00eda en Internet, las fotograf\u00edas para amedrentar o la genialidad de proponer que la Marcha Verde se transforme en partido, idea que fue celebrada por los viudos de Joao con abundantes brindis pero que los verdes se bebieron con agua.<\/p>\n<p>Desde la escena pol\u00edtica no debiera esperarse una salida de libreto, aunque ya es posible adivinar a los profetas, los inefables t\u00e1cticos, que desde hace casi seis d\u00e9cadas aparecen cada cuatro a\u00f1os, en cualquier contexto, con el tesis m\u00e1s selecta para que todo siga igual: <em>\u201cUnidad de la oposici\u00f3n\u201d<\/em>.<\/p>\n<p style=\"text-align: right;\"><span style=\"color: #ff0000;\">Guillermo Cifuentes<\/span><br \/>\n<span style=\"color: #ff0000;\"><em>Articulista<\/em><\/span><\/p>\n","protected":false},"excerpt":{"rendered":"<p>\u201cLos que para tener libertad de prensa y derechos constitucionales compraron diarios y radios y plantas de TV con todo y periodistas y locutores y camar\u00f3grafos y compraron la constituci\u00f3n pol\u00edtica con todo y Asamblea Legislativa y Corte Suprema de Justicia.\u201d Roque Dalton Aquilatar en todo su esplendor lo ocurrido el viernes con la presentaci\u00f3n [&hellip;]<\/p>\n","protected":false},"author":1,"featured_media":0,"comment_status":"open","ping_status":"open","sticky":false,"template":"","format":"standard","meta":{"_bbp_topic_count":0,"_bbp_reply_count":0,"_bbp_total_topic_count":0,"_bbp_total_reply_count":0,"_bbp_voice_count":0,"_bbp_anonymous_reply_count":0,"_bbp_topic_count_hidden":0,"_bbp_reply_count_hidden":0,"_bbp_forum_subforum_count":0,"footnotes":""},"categories":[33],"tags":[],"class_list":{"0":"post-291722","1":"post","2":"type-post","3":"status-publish","4":"format-standard","6":"category-opinion"},"_links":{"self":[{"href":"https:\/\/primermomento.com\/index.php?rest_route=\/wp\/v2\/posts\/291722","targetHints":{"allow":["GET"]}}],"collection":[{"href":"https:\/\/primermomento.com\/index.php?rest_route=\/wp\/v2\/posts"}],"about":[{"href":"https:\/\/primermomento.com\/index.php?rest_route=\/wp\/v2\/types\/post"}],"author":[{"embeddable":true,"href":"https:\/\/primermomento.com\/index.php?rest_route=\/wp\/v2\/users\/1"}],"replies":[{"embeddable":true,"href":"https:\/\/primermomento.com\/index.php?rest_route=%2Fwp%2Fv2%2Fcomments&post=291722"}],"version-history":[{"count":0,"href":"https:\/\/primermomento.com\/index.php?rest_route=\/wp\/v2\/posts\/291722\/revisions"}],"wp:attachment":[{"href":"https:\/\/primermomento.com\/index.php?rest_route=%2Fwp%2Fv2%2Fmedia&parent=291722"}],"wp:term":[{"taxonomy":"category","embeddable":true,"href":"https:\/\/primermomento.com\/index.php?rest_route=%2Fwp%2Fv2%2Fcategories&post=291722"},{"taxonomy":"post_tag","embeddable":true,"href":"https:\/\/primermomento.com\/index.php?rest_route=%2Fwp%2Fv2%2Ftags&post=291722"}],"curies":[{"name":"wp","href":"https:\/\/api.w.org\/{rel}","templated":true}]}}