{"id":291736,"date":"2017-07-05T17:30:56","date_gmt":"2017-07-05T21:30:56","guid":{"rendered":"http:\/\/primermomento.com\/?p=291736"},"modified":"2017-07-05T21:33:09","modified_gmt":"2017-07-06T01:33:09","slug":"interpol-emite-orden-de-captura-contra-castellanos-por-sobornos-odebrecht","status":"publish","type":"post","link":"https:\/\/primermomento.com\/?p=291736","title":{"rendered":"Interpol emite orden de captura contra Castellanos por sobornos Odebrecht"},"content":{"rendered":"<p>SANTO DOMINGO, Rep\u00fablica Dominicana.- La Polic\u00eda Internacional (Interpol) emiti\u00f3 una orden de captura contra Bernardo Castellanos de Moya, uno de los 14 imputados por la Procuradur\u00eda General de la Rep\u00fablica por el caso de los sobornos que pag\u00f3 en el pa\u00eds la constructora brasile\u00f1a Odebrecht.<\/p>\n<figure id=\"attachment_291737\" aria-describedby=\"caption-attachment-291737\" style=\"width: 300px\" class=\"wp-caption alignleft\"><img loading=\"lazy\" decoding=\"async\" class=\"size-medium wp-image-291737\" src=\"http:\/\/primermomento.com\/wp-content\/uploads\/2017\/07\/Bernardo-Castellanos-de-Moya-300x200.jpg\" alt=\"\" width=\"300\" height=\"200\" srcset=\"https:\/\/primermomento.com\/wp-content\/uploads\/2017\/07\/Bernardo-Castellanos-de-Moya-300x200.jpg 300w, https:\/\/primermomento.com\/wp-content\/uploads\/2017\/07\/Bernardo-Castellanos-de-Moya-73x50.jpg 73w, https:\/\/primermomento.com\/wp-content\/uploads\/2017\/07\/Bernardo-Castellanos-de-Moya-500x333.jpg 500w, https:\/\/primermomento.com\/wp-content\/uploads\/2017\/07\/Bernardo-Castellanos-de-Moya-280x186.jpg 280w, https:\/\/primermomento.com\/wp-content\/uploads\/2017\/07\/Bernardo-Castellanos-de-Moya-60x40.jpg 60w, https:\/\/primermomento.com\/wp-content\/uploads\/2017\/07\/Bernardo-Castellanos-de-Moya-118x79.jpg 118w, https:\/\/primermomento.com\/wp-content\/uploads\/2017\/07\/Bernardo-Castellanos-de-Moya-479x319.jpg 479w, https:\/\/primermomento.com\/wp-content\/uploads\/2017\/07\/Bernardo-Castellanos-de-Moya.jpg 580w\" sizes=\"auto, (max-width: 300px) 100vw, 300px\" \/><figcaption id=\"caption-attachment-291737\" class=\"wp-caption-text\">Bernardo Castellanos de Moya.<\/figcaption><\/figure>\n<p>Castellanos de Moya, quien se desempe\u00f1\u00f3 como director t\u00e9cnico de la Empresa de Generaci\u00f3n Hidroel\u00e9ctrica Dominicana (Egehid) entre 2000 y 2004, hab\u00eda informado que se encuentra cumpliendo compromisos profesionales en Panam\u00e1 y, aunque desde el principio asegur\u00f3 que se presentar\u00eda ante la justicia una vez concluya, a\u00fan no se ha regresado al pa\u00eds.<\/p>\n<p>Ante su ausencia, el juez de Instrucci\u00f3n Especial de la Suprema Corte de Justicia, Francisco Ortega Polanco, decidi\u00f3 separar su expediente, y continuar con los dem\u00e1s 13 imputados, entre los cuales figuran los exministros Tem\u00edstocles Mont\u00e1s y V\u00edctor D\u00edaz R\u00faa, as\u00ed como el exvicepresidente de la CDEEE, Radham\u00e9s Segura.<\/p>\n<p>Asimismo, los senadores Julio C\u00e9sar Valent\u00edn y Tommy Gal\u00e1n, el diputado Alfredo Pacheco, el presidente del Partido Revolucionario Moderno, Andr\u00e9s Bautista, el empresario \u00c1ngel Rond\u00f3n, a quien se vincula con la distribuci\u00f3n de los sobornos, y el abogado Conrado Pittaluga, entre otros, a quienes se les impuso medidas de coerci\u00f3n.<\/p>\n<p style=\"text-align: right;\"><em><span style=\"color: #ff0000;\">EFE<\/span><\/em><\/p>\n<p>&nbsp;<\/p>\n","protected":false},"excerpt":{"rendered":"<p>SANTO DOMINGO, Rep\u00fablica Dominicana.- La Polic\u00eda Internacional (Interpol) emiti\u00f3 una orden de captura contra Bernardo Castellanos de Moya, uno de los 14 imputados por la Procuradur\u00eda General de la Rep\u00fablica por el caso de los sobornos que pag\u00f3 en el pa\u00eds la constructora brasile\u00f1a Odebrecht. Castellanos de Moya, quien se desempe\u00f1\u00f3 como director t\u00e9cnico de [&hellip;]<\/p>\n","protected":false},"author":1,"featured_media":0,"comment_status":"open","ping_status":"open","sticky":false,"template":"","format":"standard","meta":{"_bbp_topic_count":0,"_bbp_reply_count":0,"_bbp_total_topic_count":0,"_bbp_total_reply_count":0,"_bbp_voice_count":0,"_bbp_anonymous_reply_count":0,"_bbp_topic_count_hidden":0,"_bbp_reply_count_hidden":0,"_bbp_forum_subforum_count":0,"footnotes":""},"categories":[60,31],"tags":[],"class_list":{"0":"post-291736","1":"post","2":"type-post","3":"status-publish","4":"format-standard","6":"category-titulares-del-dia","7":"category-estados-unidos"},"_links":{"self":[{"href":"https:\/\/primermomento.com\/index.php?rest_route=\/wp\/v2\/posts\/291736","targetHints":{"allow":["GET"]}}],"collection":[{"href":"https:\/\/primermomento.com\/index.php?rest_route=\/wp\/v2\/posts"}],"about":[{"href":"https:\/\/primermomento.com\/index.php?rest_route=\/wp\/v2\/types\/post"}],"author":[{"embeddable":true,"href":"https:\/\/primermomento.com\/index.php?rest_route=\/wp\/v2\/users\/1"}],"replies":[{"embeddable":true,"href":"https:\/\/primermomento.com\/index.php?rest_route=%2Fwp%2Fv2%2Fcomments&post=291736"}],"version-history":[{"count":0,"href":"https:\/\/primermomento.com\/index.php?rest_route=\/wp\/v2\/posts\/291736\/revisions"}],"wp:attachment":[{"href":"https:\/\/primermomento.com\/index.php?rest_route=%2Fwp%2Fv2%2Fmedia&parent=291736"}],"wp:term":[{"taxonomy":"category","embeddable":true,"href":"https:\/\/primermomento.com\/index.php?rest_route=%2Fwp%2Fv2%2Fcategories&post=291736"},{"taxonomy":"post_tag","embeddable":true,"href":"https:\/\/primermomento.com\/index.php?rest_route=%2Fwp%2Fv2%2Ftags&post=291736"}],"curies":[{"name":"wp","href":"https:\/\/api.w.org\/{rel}","templated":true}]}}