{"id":291780,"date":"2017-07-07T12:02:10","date_gmt":"2017-07-07T16:02:10","guid":{"rendered":"http:\/\/primermomento.com\/?p=291780"},"modified":"2017-07-07T13:05:16","modified_gmt":"2017-07-07T17:05:16","slug":"creacion-de-empleos-se-acelero-mas-de-lo-previsto-en-junio","status":"publish","type":"post","link":"https:\/\/primermomento.com\/?p=291780","title":{"rendered":"Creaci\u00f3n de empleos se aceler\u00f3 m\u00e1s de lo previsto en junio"},"content":{"rendered":"<div class=\"wsw\">\n<p>WASHINGTON, Distrito de Columbia.- La creaci\u00f3n de empleo en Estados Unidos se aceler\u00f3 m\u00e1s a lo previsto en junio y los empleadores aumentaron las horas de los trabajadores, en se\u00f1ales de fortaleza del mercado laboral que podr\u00edan mantener a la Reserva Federal en curso a una tercera alza de las tasas de inter\u00e9s este a\u00f1o, pese a una inflaci\u00f3n contenida.<\/p>\n<figure id=\"attachment_275074\" aria-describedby=\"caption-attachment-275074\" style=\"width: 300px\" class=\"wp-caption alignleft\"><img loading=\"lazy\" decoding=\"async\" class=\"size-medium wp-image-275074\" src=\"http:\/\/primermomento.com\/wp-content\/uploads\/2016\/05\/desempleo-eeuu-300x169.jpg\" alt=\"\" width=\"300\" height=\"169\" srcset=\"https:\/\/primermomento.com\/wp-content\/uploads\/2016\/05\/desempleo-eeuu-300x169.jpg 300w, https:\/\/primermomento.com\/wp-content\/uploads\/2016\/05\/desempleo-eeuu-478x270.jpg 478w, https:\/\/primermomento.com\/wp-content\/uploads\/2016\/05\/desempleo-eeuu-500x281.jpg 500w, https:\/\/primermomento.com\/wp-content\/uploads\/2016\/05\/desempleo-eeuu-280x158.jpg 280w, https:\/\/primermomento.com\/wp-content\/uploads\/2016\/05\/desempleo-eeuu-638x359.jpg 638w, https:\/\/primermomento.com\/wp-content\/uploads\/2016\/05\/desempleo-eeuu-118x66.jpg 118w, https:\/\/primermomento.com\/wp-content\/uploads\/2016\/05\/desempleo-eeuu-479x269.jpg 479w, https:\/\/primermomento.com\/wp-content\/uploads\/2016\/05\/desempleo-eeuu.jpg 640w\" sizes=\"auto, (max-width: 300px) 100vw, 300px\" \/><figcaption id=\"caption-attachment-275074\" class=\"wp-caption-text\">El desempleo en EE.UU. podr\u00eda caer al 4,9% seg\u00fan analistas de la Oficina de Estad\u00eddsticas Laborales.<\/figcaption><\/figure>\n<p>Las n\u00f3minas no agr\u00edcolas de Estados Unidos aumentaron en 222.000 puestos de trabajo el mes pasado, dijo el viernes el Departamento de Trabajo, superando las expectativas de los economistas de la creaci\u00f3n de 179.000 plazas.<\/p>\n<p>En tanto, la tasa de desempleo subi\u00f3 a un 4,4% desde el m\u00ednimo en 16 a\u00f1os de 4,3%, pero eso se debi\u00f3 a que m\u00e1s personas buscaban empleo, una se\u00f1al de confianza en el mercado laboral.<\/p>\n<p>Sin embargo, los salarios promedio por hora aumentaron en junio apenas 4 centavos de d\u00f3lar, o un 0,2%, despu\u00e9s de haber subido un 0,1% en mayo. El resultado dej\u00f3 el incremento anualizado de sueldos de trabajadores en 2,5% desde el 2,4% de mayo.<\/p>\n<p style=\"text-align: right;\"><span style=\"color: #ff0000;\"><em>VOANEWS<\/em><\/span><\/p>\n<\/div>\n","protected":false},"excerpt":{"rendered":"<p>WASHINGTON, Distrito de Columbia.- La creaci\u00f3n de empleo en Estados Unidos se aceler\u00f3 m\u00e1s a lo previsto en junio y los empleadores aumentaron las horas de los trabajadores, en se\u00f1ales de fortaleza del mercado laboral que podr\u00edan mantener a la Reserva Federal en curso a una tercera alza de las tasas de inter\u00e9s este a\u00f1o, [&hellip;]<\/p>\n","protected":false},"author":1,"featured_media":0,"comment_status":"open","ping_status":"open","sticky":false,"template":"","format":"standard","meta":{"_bbp_topic_count":0,"_bbp_reply_count":0,"_bbp_total_topic_count":0,"_bbp_total_reply_count":0,"_bbp_voice_count":0,"_bbp_anonymous_reply_count":0,"_bbp_topic_count_hidden":0,"_bbp_reply_count_hidden":0,"_bbp_forum_subforum_count":0,"footnotes":""},"categories":[35,60],"tags":[],"class_list":{"0":"post-291780","1":"post","2":"type-post","3":"status-publish","4":"format-standard","6":"category-economia","7":"category-titulares-del-dia"},"_links":{"self":[{"href":"https:\/\/primermomento.com\/index.php?rest_route=\/wp\/v2\/posts\/291780","targetHints":{"allow":["GET"]}}],"collection":[{"href":"https:\/\/primermomento.com\/index.php?rest_route=\/wp\/v2\/posts"}],"about":[{"href":"https:\/\/primermomento.com\/index.php?rest_route=\/wp\/v2\/types\/post"}],"author":[{"embeddable":true,"href":"https:\/\/primermomento.com\/index.php?rest_route=\/wp\/v2\/users\/1"}],"replies":[{"embeddable":true,"href":"https:\/\/primermomento.com\/index.php?rest_route=%2Fwp%2Fv2%2Fcomments&post=291780"}],"version-history":[{"count":0,"href":"https:\/\/primermomento.com\/index.php?rest_route=\/wp\/v2\/posts\/291780\/revisions"}],"wp:attachment":[{"href":"https:\/\/primermomento.com\/index.php?rest_route=%2Fwp%2Fv2%2Fmedia&parent=291780"}],"wp:term":[{"taxonomy":"category","embeddable":true,"href":"https:\/\/primermomento.com\/index.php?rest_route=%2Fwp%2Fv2%2Fcategories&post=291780"},{"taxonomy":"post_tag","embeddable":true,"href":"https:\/\/primermomento.com\/index.php?rest_route=%2Fwp%2Fv2%2Ftags&post=291780"}],"curies":[{"name":"wp","href":"https:\/\/api.w.org\/{rel}","templated":true}]}}